{"id":11351,"date":"2025-08-19T15:52:21","date_gmt":"2025-08-19T13:52:21","guid":{"rendered":"https:\/\/informationdemocracy.org\/2025\/08\/19\/faire-avancer-les-solutions-politiques-contre-la-desinformation-climatique-troisieme-session-du-groupe-de-travail\/"},"modified":"2025-11-06T12:38:01","modified_gmt":"2025-11-06T11:38:01","slug":"faire-avancer-les-solutions-politiques-contre-la-desinformation-climatique-troisieme-session-du-groupe-de-travail","status":"publish","type":"post","link":"https:\/\/informationdemocracy.org\/fr\/2025\/08\/19\/faire-avancer-les-solutions-politiques-contre-la-desinformation-climatique-troisieme-session-du-groupe-de-travail\/","title":{"rendered":"D\u00e9velopper des solutions contre la d\u00e9sinformation climatique : troisi\u00e8me session du groupe de travail d\u00e9di\u00e9"},"content":{"rendered":"\n<p><strong><strong>Le 3 juillet 2025, le Partenariat pour l\u2019Information et la D\u00e9mocratie a tenu sa troisi\u00e8me session \u00e0 huis clos dans le cadre de son groupe de travail sur le renforcement de l\u2019int\u00e9grit\u00e9 de l\u2019information sur le changement climatique et autres enjeux environnementaux. Copr\u00e9sid\u00e9e par l\u2019Arm\u00e9nie et le Br\u00e9sil, cette r\u00e9union a \u00e9t\u00e9 d\u00e9cisive, passant du diagnostic des d\u00e9fis pos\u00e9s par la d\u00e9sinformation climatique \u00e0 l\u2019exploration de solutions politiques concr\u00e8tes.<\/strong><br><br><\/strong>\u00c0 l\u2019approche de la COP30 (Br\u00e9sil) et de la COP17 (Arm\u00e9nie), cette session a permis de clarifier les possibilit\u00e9s r\u00e9glementaires et institutionnelles pour int\u00e9grer l\u2019int\u00e9grit\u00e9 de l\u2019information \u00e0 l\u2019agenda de la gouvernance climatique. Les participants ont convenu que le d\u00e9fi ne se limite plus \u00e0 d\u00e9construire de fausses informations, mais consiste \u00e0 d\u00e9velopper des cadres capables de s\u2019attaquer aux causes syst\u00e9miques de la d\u00e9sinformation climatique.<br><br><\/p>\n\n\n\n<h2 class=\"wp-block-heading\">Diagnostic<\/h2>\n\n\n\n<p><\/p>\n\n\n\n<p>En s\u2019appuyant sur les analyses des sessions pr\u00e9c\u00e9dentes, les participants se sont int\u00e9ress\u00e9s \u00e0 l\u2019\u00e9volution de la d\u00e9sinformation climatique. Les experts ont soulign\u00e9 que le d\u00e9ni pur et simple a largement c\u00e9d\u00e9 la place \u00e0 des tactiques plus insidieuses de \u00ab scepticisme strat\u00e9gique \u00bb, comme l\u2019a d\u00e9crit le Professeur Klaus Bruhn Jensen du Panel international sur l\u2019environnement informationnel (IPIE).<\/p>\n\n\n\n<p>L\u2019objectif de cette approche n\u2019est pas de nier les faits mais de retarder l\u2019action, en pr\u00e9sentant la lutte contre le changement climatique comme incertaine, co\u00fbteuse ou irr\u00e9aliste. Ces r\u00e9cits, souvent amplifi\u00e9s par les int\u00e9r\u00eats des industries fossiles, des acteurs politiques et de certains m\u00e9dias, ciblent les d\u00e9cideurs publics et fragilisent le consensus afin de retarder r\u00e9gulations et mesures.<\/p>\n\n\n\n<p><\/p>\n\n\n\n<p><\/p>\n\n\n\n<h2 class=\"wp-block-heading\">Analyse du cadre r\u00e9glementaire<\/h2>\n\n\n\n<p><\/p>\n\n\n\n<p>Dans ce contexte, les participants ont examin\u00e9 les cadres juridiques et r\u00e9glementaires existants. Parmi les exemples \u00e9voqu\u00e9s figuraient le Code de conduite australien et le Digital Services Act (DSA) de l\u2019Union europ\u00e9enne. Bien qu\u2019encore \u00e0 un stade pr\u00e9coce de mise en \u0153uvre, ces instruments pourraient inspirer des approches sp\u00e9cifiques \u00e0 la d\u00e9sinformation climatique.<\/p>\n\n\n\n<p>Nina Santos, de la Pr\u00e9sidence br\u00e9silienne, a d\u2019abord rappel\u00e9 que les mesures r\u00e9glementaires doivent respecter la libert\u00e9 d\u2019expression et la libert\u00e9 de la presse. Elle a ensuite \u00e9voqu\u00e9 un r\u00e9cent arr\u00eat de la Cour supr\u00eame br\u00e9silienne qui marque un changement majeur dans la responsabilit\u00e9 des plateformes, en les red\u00e9finissant comme des acteurs actifs responsables des contenus, introduisant ainsi de nouvelles obligations et appelant \u00e0 un suivi l\u00e9gislatif \u00e0 travers un projet de loi sur les services num\u00e9riques.<\/p>\n\n\n\n<p>Ces exemples montrent que si la r\u00e9gulation peut constituer une base, les solutions efficaces n\u00e9cessitent des mesures compl\u00e9mentaires de transparence, de responsabilit\u00e9 et de collaboration intersectorielle.<\/p>\n\n\n\n<p><\/p>\n\n\n\n<p><\/p>\n\n\n\n<h2 class=\"wp-block-heading\">Quatre leviers cl\u00e9s pour lutter contre la d\u00e9sinformation climatique<\/h2>\n\n\n\n<p><\/p>\n\n\n\n<p>Les experts du Center for Countering Digital Hate, du Conscious Advertising Network et du Forum ont identifi\u00e9 quatre leviers essentiels pour inverser cette tendance :<\/p>\n\n\n\n<ol class=\"wp-block-list\">\n<li><strong>Responsabilisation des plateformes et de la publicit\u00e9 en ligne<\/strong>\u00a0: r\u00e9duire la port\u00e9e et la rentabilit\u00e9 des syst\u00e8mes algorithmiques et publicitaires qui amplifient le d\u00e9ni et tirent profit de la d\u00e9sinformation est la priorit\u00e9 absolue. Cela suppose \u00e9galement une transparence accrue de l\u2019ensemble du syst\u00e8me publicitaire, afin de permettre aux entreprises de placer leurs annonces de mani\u00e8re responsable.<\/li>\n\n\n\n<li><strong>Transparence des pollueurs et des lobbies<\/strong>\u00a0: lutter contre les int\u00e9r\u00eats des industries fossiles, qui financent souvent des campagnes trompeuses et des efforts de \u00ab greenwashing \u00bb, en citant des mesures telles que l\u2019interdiction de la publicit\u00e9 pour les combustibles fossiles \u00e0 La Haye ou la directive europ\u00e9enne sur les all\u00e9gations environnementales (\u00ab Green Claims Directive \u00bb).<\/li>\n\n\n\n<li><strong>Protection contre les op\u00e9rations d\u2019influence coordonn\u00e9es<\/strong>\u00a0: notamment lors de moments de forte visibilit\u00e9 politique, comme les \u00e9lections ou les sommets de la COP.<\/li>\n\n\n\n<li><strong>Recherche transversale et transparence des donn\u00e9es<\/strong>\u00a0: favoriser des strat\u00e9gies fond\u00e9es sur des observations scientifiques, gr\u00e2ce \u00e0 des outils tels que l\u2019article 40 du DSA ou l\u2019Initiative mondiale pour l\u2019int\u00e9grit\u00e9 de l\u2019information de l\u2019UNESCO.<\/li>\n<\/ol>\n\n\n\n<p>Prises ensemble, ces mesures dessinent une approche multi niveaux combinant r\u00e9gulation, transparence et collaboration pour faire face \u00e0 la d\u00e9sinformation climatique<\/p>\n\n\n\n<p><\/p>\n\n\n\n<p><\/p>\n\n\n\n<h2 class=\"wp-block-heading\">Conclusion<\/h2>\n\n\n\n<p><\/p>\n\n\n\n<p>La r\u00e9union s\u2019est conclue par un appel \u00e0 renforcer la recherche et le partage des connaissances, non seulement sur la d\u00e9sinformation climatique mais aussi sur les r\u00e9cits environnementaux plus larges. Le Forum r\u00e9unira \u00e0 nouveau le groupe de travail en octobre, avec un accent particulier sur les d\u00e9fis li\u00e9s \u00e0 l\u2019int\u00e9grit\u00e9 de l\u2019information concernant la biodiversit\u00e9 et autres enjeux environnementaux.<\/p>\n\n\n\n<p>En encourageant une compr\u00e9hension collective et l\u2019innovation politique, le Partenariat pour l\u2019Information et la D\u00e9mocratie r\u00e9affirme son engagement \u00e0 prot\u00e9ger l\u2019int\u00e9grit\u00e9 de l\u2019information face aux d\u00e9fis environnementaux mondiaux. Les conclusions du groupe de travail continueront d\u2019alimenter les discussions, notamment lors de la prochaine COP30 qui se tiendra \u00e0 Bel\u00e9m, au Br\u00e9sil, en novembre 2025.<\/p>\n","protected":false},"excerpt":{"rendered":"<p>Le 3 juillet 2025, le Partenariat pour l\u2019Information et la D\u00e9mocratie a tenu sa troisi\u00e8me session \u00e0 huis clos dans le cadre de son groupe de travail sur le renforcement de l\u2019int\u00e9grit\u00e9 de l\u2019information sur le changement climatique et autres enjeux environnementaux. Copr\u00e9sid\u00e9e par l\u2019Arm\u00e9nie et le Br\u00e9sil, cette r\u00e9union a \u00e9t\u00e9 d\u00e9cisive, passant du [&hellip;]<\/p>\n","protected":false},"author":2,"featured_media":13880,"comment_status":"closed","ping_status":"closed","sticky":false,"template":"","format":"standard","meta":{"_acf_changed":false,"footnotes":""},"categories":[57],"tags":[],"contenu-mis-en-avant":[45],"thematic":[69,30],"workstream":[87,38],"class_list":["post-11351","post","type-post","status-publish","format-standard","has-post-thumbnail","hentry","category-axe-de-travail-climat","thematic-fiabilite-des-informations-en-ligne","thematic-reliability-of-information-online","workstream-renforcer-lintegrite-de-linformation-sur-le-changement-climatique-et-dautres-questions-environnementales","workstream-workstream-strengthening-information-integrity-on-climate-change-and-other-environmental-issues"],"acf":[],"yoast_head":"<!-- This site is optimized with the Yoast SEO plugin v27.4 - https:\/\/yoast.com\/product\/yoast-seo-wordpress\/ -->\n<title>D\u00e9velopper des solutions contre la d\u00e9sinformation climatique : troisi\u00e8me session du groupe de travail d\u00e9di\u00e9 - Forum Information &amp; Democracy<\/title>\n<meta name=\"robots\" content=\"index, follow, max-snippet:-1, max-image-preview:large, max-video-preview:-1\" \/>\n<link rel=\"canonical\" href=\"https:\/\/informationdemocracy.org\/fr\/2025\/08\/19\/faire-avancer-les-solutions-politiques-contre-la-desinformation-climatique-troisieme-session-du-groupe-de-travail\/\" \/>\n<meta property=\"og:locale\" content=\"fr_FR\" \/>\n<meta property=\"og:type\" content=\"article\" \/>\n<meta property=\"og:title\" content=\"D\u00e9velopper des solutions contre la d\u00e9sinformation climatique : troisi\u00e8me session du groupe de travail d\u00e9di\u00e9 - Forum Information &amp; Democracy\" \/>\n<meta property=\"og:description\" content=\"Le 3 juillet 2025, le Partenariat pour l\u2019Information et la D\u00e9mocratie a tenu sa troisi\u00e8me session \u00e0 huis clos dans le cadre de son groupe de travail sur le renforcement de l\u2019int\u00e9grit\u00e9 de l\u2019information sur le changement climatique et autres enjeux environnementaux. Copr\u00e9sid\u00e9e par l\u2019Arm\u00e9nie et le Br\u00e9sil, cette r\u00e9union a \u00e9t\u00e9 d\u00e9cisive, passant du [&hellip;]\" \/>\n<meta property=\"og:url\" content=\"https:\/\/informationdemocracy.org\/fr\/2025\/08\/19\/faire-avancer-les-solutions-politiques-contre-la-desinformation-climatique-troisieme-session-du-groupe-de-travail\/\" \/>\n<meta property=\"og:site_name\" content=\"Forum Information &amp; Democracy\" \/>\n<meta property=\"article:published_time\" content=\"2025-08-19T13:52:21+00:00\" \/>\n<meta property=\"article:modified_time\" content=\"2025-11-06T11:38:01+00:00\" \/>\n<meta property=\"og:image\" content=\"https:\/\/informationdemocracy.org\/wp-content\/uploads\/2025\/08\/Format-Bandeau-Website-1080-x-1080-px-7.png\" \/>\n\t<meta property=\"og:image:width\" content=\"1600\" \/>\n\t<meta property=\"og:image:height\" content=\"1000\" \/>\n\t<meta property=\"og:image:type\" content=\"image\/png\" \/>\n<meta name=\"author\" content=\"informationdemocracywebsite\" \/>\n<meta name=\"twitter:card\" content=\"summary_large_image\" \/>\n<meta name=\"twitter:label1\" content=\"\u00c9crit par\" \/>\n\t<meta name=\"twitter:data1\" content=\"informationdemocracywebsite\" \/>\n\t<meta name=\"twitter:label2\" content=\"Dur\u00e9e de lecture estim\u00e9e\" \/>\n\t<meta name=\"twitter:data2\" content=\"4 minutes\" \/>\n<script type=\"application\/ld+json\" class=\"yoast-schema-graph\">{\"@context\":\"https:\\\/\\\/schema.org\",\"@graph\":[{\"@type\":\"Article\",\"@id\":\"https:\\\/\\\/informationdemocracy.org\\\/fr\\\/2025\\\/08\\\/19\\\/faire-avancer-les-solutions-politiques-contre-la-desinformation-climatique-troisieme-session-du-groupe-de-travail\\\/#article\",\"isPartOf\":{\"@id\":\"https:\\\/\\\/informationdemocracy.org\\\/fr\\\/2025\\\/08\\\/19\\\/faire-avancer-les-solutions-politiques-contre-la-desinformation-climatique-troisieme-session-du-groupe-de-travail\\\/\"},\"author\":{\"name\":\"informationdemocracywebsite\",\"@id\":\"https:\\\/\\\/informationdemocracy.org\\\/fr\\\/#\\\/schema\\\/person\\\/48ea335c80804b99e13cfa6bf4c2f7dd\"},\"headline\":\"D\u00e9velopper des solutions contre la d\u00e9sinformation climatique : troisi\u00e8me session du groupe de travail d\u00e9di\u00e9\",\"datePublished\":\"2025-08-19T13:52:21+00:00\",\"dateModified\":\"2025-11-06T11:38:01+00:00\",\"mainEntityOfPage\":{\"@id\":\"https:\\\/\\\/informationdemocracy.org\\\/fr\\\/2025\\\/08\\\/19\\\/faire-avancer-les-solutions-politiques-contre-la-desinformation-climatique-troisieme-session-du-groupe-de-travail\\\/\"},\"wordCount\":875,\"publisher\":{\"@id\":\"https:\\\/\\\/informationdemocracy.org\\\/fr\\\/#organization\"},\"image\":{\"@id\":\"https:\\\/\\\/informationdemocracy.org\\\/fr\\\/2025\\\/08\\\/19\\\/faire-avancer-les-solutions-politiques-contre-la-desinformation-climatique-troisieme-session-du-groupe-de-travail\\\/#primaryimage\"},\"thumbnailUrl\":\"https:\\\/\\\/informationdemocracy.org\\\/wp-content\\\/uploads\\\/2025\\\/08\\\/Format-Bandeau-Website-1080-x-1080-px-7.png\",\"articleSection\":[\"Axe de travail Climat\"],\"inLanguage\":\"fr-FR\"},{\"@type\":\"WebPage\",\"@id\":\"https:\\\/\\\/informationdemocracy.org\\\/fr\\\/2025\\\/08\\\/19\\\/faire-avancer-les-solutions-politiques-contre-la-desinformation-climatique-troisieme-session-du-groupe-de-travail\\\/\",\"url\":\"https:\\\/\\\/informationdemocracy.org\\\/fr\\\/2025\\\/08\\\/19\\\/faire-avancer-les-solutions-politiques-contre-la-desinformation-climatique-troisieme-session-du-groupe-de-travail\\\/\",\"name\":\"D\u00e9velopper des solutions contre la d\u00e9sinformation climatique : troisi\u00e8me session du groupe de travail d\u00e9di\u00e9 - Forum Information &amp; Democracy\",\"isPartOf\":{\"@id\":\"https:\\\/\\\/informationdemocracy.org\\\/fr\\\/#website\"},\"primaryImageOfPage\":{\"@id\":\"https:\\\/\\\/informationdemocracy.org\\\/fr\\\/2025\\\/08\\\/19\\\/faire-avancer-les-solutions-politiques-contre-la-desinformation-climatique-troisieme-session-du-groupe-de-travail\\\/#primaryimage\"},\"image\":{\"@id\":\"https:\\\/\\\/informationdemocracy.org\\\/fr\\\/2025\\\/08\\\/19\\\/faire-avancer-les-solutions-politiques-contre-la-desinformation-climatique-troisieme-session-du-groupe-de-travail\\\/#primaryimage\"},\"thumbnailUrl\":\"https:\\\/\\\/informationdemocracy.org\\\/wp-content\\\/uploads\\\/2025\\\/08\\\/Format-Bandeau-Website-1080-x-1080-px-7.png\",\"datePublished\":\"2025-08-19T13:52:21+00:00\",\"dateModified\":\"2025-11-06T11:38:01+00:00\",\"breadcrumb\":{\"@id\":\"https:\\\/\\\/informationdemocracy.org\\\/fr\\\/2025\\\/08\\\/19\\\/faire-avancer-les-solutions-politiques-contre-la-desinformation-climatique-troisieme-session-du-groupe-de-travail\\\/#breadcrumb\"},\"inLanguage\":\"fr-FR\",\"potentialAction\":[{\"@type\":\"ReadAction\",\"target\":[\"https:\\\/\\\/informationdemocracy.org\\\/fr\\\/2025\\\/08\\\/19\\\/faire-avancer-les-solutions-politiques-contre-la-desinformation-climatique-troisieme-session-du-groupe-de-travail\\\/\"]}]},{\"@type\":\"ImageObject\",\"inLanguage\":\"fr-FR\",\"@id\":\"https:\\\/\\\/informationdemocracy.org\\\/fr\\\/2025\\\/08\\\/19\\\/faire-avancer-les-solutions-politiques-contre-la-desinformation-climatique-troisieme-session-du-groupe-de-travail\\\/#primaryimage\",\"url\":\"https:\\\/\\\/informationdemocracy.org\\\/wp-content\\\/uploads\\\/2025\\\/08\\\/Format-Bandeau-Website-1080-x-1080-px-7.png\",\"contentUrl\":\"https:\\\/\\\/informationdemocracy.org\\\/wp-content\\\/uploads\\\/2025\\\/08\\\/Format-Bandeau-Website-1080-x-1080-px-7.png\",\"width\":1600,\"height\":1000},{\"@type\":\"BreadcrumbList\",\"@id\":\"https:\\\/\\\/informationdemocracy.org\\\/fr\\\/2025\\\/08\\\/19\\\/faire-avancer-les-solutions-politiques-contre-la-desinformation-climatique-troisieme-session-du-groupe-de-travail\\\/#breadcrumb\",\"itemListElement\":[{\"@type\":\"ListItem\",\"position\":1,\"name\":\"Accueil\",\"item\":\"https:\\\/\\\/informationdemocracy.org\\\/fr\\\/\"},{\"@type\":\"ListItem\",\"position\":2,\"name\":\"D\u00e9velopper des solutions contre la d\u00e9sinformation climatique : troisi\u00e8me session du groupe de travail d\u00e9di\u00e9\"}]},{\"@type\":\"WebSite\",\"@id\":\"https:\\\/\\\/informationdemocracy.org\\\/fr\\\/#website\",\"url\":\"https:\\\/\\\/informationdemocracy.org\\\/fr\\\/\",\"name\":\"Forum on Information & Democracy\",\"description\":\"\",\"publisher\":{\"@id\":\"https:\\\/\\\/informationdemocracy.org\\\/fr\\\/#organization\"},\"potentialAction\":[{\"@type\":\"SearchAction\",\"target\":{\"@type\":\"EntryPoint\",\"urlTemplate\":\"https:\\\/\\\/informationdemocracy.org\\\/fr\\\/?s={search_term_string}\"},\"query-input\":{\"@type\":\"PropertyValueSpecification\",\"valueRequired\":true,\"valueName\":\"search_term_string\"}}],\"inLanguage\":\"fr-FR\"},{\"@type\":\"Organization\",\"@id\":\"https:\\\/\\\/informationdemocracy.org\\\/fr\\\/#organization\",\"name\":\"Forum on Information & Democracy\",\"url\":\"https:\\\/\\\/informationdemocracy.org\\\/fr\\\/\",\"logo\":{\"@type\":\"ImageObject\",\"inLanguage\":\"fr-FR\",\"@id\":\"https:\\\/\\\/informationdemocracy.org\\\/fr\\\/#\\\/schema\\\/logo\\\/image\\\/\",\"url\":\"https:\\\/\\\/informationdemocracy.org\\\/wp-content\\\/uploads\\\/2025\\\/09\\\/Logo.svg\",\"contentUrl\":\"https:\\\/\\\/informationdemocracy.org\\\/wp-content\\\/uploads\\\/2025\\\/09\\\/Logo.svg\",\"width\":168,\"height\":51,\"caption\":\"Forum on Information & Democracy\"},\"image\":{\"@id\":\"https:\\\/\\\/informationdemocracy.org\\\/fr\\\/#\\\/schema\\\/logo\\\/image\\\/\"},\"sameAs\":[\"https:\\\/\\\/www.linkedin.com\\\/company\\\/forum-information-democracy\",\"https:\\\/\\\/www.youtube.com\\\/playlist?list=PL-yF0NqTYQU2B3I97oh3Dv2Dfevd8ThM_\",\"https:\\\/\\\/www.instagram.com\\\/foruminformationdemocracy\\\/\"]},{\"@type\":\"Person\",\"@id\":\"https:\\\/\\\/informationdemocracy.org\\\/fr\\\/#\\\/schema\\\/person\\\/48ea335c80804b99e13cfa6bf4c2f7dd\",\"name\":\"informationdemocracywebsite\",\"image\":{\"@type\":\"ImageObject\",\"inLanguage\":\"fr-FR\",\"@id\":\"https:\\\/\\\/secure.gravatar.com\\\/avatar\\\/33c6a406643df806a5494363b5db420a409e4a8dc49952dd63ae5da7fb946c0c?s=96&d=mm&r=g\",\"url\":\"https:\\\/\\\/secure.gravatar.com\\\/avatar\\\/33c6a406643df806a5494363b5db420a409e4a8dc49952dd63ae5da7fb946c0c?s=96&d=mm&r=g\",\"contentUrl\":\"https:\\\/\\\/secure.gravatar.com\\\/avatar\\\/33c6a406643df806a5494363b5db420a409e4a8dc49952dd63ae5da7fb946c0c?s=96&d=mm&r=g\",\"caption\":\"informationdemocracywebsite\"},\"url\":\"https:\\\/\\\/informationdemocracy.org\\\/fr\\\/author\\\/informationdemocracywebsite\\\/\"}]}<\/script>\n<!-- \/ Yoast SEO plugin. -->","yoast_head_json":{"title":"D\u00e9velopper des solutions contre la d\u00e9sinformation climatique : troisi\u00e8me session du groupe de travail d\u00e9di\u00e9 - Forum Information &amp; Democracy","robots":{"index":"index","follow":"follow","max-snippet":"max-snippet:-1","max-image-preview":"max-image-preview:large","max-video-preview":"max-video-preview:-1"},"canonical":"https:\/\/informationdemocracy.org\/fr\/2025\/08\/19\/faire-avancer-les-solutions-politiques-contre-la-desinformation-climatique-troisieme-session-du-groupe-de-travail\/","og_locale":"fr_FR","og_type":"article","og_title":"D\u00e9velopper des solutions contre la d\u00e9sinformation climatique : troisi\u00e8me session du groupe de travail d\u00e9di\u00e9 - Forum Information &amp; Democracy","og_description":"Le 3 juillet 2025, le Partenariat pour l\u2019Information et la D\u00e9mocratie a tenu sa troisi\u00e8me session \u00e0 huis clos dans le cadre de son groupe de travail sur le renforcement de l\u2019int\u00e9grit\u00e9 de l\u2019information sur le changement climatique et autres enjeux environnementaux. Copr\u00e9sid\u00e9e par l\u2019Arm\u00e9nie et le Br\u00e9sil, cette r\u00e9union a \u00e9t\u00e9 d\u00e9cisive, passant du [&hellip;]","og_url":"https:\/\/informationdemocracy.org\/fr\/2025\/08\/19\/faire-avancer-les-solutions-politiques-contre-la-desinformation-climatique-troisieme-session-du-groupe-de-travail\/","og_site_name":"Forum Information &amp; Democracy","article_published_time":"2025-08-19T13:52:21+00:00","article_modified_time":"2025-11-06T11:38:01+00:00","og_image":[{"width":1600,"height":1000,"url":"https:\/\/informationdemocracy.org\/wp-content\/uploads\/2025\/08\/Format-Bandeau-Website-1080-x-1080-px-7.png","type":"image\/png"}],"author":"informationdemocracywebsite","twitter_card":"summary_large_image","twitter_misc":{"\u00c9crit par":"informationdemocracywebsite","Dur\u00e9e de lecture estim\u00e9e":"4 minutes"},"schema":{"@context":"https:\/\/schema.org","@graph":[{"@type":"Article","@id":"https:\/\/informationdemocracy.org\/fr\/2025\/08\/19\/faire-avancer-les-solutions-politiques-contre-la-desinformation-climatique-troisieme-session-du-groupe-de-travail\/#article","isPartOf":{"@id":"https:\/\/informationdemocracy.org\/fr\/2025\/08\/19\/faire-avancer-les-solutions-politiques-contre-la-desinformation-climatique-troisieme-session-du-groupe-de-travail\/"},"author":{"name":"informationdemocracywebsite","@id":"https:\/\/informationdemocracy.org\/fr\/#\/schema\/person\/48ea335c80804b99e13cfa6bf4c2f7dd"},"headline":"D\u00e9velopper des solutions contre la d\u00e9sinformation climatique : troisi\u00e8me session du groupe de travail d\u00e9di\u00e9","datePublished":"2025-08-19T13:52:21+00:00","dateModified":"2025-11-06T11:38:01+00:00","mainEntityOfPage":{"@id":"https:\/\/informationdemocracy.org\/fr\/2025\/08\/19\/faire-avancer-les-solutions-politiques-contre-la-desinformation-climatique-troisieme-session-du-groupe-de-travail\/"},"wordCount":875,"publisher":{"@id":"https:\/\/informationdemocracy.org\/fr\/#organization"},"image":{"@id":"https:\/\/informationdemocracy.org\/fr\/2025\/08\/19\/faire-avancer-les-solutions-politiques-contre-la-desinformation-climatique-troisieme-session-du-groupe-de-travail\/#primaryimage"},"thumbnailUrl":"https:\/\/informationdemocracy.org\/wp-content\/uploads\/2025\/08\/Format-Bandeau-Website-1080-x-1080-px-7.png","articleSection":["Axe de travail Climat"],"inLanguage":"fr-FR"},{"@type":"WebPage","@id":"https:\/\/informationdemocracy.org\/fr\/2025\/08\/19\/faire-avancer-les-solutions-politiques-contre-la-desinformation-climatique-troisieme-session-du-groupe-de-travail\/","url":"https:\/\/informationdemocracy.org\/fr\/2025\/08\/19\/faire-avancer-les-solutions-politiques-contre-la-desinformation-climatique-troisieme-session-du-groupe-de-travail\/","name":"D\u00e9velopper des solutions contre la d\u00e9sinformation climatique : troisi\u00e8me session du groupe de travail d\u00e9di\u00e9 - Forum Information &amp; Democracy","isPartOf":{"@id":"https:\/\/informationdemocracy.org\/fr\/#website"},"primaryImageOfPage":{"@id":"https:\/\/informationdemocracy.org\/fr\/2025\/08\/19\/faire-avancer-les-solutions-politiques-contre-la-desinformation-climatique-troisieme-session-du-groupe-de-travail\/#primaryimage"},"image":{"@id":"https:\/\/informationdemocracy.org\/fr\/2025\/08\/19\/faire-avancer-les-solutions-politiques-contre-la-desinformation-climatique-troisieme-session-du-groupe-de-travail\/#primaryimage"},"thumbnailUrl":"https:\/\/informationdemocracy.org\/wp-content\/uploads\/2025\/08\/Format-Bandeau-Website-1080-x-1080-px-7.png","datePublished":"2025-08-19T13:52:21+00:00","dateModified":"2025-11-06T11:38:01+00:00","breadcrumb":{"@id":"https:\/\/informationdemocracy.org\/fr\/2025\/08\/19\/faire-avancer-les-solutions-politiques-contre-la-desinformation-climatique-troisieme-session-du-groupe-de-travail\/#breadcrumb"},"inLanguage":"fr-FR","potentialAction":[{"@type":"ReadAction","target":["https:\/\/informationdemocracy.org\/fr\/2025\/08\/19\/faire-avancer-les-solutions-politiques-contre-la-desinformation-climatique-troisieme-session-du-groupe-de-travail\/"]}]},{"@type":"ImageObject","inLanguage":"fr-FR","@id":"https:\/\/informationdemocracy.org\/fr\/2025\/08\/19\/faire-avancer-les-solutions-politiques-contre-la-desinformation-climatique-troisieme-session-du-groupe-de-travail\/#primaryimage","url":"https:\/\/informationdemocracy.org\/wp-content\/uploads\/2025\/08\/Format-Bandeau-Website-1080-x-1080-px-7.png","contentUrl":"https:\/\/informationdemocracy.org\/wp-content\/uploads\/2025\/08\/Format-Bandeau-Website-1080-x-1080-px-7.png","width":1600,"height":1000},{"@type":"BreadcrumbList","@id":"https:\/\/informationdemocracy.org\/fr\/2025\/08\/19\/faire-avancer-les-solutions-politiques-contre-la-desinformation-climatique-troisieme-session-du-groupe-de-travail\/#breadcrumb","itemListElement":[{"@type":"ListItem","position":1,"name":"Accueil","item":"https:\/\/informationdemocracy.org\/fr\/"},{"@type":"ListItem","position":2,"name":"D\u00e9velopper des solutions contre la d\u00e9sinformation climatique : troisi\u00e8me session du groupe de travail d\u00e9di\u00e9"}]},{"@type":"WebSite","@id":"https:\/\/informationdemocracy.org\/fr\/#website","url":"https:\/\/informationdemocracy.org\/fr\/","name":"Forum on Information & Democracy","description":"","publisher":{"@id":"https:\/\/informationdemocracy.org\/fr\/#organization"},"potentialAction":[{"@type":"SearchAction","target":{"@type":"EntryPoint","urlTemplate":"https:\/\/informationdemocracy.org\/fr\/?s={search_term_string}"},"query-input":{"@type":"PropertyValueSpecification","valueRequired":true,"valueName":"search_term_string"}}],"inLanguage":"fr-FR"},{"@type":"Organization","@id":"https:\/\/informationdemocracy.org\/fr\/#organization","name":"Forum on Information & Democracy","url":"https:\/\/informationdemocracy.org\/fr\/","logo":{"@type":"ImageObject","inLanguage":"fr-FR","@id":"https:\/\/informationdemocracy.org\/fr\/#\/schema\/logo\/image\/","url":"https:\/\/informationdemocracy.org\/wp-content\/uploads\/2025\/09\/Logo.svg","contentUrl":"https:\/\/informationdemocracy.org\/wp-content\/uploads\/2025\/09\/Logo.svg","width":168,"height":51,"caption":"Forum on Information & Democracy"},"image":{"@id":"https:\/\/informationdemocracy.org\/fr\/#\/schema\/logo\/image\/"},"sameAs":["https:\/\/www.linkedin.com\/company\/forum-information-democracy","https:\/\/www.youtube.com\/playlist?list=PL-yF0NqTYQU2B3I97oh3Dv2Dfevd8ThM_","https:\/\/www.instagram.com\/foruminformationdemocracy\/"]},{"@type":"Person","@id":"https:\/\/informationdemocracy.org\/fr\/#\/schema\/person\/48ea335c80804b99e13cfa6bf4c2f7dd","name":"informationdemocracywebsite","image":{"@type":"ImageObject","inLanguage":"fr-FR","@id":"https:\/\/secure.gravatar.com\/avatar\/33c6a406643df806a5494363b5db420a409e4a8dc49952dd63ae5da7fb946c0c?s=96&d=mm&r=g","url":"https:\/\/secure.gravatar.com\/avatar\/33c6a406643df806a5494363b5db420a409e4a8dc49952dd63ae5da7fb946c0c?s=96&d=mm&r=g","contentUrl":"https:\/\/secure.gravatar.com\/avatar\/33c6a406643df806a5494363b5db420a409e4a8dc49952dd63ae5da7fb946c0c?s=96&d=mm&r=g","caption":"informationdemocracywebsite"},"url":"https:\/\/informationdemocracy.org\/fr\/author\/informationdemocracywebsite\/"}]}},"_links":{"self":[{"href":"https:\/\/informationdemocracy.org\/fr\/wp-json\/wp\/v2\/posts\/11351","targetHints":{"allow":["GET"]}}],"collection":[{"href":"https:\/\/informationdemocracy.org\/fr\/wp-json\/wp\/v2\/posts"}],"about":[{"href":"https:\/\/informationdemocracy.org\/fr\/wp-json\/wp\/v2\/types\/post"}],"author":[{"embeddable":true,"href":"https:\/\/informationdemocracy.org\/fr\/wp-json\/wp\/v2\/users\/2"}],"replies":[{"embeddable":true,"href":"https:\/\/informationdemocracy.org\/fr\/wp-json\/wp\/v2\/comments?post=11351"}],"version-history":[{"count":1,"href":"https:\/\/informationdemocracy.org\/fr\/wp-json\/wp\/v2\/posts\/11351\/revisions"}],"predecessor-version":[{"id":13881,"href":"https:\/\/informationdemocracy.org\/fr\/wp-json\/wp\/v2\/posts\/11351\/revisions\/13881"}],"wp:featuredmedia":[{"embeddable":true,"href":"https:\/\/informationdemocracy.org\/fr\/wp-json\/wp\/v2\/media\/13880"}],"wp:attachment":[{"href":"https:\/\/informationdemocracy.org\/fr\/wp-json\/wp\/v2\/media?parent=11351"}],"wp:term":[{"taxonomy":"category","embeddable":true,"href":"https:\/\/informationdemocracy.org\/fr\/wp-json\/wp\/v2\/categories?post=11351"},{"taxonomy":"post_tag","embeddable":true,"href":"https:\/\/informationdemocracy.org\/fr\/wp-json\/wp\/v2\/tags?post=11351"},{"taxonomy":"contenu-mis-en-avant","embeddable":true,"href":"https:\/\/informationdemocracy.org\/fr\/wp-json\/wp\/v2\/contenu-mis-en-avant?post=11351"},{"taxonomy":"thematic","embeddable":true,"href":"https:\/\/informationdemocracy.org\/fr\/wp-json\/wp\/v2\/thematic?post=11351"},{"taxonomy":"workstream","embeddable":true,"href":"https:\/\/informationdemocracy.org\/fr\/wp-json\/wp\/v2\/workstream?post=11351"}],"curies":[{"name":"wp","href":"https:\/\/api.w.org\/{rel}","templated":true}]}}