{"id":12570,"date":"2025-05-28T15:03:34","date_gmt":"2025-05-28T13:03:34","guid":{"rendered":"https:\/\/informationdemocracy.org\/2025\/05\/28\/larmenie-et-la-geopolitique-de-lintegrite-de-linformation\/"},"modified":"2025-09-20T20:30:35","modified_gmt":"2025-09-20T18:30:35","slug":"larmenie-et-la-geopolitique-de-lintegrite-de-linformation","status":"publish","type":"post","link":"https:\/\/informationdemocracy.org\/fr\/2025\/05\/28\/larmenie-et-la-geopolitique-de-lintegrite-de-linformation\/","title":{"rendered":"En Arm\u00e9nie, l\u2019int\u00e9grit\u00e9 de l\u2019information comme enjeu g\u00e9opolitique"},"content":{"rendered":"\n<p><\/p>\n\n\n\n<p><strong><br>A l\u2019occasion de la seconde \u00e9dition du Yerevan Dialogue, le Forum sur l\u2019information et la d\u00e9mocratie et le gouvernement arm\u00e9nien ont organis\u00e9 une s\u00e9rie de discussions sur l\u2019int\u00e9grit\u00e9 de l\u2019information. Alors que le pays se pr\u00e9pare \u00e0 accueillir la prochaine COP sur la Biodiversit\u00e9 en 2026, le Forum a r\u00e9affirm\u00e9 son engagement \u00e0 soutenir les efforts du pays pour lutter contre la d\u00e9sinformation environnementale.<\/strong><\/p>\n\n\n\n<p>Du 26 au 27 mai, le minist\u00e8re des Affaires \u00e9trang\u00e8res arm\u00e9nien organisait le&nbsp;<a href=\"https:\/\/yerevandialogue.com\/\">Yerevan Dialogue<\/a>&nbsp;avec comme th\u00e8me principal&nbsp;<em>Navigating the Unknown<\/em>. Les deux jours de discussions ont r\u00e9uni experts de la soci\u00e9t\u00e9 civile, diplomates et repr\u00e9sentants gouvernementaux autour des grandes th\u00e9matiques qui fa\u00e7onnent et bouleversent l\u2019ordre international contemporain.<\/p>\n\n\n\n<p>A travers cet \u00e9v\u00e9nement, et dans un contexte g\u00e9opolitique particuli\u00e8rement volatile, l\u2019Arm\u00e9nie multiplie les coalitions et soutiens sur l\u2019ensemble des sujets : transition climatique, r\u00e9silience d\u00e9mocratique, nouvelles technologies, coop\u00e9ration s\u00e9curitaire internationale figuraient ainsi parmi les sujets \u00e0 l\u2019ordre du jour.<\/p>\n\n\n\n<p><\/p>\n\n\n\n<figure class=\"wp-block-gallery has-nested-images columns-default is-cropped wp-block-gallery-1 is-layout-flex wp-block-gallery-is-layout-flex\">\n<figure class=\"wp-block-image size-large\"><img decoding=\"async\" data-id=\"9004\" src=\"https:\/\/informationdemocracy.org\/wp-content\/uploads\/2025\/05\/G01_4356-1-1024x682.jpg\" alt=\"\" class=\"wp-image-9004\"\/><\/figure>\n\n\n\n<figure class=\"wp-block-image size-large\"><img decoding=\"async\" data-id=\"9005\" src=\"https:\/\/informationdemocracy.org\/wp-content\/uploads\/2025\/05\/G01_4546-1-1024x682.jpg\" alt=\"\" class=\"wp-image-9005\"\/><\/figure>\n<\/figure>\n\n\n\n<p><\/p>\n\n\n\n<p><\/p>\n\n\n\n<p><\/p>\n\n\n\n<h3 class=\"wp-block-heading\"><strong>La g\u00e9opolitique \u00e0 l&rsquo;\u00e8re de la d\u00e9sinformation<\/strong><\/h3>\n\n\n\n<p><\/p>\n\n\n\n<p>La lutte contre la d\u00e9sinformation \u00e9tait \u00e9galement l\u2019un des th\u00e8mes r\u00e9currents de la conf\u00e9rence. D\u00e8s son discours d\u2019ouverture, le ministre des Affaires \u00e9trang\u00e8res arm\u00e9nien Ararat Mirzoyan pr\u00e9sente la \u201cd\u00e9sinformation et les fausses nouvelles comme des armes contre les fondements de l\u2019ordre international\u201d.<\/p>\n\n\n\n<p>En partenariat avec le minist\u00e8re, le Forum sur l\u2019information et la d\u00e9mocratie a ainsi organis\u00e9 plusieurs discussions sur la th\u00e9matique de l\u2019int\u00e9grit\u00e9 de l\u2019information. Un&nbsp;<a href=\"https:\/\/youtu.be\/kuGtzjl9bP8\">premier panel de haut niveau<\/a>&nbsp;rassemblant des experts comme Alison Gilwald, fondatrice du think tank sud-africain Research ICT Africa, et Gyan Thripathi, avocat et rapporteur de l\u2019Observatoire sur l\u2019information et la d\u00e9mocratie a permis de pr\u00e9senter les diff\u00e9rents enjeux et opportunit\u00e9s pour pr\u00e9server l\u2019int\u00e9grit\u00e9 de l\u2019information. Rupa Huq, membre du parlement britannique, et Anzhela Kzhdryan,&nbsp; responsable de la communication strat\u00e9gique et des r\u00e9formes de gouvernance participative en Arm\u00e9nie, ont \u00e9galement apport\u00e9 leurs perspectives sur la fa\u00e7on dont le l\u00e9gislateur et le gouvernement peuvent r\u00e9pondre \u00e0 ces enjeux.&nbsp;<\/p>\n\n\n\n<p>Le panel a rapidement mis en lumi\u00e8re un constat partag\u00e9: face \u00e0 la multiplication et \u00e0 l\u2019amplification des d\u00e9fis li\u00e9s \u00e0 la d\u00e9sinformation, \u00e0 l\u2019intelligence artificielle et \u00e0 la gouvernance du num\u00e9rique, il est urgent de penser des r\u00e9ponses globales, int\u00e9gr\u00e9es, et respectueuses des droits humains.<\/p>\n\n\n\n<p><\/p>\n\n\n\n<p><\/p>\n\n\n\n<figure class=\"wp-block-gallery has-nested-images columns-default is-cropped wp-block-gallery-2 is-layout-flex wp-block-gallery-is-layout-flex\">\n<figure class=\"wp-block-image size-large\"><img decoding=\"async\" data-id=\"9003\" src=\"https:\/\/informationdemocracy.org\/wp-content\/uploads\/2025\/05\/G01_4394-1-1024x682.jpg\" alt=\"\" class=\"wp-image-9003\"\/><\/figure>\n\n\n\n<figure class=\"wp-block-image size-large\"><img decoding=\"async\" data-id=\"9002\" src=\"https:\/\/informationdemocracy.org\/wp-content\/uploads\/2025\/05\/G01_4416-1-1024x682.jpg\" alt=\"\" class=\"wp-image-9002\"\/><\/figure>\n\n\n\n<figure class=\"wp-block-image size-large\"><img decoding=\"async\" data-id=\"9001\" src=\"https:\/\/informationdemocracy.org\/wp-content\/uploads\/2025\/05\/G01_4457-1-1024x682.jpg\" alt=\"\" class=\"wp-image-9001\"\/><\/figure>\n<\/figure>\n\n\n\n<p><\/p>\n\n\n\n<p><\/p>\n\n\n\n<p><\/p>\n\n\n\n<h3 class=\"wp-block-heading\"><strong>Vers la COP 17 sur la biodiversit\u00e9<\/strong><\/h3>\n\n\n\n<p><\/p>\n\n\n\n<p><\/p>\n\n\n\n<p>Pour apporter des solutions concr\u00e8tes, le Forum et le minist\u00e8re arm\u00e9nien ont \u00e9galement co-organis\u00e9 une r\u00e9union du Partenariat pour l\u2019information et la d\u00e9mocratie tenue \u00e0 huis-clos. Cette r\u00e9union a notamment mis l\u2019accent sur la n\u00e9cessit\u00e9 de lier la question de la lutte contre la d\u00e9sinformation \u00e0 la lutte pour la pr\u00e9servation de la biosph\u00e8re et s\u2019inscrit dans le cadre d\u2019un&nbsp;<a href=\"https:\/\/informationdemocracy.org\/2025\/05\/19\/first-outcomes-of-the-environmental-disinformation-workstream-led-by-armenia-and-brazil\/\">axe de travail&nbsp;<\/a>facilit\u00e9 par le FID et co-pr\u00e9sid\u00e9 par le Br\u00e9sil et l\u2019Arm\u00e9nie.&nbsp;<\/p>\n\n\n\n<p>Lors de cette rencontre, le vice-ministre des Affaires \u00e9trang\u00e8res arm\u00e9nien Monsieur&nbsp;<a href=\"https:\/\/www.mfa.am\/fr\/deputy-ministers\/228\">Robert Abisoghomonyan<\/a>, s\u2019est engag\u00e9 \u00e0 faire de l\u2019int\u00e9grit\u00e9 de l\u2019information une des priorit\u00e9s de la pr\u00e9sidence de la COP 17 qui se tiendra en Arm\u00e9nie en 2026. Ce travail se fera notamment en articulation avec le Br\u00e9sil qui pr\u00e9sidera la COP 30 sur le changement climatique en novembre 2025 comme l\u2019a rappel\u00e9 Fabio Vaz Pitaluga, ambassadeur du Br\u00e9sil en Arm\u00e9nie.<br>Cette rencontre f\u00fbt \u00e9galement l\u2019occasion de pr\u00e9senter les premi\u00e8res pistes de solutions d\u00e9velopp\u00e9es par le Forum et l\u2019<a href=\"https:\/\/informationdemocracy.org\/2025\/05\/20\/call-for-contributions-addressing-disinformation-and-attacks-on-information-integrity-on-environmental-issues-beyond-climate-change\/\">appel \u00e0 contributions<\/a>&nbsp;lanc\u00e9 le 21 mai.<\/p>\n\n\n\n<p><\/p>\n\n\n\n<p><\/p>\n","protected":false},"excerpt":{"rendered":"<p>A l\u2019occasion de la seconde \u00e9dition du Yerevan Dialogue, le Forum sur l\u2019information et la d\u00e9mocratie et le gouvernement arm\u00e9nien ont organis\u00e9 une s\u00e9rie de discussions sur l\u2019int\u00e9grit\u00e9 de l\u2019information. Alors que le pays se pr\u00e9pare \u00e0 accueillir la prochaine COP sur la Biodiversit\u00e9 en 2026, le Forum a r\u00e9affirm\u00e9 son engagement \u00e0 soutenir les [&hellip;]<\/p>\n","protected":false},"author":2,"featured_media":12571,"comment_status":"closed","ping_status":"closed","sticky":false,"template":"","format":"standard","meta":{"_acf_changed":false,"footnotes":""},"categories":[57,56],"tags":[],"contenu-mis-en-avant":[],"thematic":[69,67],"workstream":[87,38],"class_list":["post-12570","post","type-post","status-publish","format-standard","has-post-thumbnail","hentry","category-axe-de-travail-climat","category-non-classe","thematic-fiabilite-des-informations-en-ligne","thematic-lintelligence-artificielle-et-lespace-dinformation","workstream-renforcer-lintegrite-de-linformation-sur-le-changement-climatique-et-dautres-questions-environnementales","workstream-workstream-strengthening-information-integrity-on-climate-change-and-other-environmental-issues"],"acf":[],"yoast_head":"<!-- This site is optimized with the Yoast SEO plugin v27.4 - https:\/\/yoast.com\/product\/yoast-seo-wordpress\/ -->\n<title>En Arm\u00e9nie, l\u2019int\u00e9grit\u00e9 de l\u2019information comme enjeu g\u00e9opolitique - Forum Information &amp; Democracy<\/title>\n<meta name=\"robots\" content=\"index, follow, max-snippet:-1, max-image-preview:large, max-video-preview:-1\" \/>\n<link rel=\"canonical\" href=\"https:\/\/informationdemocracy.org\/fr\/2025\/05\/28\/larmenie-et-la-geopolitique-de-lintegrite-de-linformation\/\" \/>\n<meta property=\"og:locale\" content=\"fr_FR\" \/>\n<meta property=\"og:type\" content=\"article\" \/>\n<meta property=\"og:title\" content=\"En Arm\u00e9nie, l\u2019int\u00e9grit\u00e9 de l\u2019information comme enjeu g\u00e9opolitique - Forum Information &amp; Democracy\" \/>\n<meta property=\"og:description\" content=\"A l\u2019occasion de la seconde \u00e9dition du Yerevan Dialogue, le Forum sur l\u2019information et la d\u00e9mocratie et le gouvernement arm\u00e9nien ont organis\u00e9 une s\u00e9rie de discussions sur l\u2019int\u00e9grit\u00e9 de l\u2019information. Alors que le pays se pr\u00e9pare \u00e0 accueillir la prochaine COP sur la Biodiversit\u00e9 en 2026, le Forum a r\u00e9affirm\u00e9 son engagement \u00e0 soutenir les [&hellip;]\" \/>\n<meta property=\"og:url\" content=\"https:\/\/informationdemocracy.org\/fr\/2025\/05\/28\/larmenie-et-la-geopolitique-de-lintegrite-de-linformation\/\" \/>\n<meta property=\"og:site_name\" content=\"Forum Information &amp; Democracy\" \/>\n<meta property=\"article:published_time\" content=\"2025-05-28T13:03:34+00:00\" \/>\n<meta property=\"article:modified_time\" content=\"2025-09-20T18:30:35+00:00\" \/>\n<meta property=\"og:image\" content=\"https:\/\/informationdemocracy.org\/wp-content\/uploads\/2025\/05\/G01_4472-2-2.jpg.webp\" \/>\n\t<meta property=\"og:image:width\" content=\"1080\" \/>\n\t<meta property=\"og:image:height\" content=\"675\" \/>\n\t<meta property=\"og:image:type\" content=\"image\/webp\" \/>\n<meta name=\"author\" content=\"informationdemocracywebsite\" \/>\n<meta name=\"twitter:card\" content=\"summary_large_image\" \/>\n<meta name=\"twitter:label1\" content=\"\u00c9crit par\" \/>\n\t<meta name=\"twitter:data1\" content=\"informationdemocracywebsite\" \/>\n\t<meta name=\"twitter:label2\" content=\"Dur\u00e9e de lecture estim\u00e9e\" \/>\n\t<meta name=\"twitter:data2\" content=\"4 minutes\" \/>\n<script type=\"application\/ld+json\" class=\"yoast-schema-graph\">{\"@context\":\"https:\\\/\\\/schema.org\",\"@graph\":[{\"@type\":\"Article\",\"@id\":\"https:\\\/\\\/informationdemocracy.org\\\/fr\\\/2025\\\/05\\\/28\\\/larmenie-et-la-geopolitique-de-lintegrite-de-linformation\\\/#article\",\"isPartOf\":{\"@id\":\"https:\\\/\\\/informationdemocracy.org\\\/fr\\\/2025\\\/05\\\/28\\\/larmenie-et-la-geopolitique-de-lintegrite-de-linformation\\\/\"},\"author\":{\"name\":\"informationdemocracywebsite\",\"@id\":\"https:\\\/\\\/informationdemocracy.org\\\/fr\\\/#\\\/schema\\\/person\\\/48ea335c80804b99e13cfa6bf4c2f7dd\"},\"headline\":\"En Arm\u00e9nie, l\u2019int\u00e9grit\u00e9 de l\u2019information comme enjeu g\u00e9opolitique\",\"datePublished\":\"2025-05-28T13:03:34+00:00\",\"dateModified\":\"2025-09-20T18:30:35+00:00\",\"mainEntityOfPage\":{\"@id\":\"https:\\\/\\\/informationdemocracy.org\\\/fr\\\/2025\\\/05\\\/28\\\/larmenie-et-la-geopolitique-de-lintegrite-de-linformation\\\/\"},\"wordCount\":656,\"publisher\":{\"@id\":\"https:\\\/\\\/informationdemocracy.org\\\/fr\\\/#organization\"},\"image\":{\"@id\":\"https:\\\/\\\/informationdemocracy.org\\\/fr\\\/2025\\\/05\\\/28\\\/larmenie-et-la-geopolitique-de-lintegrite-de-linformation\\\/#primaryimage\"},\"thumbnailUrl\":\"https:\\\/\\\/informationdemocracy.org\\\/wp-content\\\/uploads\\\/2025\\\/05\\\/G01_4472-2-2.jpg.webp\",\"articleSection\":[\"Axe de travail Climat\"],\"inLanguage\":\"fr-FR\"},{\"@type\":\"WebPage\",\"@id\":\"https:\\\/\\\/informationdemocracy.org\\\/fr\\\/2025\\\/05\\\/28\\\/larmenie-et-la-geopolitique-de-lintegrite-de-linformation\\\/\",\"url\":\"https:\\\/\\\/informationdemocracy.org\\\/fr\\\/2025\\\/05\\\/28\\\/larmenie-et-la-geopolitique-de-lintegrite-de-linformation\\\/\",\"name\":\"En Arm\u00e9nie, l\u2019int\u00e9grit\u00e9 de l\u2019information comme enjeu g\u00e9opolitique - Forum Information &amp; Democracy\",\"isPartOf\":{\"@id\":\"https:\\\/\\\/informationdemocracy.org\\\/fr\\\/#website\"},\"primaryImageOfPage\":{\"@id\":\"https:\\\/\\\/informationdemocracy.org\\\/fr\\\/2025\\\/05\\\/28\\\/larmenie-et-la-geopolitique-de-lintegrite-de-linformation\\\/#primaryimage\"},\"image\":{\"@id\":\"https:\\\/\\\/informationdemocracy.org\\\/fr\\\/2025\\\/05\\\/28\\\/larmenie-et-la-geopolitique-de-lintegrite-de-linformation\\\/#primaryimage\"},\"thumbnailUrl\":\"https:\\\/\\\/informationdemocracy.org\\\/wp-content\\\/uploads\\\/2025\\\/05\\\/G01_4472-2-2.jpg.webp\",\"datePublished\":\"2025-05-28T13:03:34+00:00\",\"dateModified\":\"2025-09-20T18:30:35+00:00\",\"breadcrumb\":{\"@id\":\"https:\\\/\\\/informationdemocracy.org\\\/fr\\\/2025\\\/05\\\/28\\\/larmenie-et-la-geopolitique-de-lintegrite-de-linformation\\\/#breadcrumb\"},\"inLanguage\":\"fr-FR\",\"potentialAction\":[{\"@type\":\"ReadAction\",\"target\":[\"https:\\\/\\\/informationdemocracy.org\\\/fr\\\/2025\\\/05\\\/28\\\/larmenie-et-la-geopolitique-de-lintegrite-de-linformation\\\/\"]}]},{\"@type\":\"ImageObject\",\"inLanguage\":\"fr-FR\",\"@id\":\"https:\\\/\\\/informationdemocracy.org\\\/fr\\\/2025\\\/05\\\/28\\\/larmenie-et-la-geopolitique-de-lintegrite-de-linformation\\\/#primaryimage\",\"url\":\"https:\\\/\\\/informationdemocracy.org\\\/wp-content\\\/uploads\\\/2025\\\/05\\\/G01_4472-2-2.jpg.webp\",\"contentUrl\":\"https:\\\/\\\/informationdemocracy.org\\\/wp-content\\\/uploads\\\/2025\\\/05\\\/G01_4472-2-2.jpg.webp\",\"width\":1080,\"height\":675},{\"@type\":\"BreadcrumbList\",\"@id\":\"https:\\\/\\\/informationdemocracy.org\\\/fr\\\/2025\\\/05\\\/28\\\/larmenie-et-la-geopolitique-de-lintegrite-de-linformation\\\/#breadcrumb\",\"itemListElement\":[{\"@type\":\"ListItem\",\"position\":1,\"name\":\"Accueil\",\"item\":\"https:\\\/\\\/informationdemocracy.org\\\/fr\\\/\"},{\"@type\":\"ListItem\",\"position\":2,\"name\":\"En Arm\u00e9nie, l\u2019int\u00e9grit\u00e9 de l\u2019information comme enjeu g\u00e9opolitique\"}]},{\"@type\":\"WebSite\",\"@id\":\"https:\\\/\\\/informationdemocracy.org\\\/fr\\\/#website\",\"url\":\"https:\\\/\\\/informationdemocracy.org\\\/fr\\\/\",\"name\":\"Forum on Information & Democracy\",\"description\":\"\",\"publisher\":{\"@id\":\"https:\\\/\\\/informationdemocracy.org\\\/fr\\\/#organization\"},\"potentialAction\":[{\"@type\":\"SearchAction\",\"target\":{\"@type\":\"EntryPoint\",\"urlTemplate\":\"https:\\\/\\\/informationdemocracy.org\\\/fr\\\/?s={search_term_string}\"},\"query-input\":{\"@type\":\"PropertyValueSpecification\",\"valueRequired\":true,\"valueName\":\"search_term_string\"}}],\"inLanguage\":\"fr-FR\"},{\"@type\":\"Organization\",\"@id\":\"https:\\\/\\\/informationdemocracy.org\\\/fr\\\/#organization\",\"name\":\"Forum on Information & Democracy\",\"url\":\"https:\\\/\\\/informationdemocracy.org\\\/fr\\\/\",\"logo\":{\"@type\":\"ImageObject\",\"inLanguage\":\"fr-FR\",\"@id\":\"https:\\\/\\\/informationdemocracy.org\\\/fr\\\/#\\\/schema\\\/logo\\\/image\\\/\",\"url\":\"https:\\\/\\\/informationdemocracy.org\\\/wp-content\\\/uploads\\\/2025\\\/09\\\/Logo.svg\",\"contentUrl\":\"https:\\\/\\\/informationdemocracy.org\\\/wp-content\\\/uploads\\\/2025\\\/09\\\/Logo.svg\",\"width\":168,\"height\":51,\"caption\":\"Forum on Information & Democracy\"},\"image\":{\"@id\":\"https:\\\/\\\/informationdemocracy.org\\\/fr\\\/#\\\/schema\\\/logo\\\/image\\\/\"},\"sameAs\":[\"https:\\\/\\\/www.linkedin.com\\\/company\\\/forum-information-democracy\",\"https:\\\/\\\/www.youtube.com\\\/playlist?list=PL-yF0NqTYQU2B3I97oh3Dv2Dfevd8ThM_\",\"https:\\\/\\\/www.instagram.com\\\/foruminformationdemocracy\\\/\"]},{\"@type\":\"Person\",\"@id\":\"https:\\\/\\\/informationdemocracy.org\\\/fr\\\/#\\\/schema\\\/person\\\/48ea335c80804b99e13cfa6bf4c2f7dd\",\"name\":\"informationdemocracywebsite\",\"image\":{\"@type\":\"ImageObject\",\"inLanguage\":\"fr-FR\",\"@id\":\"https:\\\/\\\/secure.gravatar.com\\\/avatar\\\/33c6a406643df806a5494363b5db420a409e4a8dc49952dd63ae5da7fb946c0c?s=96&d=mm&r=g\",\"url\":\"https:\\\/\\\/secure.gravatar.com\\\/avatar\\\/33c6a406643df806a5494363b5db420a409e4a8dc49952dd63ae5da7fb946c0c?s=96&d=mm&r=g\",\"contentUrl\":\"https:\\\/\\\/secure.gravatar.com\\\/avatar\\\/33c6a406643df806a5494363b5db420a409e4a8dc49952dd63ae5da7fb946c0c?s=96&d=mm&r=g\",\"caption\":\"informationdemocracywebsite\"},\"url\":\"https:\\\/\\\/informationdemocracy.org\\\/fr\\\/author\\\/informationdemocracywebsite\\\/\"}]}<\/script>\n<!-- \/ Yoast SEO plugin. -->","yoast_head_json":{"title":"En Arm\u00e9nie, l\u2019int\u00e9grit\u00e9 de l\u2019information comme enjeu g\u00e9opolitique - Forum Information &amp; Democracy","robots":{"index":"index","follow":"follow","max-snippet":"max-snippet:-1","max-image-preview":"max-image-preview:large","max-video-preview":"max-video-preview:-1"},"canonical":"https:\/\/informationdemocracy.org\/fr\/2025\/05\/28\/larmenie-et-la-geopolitique-de-lintegrite-de-linformation\/","og_locale":"fr_FR","og_type":"article","og_title":"En Arm\u00e9nie, l\u2019int\u00e9grit\u00e9 de l\u2019information comme enjeu g\u00e9opolitique - Forum Information &amp; Democracy","og_description":"A l\u2019occasion de la seconde \u00e9dition du Yerevan Dialogue, le Forum sur l\u2019information et la d\u00e9mocratie et le gouvernement arm\u00e9nien ont organis\u00e9 une s\u00e9rie de discussions sur l\u2019int\u00e9grit\u00e9 de l\u2019information. Alors que le pays se pr\u00e9pare \u00e0 accueillir la prochaine COP sur la Biodiversit\u00e9 en 2026, le Forum a r\u00e9affirm\u00e9 son engagement \u00e0 soutenir les [&hellip;]","og_url":"https:\/\/informationdemocracy.org\/fr\/2025\/05\/28\/larmenie-et-la-geopolitique-de-lintegrite-de-linformation\/","og_site_name":"Forum Information &amp; Democracy","article_published_time":"2025-05-28T13:03:34+00:00","article_modified_time":"2025-09-20T18:30:35+00:00","og_image":[{"width":1080,"height":675,"url":"https:\/\/informationdemocracy.org\/wp-content\/uploads\/2025\/05\/G01_4472-2-2.jpg.webp","type":"image\/webp"}],"author":"informationdemocracywebsite","twitter_card":"summary_large_image","twitter_misc":{"\u00c9crit par":"informationdemocracywebsite","Dur\u00e9e de lecture estim\u00e9e":"4 minutes"},"schema":{"@context":"https:\/\/schema.org","@graph":[{"@type":"Article","@id":"https:\/\/informationdemocracy.org\/fr\/2025\/05\/28\/larmenie-et-la-geopolitique-de-lintegrite-de-linformation\/#article","isPartOf":{"@id":"https:\/\/informationdemocracy.org\/fr\/2025\/05\/28\/larmenie-et-la-geopolitique-de-lintegrite-de-linformation\/"},"author":{"name":"informationdemocracywebsite","@id":"https:\/\/informationdemocracy.org\/fr\/#\/schema\/person\/48ea335c80804b99e13cfa6bf4c2f7dd"},"headline":"En Arm\u00e9nie, l\u2019int\u00e9grit\u00e9 de l\u2019information comme enjeu g\u00e9opolitique","datePublished":"2025-05-28T13:03:34+00:00","dateModified":"2025-09-20T18:30:35+00:00","mainEntityOfPage":{"@id":"https:\/\/informationdemocracy.org\/fr\/2025\/05\/28\/larmenie-et-la-geopolitique-de-lintegrite-de-linformation\/"},"wordCount":656,"publisher":{"@id":"https:\/\/informationdemocracy.org\/fr\/#organization"},"image":{"@id":"https:\/\/informationdemocracy.org\/fr\/2025\/05\/28\/larmenie-et-la-geopolitique-de-lintegrite-de-linformation\/#primaryimage"},"thumbnailUrl":"https:\/\/informationdemocracy.org\/wp-content\/uploads\/2025\/05\/G01_4472-2-2.jpg.webp","articleSection":["Axe de travail Climat"],"inLanguage":"fr-FR"},{"@type":"WebPage","@id":"https:\/\/informationdemocracy.org\/fr\/2025\/05\/28\/larmenie-et-la-geopolitique-de-lintegrite-de-linformation\/","url":"https:\/\/informationdemocracy.org\/fr\/2025\/05\/28\/larmenie-et-la-geopolitique-de-lintegrite-de-linformation\/","name":"En Arm\u00e9nie, l\u2019int\u00e9grit\u00e9 de l\u2019information comme enjeu g\u00e9opolitique - Forum Information &amp; Democracy","isPartOf":{"@id":"https:\/\/informationdemocracy.org\/fr\/#website"},"primaryImageOfPage":{"@id":"https:\/\/informationdemocracy.org\/fr\/2025\/05\/28\/larmenie-et-la-geopolitique-de-lintegrite-de-linformation\/#primaryimage"},"image":{"@id":"https:\/\/informationdemocracy.org\/fr\/2025\/05\/28\/larmenie-et-la-geopolitique-de-lintegrite-de-linformation\/#primaryimage"},"thumbnailUrl":"https:\/\/informationdemocracy.org\/wp-content\/uploads\/2025\/05\/G01_4472-2-2.jpg.webp","datePublished":"2025-05-28T13:03:34+00:00","dateModified":"2025-09-20T18:30:35+00:00","breadcrumb":{"@id":"https:\/\/informationdemocracy.org\/fr\/2025\/05\/28\/larmenie-et-la-geopolitique-de-lintegrite-de-linformation\/#breadcrumb"},"inLanguage":"fr-FR","potentialAction":[{"@type":"ReadAction","target":["https:\/\/informationdemocracy.org\/fr\/2025\/05\/28\/larmenie-et-la-geopolitique-de-lintegrite-de-linformation\/"]}]},{"@type":"ImageObject","inLanguage":"fr-FR","@id":"https:\/\/informationdemocracy.org\/fr\/2025\/05\/28\/larmenie-et-la-geopolitique-de-lintegrite-de-linformation\/#primaryimage","url":"https:\/\/informationdemocracy.org\/wp-content\/uploads\/2025\/05\/G01_4472-2-2.jpg.webp","contentUrl":"https:\/\/informationdemocracy.org\/wp-content\/uploads\/2025\/05\/G01_4472-2-2.jpg.webp","width":1080,"height":675},{"@type":"BreadcrumbList","@id":"https:\/\/informationdemocracy.org\/fr\/2025\/05\/28\/larmenie-et-la-geopolitique-de-lintegrite-de-linformation\/#breadcrumb","itemListElement":[{"@type":"ListItem","position":1,"name":"Accueil","item":"https:\/\/informationdemocracy.org\/fr\/"},{"@type":"ListItem","position":2,"name":"En Arm\u00e9nie, l\u2019int\u00e9grit\u00e9 de l\u2019information comme enjeu g\u00e9opolitique"}]},{"@type":"WebSite","@id":"https:\/\/informationdemocracy.org\/fr\/#website","url":"https:\/\/informationdemocracy.org\/fr\/","name":"Forum on Information & Democracy","description":"","publisher":{"@id":"https:\/\/informationdemocracy.org\/fr\/#organization"},"potentialAction":[{"@type":"SearchAction","target":{"@type":"EntryPoint","urlTemplate":"https:\/\/informationdemocracy.org\/fr\/?s={search_term_string}"},"query-input":{"@type":"PropertyValueSpecification","valueRequired":true,"valueName":"search_term_string"}}],"inLanguage":"fr-FR"},{"@type":"Organization","@id":"https:\/\/informationdemocracy.org\/fr\/#organization","name":"Forum on Information & Democracy","url":"https:\/\/informationdemocracy.org\/fr\/","logo":{"@type":"ImageObject","inLanguage":"fr-FR","@id":"https:\/\/informationdemocracy.org\/fr\/#\/schema\/logo\/image\/","url":"https:\/\/informationdemocracy.org\/wp-content\/uploads\/2025\/09\/Logo.svg","contentUrl":"https:\/\/informationdemocracy.org\/wp-content\/uploads\/2025\/09\/Logo.svg","width":168,"height":51,"caption":"Forum on Information & Democracy"},"image":{"@id":"https:\/\/informationdemocracy.org\/fr\/#\/schema\/logo\/image\/"},"sameAs":["https:\/\/www.linkedin.com\/company\/forum-information-democracy","https:\/\/www.youtube.com\/playlist?list=PL-yF0NqTYQU2B3I97oh3Dv2Dfevd8ThM_","https:\/\/www.instagram.com\/foruminformationdemocracy\/"]},{"@type":"Person","@id":"https:\/\/informationdemocracy.org\/fr\/#\/schema\/person\/48ea335c80804b99e13cfa6bf4c2f7dd","name":"informationdemocracywebsite","image":{"@type":"ImageObject","inLanguage":"fr-FR","@id":"https:\/\/secure.gravatar.com\/avatar\/33c6a406643df806a5494363b5db420a409e4a8dc49952dd63ae5da7fb946c0c?s=96&d=mm&r=g","url":"https:\/\/secure.gravatar.com\/avatar\/33c6a406643df806a5494363b5db420a409e4a8dc49952dd63ae5da7fb946c0c?s=96&d=mm&r=g","contentUrl":"https:\/\/secure.gravatar.com\/avatar\/33c6a406643df806a5494363b5db420a409e4a8dc49952dd63ae5da7fb946c0c?s=96&d=mm&r=g","caption":"informationdemocracywebsite"},"url":"https:\/\/informationdemocracy.org\/fr\/author\/informationdemocracywebsite\/"}]}},"_links":{"self":[{"href":"https:\/\/informationdemocracy.org\/fr\/wp-json\/wp\/v2\/posts\/12570","targetHints":{"allow":["GET"]}}],"collection":[{"href":"https:\/\/informationdemocracy.org\/fr\/wp-json\/wp\/v2\/posts"}],"about":[{"href":"https:\/\/informationdemocracy.org\/fr\/wp-json\/wp\/v2\/types\/post"}],"author":[{"embeddable":true,"href":"https:\/\/informationdemocracy.org\/fr\/wp-json\/wp\/v2\/users\/2"}],"replies":[{"embeddable":true,"href":"https:\/\/informationdemocracy.org\/fr\/wp-json\/wp\/v2\/comments?post=12570"}],"version-history":[{"count":0,"href":"https:\/\/informationdemocracy.org\/fr\/wp-json\/wp\/v2\/posts\/12570\/revisions"}],"wp:featuredmedia":[{"embeddable":true,"href":"https:\/\/informationdemocracy.org\/fr\/wp-json\/wp\/v2\/media\/12571"}],"wp:attachment":[{"href":"https:\/\/informationdemocracy.org\/fr\/wp-json\/wp\/v2\/media?parent=12570"}],"wp:term":[{"taxonomy":"category","embeddable":true,"href":"https:\/\/informationdemocracy.org\/fr\/wp-json\/wp\/v2\/categories?post=12570"},{"taxonomy":"post_tag","embeddable":true,"href":"https:\/\/informationdemocracy.org\/fr\/wp-json\/wp\/v2\/tags?post=12570"},{"taxonomy":"contenu-mis-en-avant","embeddable":true,"href":"https:\/\/informationdemocracy.org\/fr\/wp-json\/wp\/v2\/contenu-mis-en-avant?post=12570"},{"taxonomy":"thematic","embeddable":true,"href":"https:\/\/informationdemocracy.org\/fr\/wp-json\/wp\/v2\/thematic?post=12570"},{"taxonomy":"workstream","embeddable":true,"href":"https:\/\/informationdemocracy.org\/fr\/wp-json\/wp\/v2\/workstream?post=12570"}],"curies":[{"name":"wp","href":"https:\/\/api.w.org\/{rel}","templated":true}]}}