{"id":12636,"date":"2020-06-19T00:35:45","date_gmt":"2020-06-18T22:35:45","guid":{"rendered":"https:\/\/informationdemocracy.org\/?p=12636"},"modified":"2025-09-21T00:36:09","modified_gmt":"2025-09-20T22:36:09","slug":"le-soutien-de-lalliance-pour-le-multilateralisme-au-groupe-de-travail-sur-les-infodemies","status":"publish","type":"post","link":"https:\/\/informationdemocracy.org\/fr\/2020\/06\/19\/le-soutien-de-lalliance-pour-le-multilateralisme-au-groupe-de-travail-sur-les-infodemies\/","title":{"rendered":"Le soutien de l\u2019Alliance pour le Multilat\u00e9ralisme au \u201cgroupe de travail sur les infod\u00e9mies\u201d"},"content":{"rendered":"\n<p>Le Forum sur l&rsquo;information et la d\u00e9mocratie remercie les pays de l&rsquo;Alliance pour le multilat\u00e9ralisme pour le fort soutien qu&rsquo;ils ont apport\u00e9 au \u00ab\u00a0groupe de travail sur l&rsquo;infod\u00e9mocratie\u00a0\u00bb du Forum. Lors de la r\u00e9union de l&rsquo;Alliance pour le multilat\u00e9ralisme qui a rassembl\u00e9 pr\u00e8s de 50 ministres des affaires \u00e9trang\u00e8res du monde entier le 26 juin 2020, Christophe Deloire, pr\u00e9sident du Forum, a expliqu\u00e9 les objectifs de ce groupe de travail dont le comit\u00e9 de pilotage est pr\u00e9sid\u00e9 par Maria Ressa des Philippines et Marietje Schaake des Pays-Bas. <\/p>\n\n<p>La r\u00e9union \u00e0 distance de l&rsquo;Alliance, pr\u00e9sid\u00e9e par le ministre fran\u00e7ais des Affaires \u00e9trang\u00e8res Jean-Yves Le Drian et le ministre allemand des Affaires \u00e9trang\u00e8res Heiko Maas, s&rsquo;est tenue \u00e0 l&rsquo;occasion du 75e anniversaire de la signature de la Charte des Nations unies. Le directeur g\u00e9n\u00e9ral de l&rsquo;Organisation mondiale de la sant\u00e9, Tedros Adhanom Ghebreyesus, et la directrice g\u00e9n\u00e9rale de l&rsquo;UNESCO, Audrey Azoulay, ont \u00e9galement particip\u00e9 \u00e0 la r\u00e9union, qui devait porter sur le renforcement de l&rsquo;architecture multilat\u00e9rale de sant\u00e9 publique et la lutte contre l&rsquo;infod\u00e9mocratie. <\/p>\n\n<p>Christophe Deloire, \u00e9galement secr\u00e9taire g\u00e9n\u00e9ral de Reporters sans fronti\u00e8res (RSF), a d\u00e9clar\u00e9 lors de la r\u00e9union : \u00ab\u00a0Notre objectif est de vous fournir des recommandations pour un cadre politique d&rsquo;ici la fin de l&rsquo;ann\u00e9e : \u00ab\u00a0Notre objectif est de vous fournir des recommandations pour un cadre politique d&rsquo;ici la fin de l&rsquo;ann\u00e9e. Dans les mois \u00e0 venir, nous allons travailler avec des sp\u00e9cialistes de la technologie, des chercheurs et des juristes de tous les continents. Ce Forum est l&rsquo;\u00e9quivalent pour l&rsquo;urgence d\u00e9mocratique de ce que le Groupe d&rsquo;experts intergouvernemental sur l&rsquo;\u00e9volution du climat, le GIEC, est pour l&rsquo;urgence climatique\u00a0\u00bb.<\/p>\n\n<p>De nombreux ministres des Affaires \u00e9trang\u00e8res ont exprim\u00e9 un avis positif sur ce que le ministre fran\u00e7ais des Affaires \u00e9trang\u00e8res, M. Le Drian, a appel\u00e9 le \u00ab\u00a0groupe de travail sur l&rsquo;infod\u00e9mocratie\u00a0\u00bb que \u00ab\u00a0le Forum sur l&rsquo;information et la d\u00e9mocratie vient de lancer dans le cadre des initiatives soutenues par l&rsquo;Alliance\u00a0\u00bb. Quinze d&rsquo;entre eux, dont ceux de la C\u00f4te d&rsquo;Ivoire, du Costa Rica, de la Gr\u00e8ce, du Luxembourg, de l&rsquo;Inde et de l&rsquo;Italie, ont d\u00e9clar\u00e9 attendre avec int\u00e9r\u00eat les recommandations du Forum. <\/p>\n\n<p>\u00ab\u00a0Le Ghana f\u00e9licite l&rsquo;Alliance pour le multilat\u00e9ralisme d&rsquo;avoir encourag\u00e9 le Forum sur l&rsquo;information et la d\u00e9mocratie \u00e0 inclure la crise du Covid-19 et les probl\u00e8mes d&rsquo;information connexes dans son programme de travail\u00a0\u00bb, a d\u00e9clar\u00e9 la ministre des affaires \u00e9trang\u00e8res, Shirley Ayorkor Botchway. \u00ab\u00a0Le Ghana est heureux de soutenir le groupe de travail d&rsquo;experts ind\u00e9pendants cr\u00e9\u00e9 par le Forum sur l&rsquo;information et la d\u00e9mocratie, et attend avec impatience leur rapport lors de la troisi\u00e8me \u00e9dition du Forum de Paris sur la paix en novembre 2020\u00a0\u00bb, a-t-elle ajout\u00e9. <\/p>\n\n<p>La ministre sud-cor\u00e9enne des affaires \u00e9trang\u00e8res, Kang Kyung-wha, s&rsquo;est f\u00e9licit\u00e9e du fait que le groupe de travail \u00ab\u00a0guidera les membres de l&rsquo;Alliance dans ce nouveau domaine de d\u00e9fis impr\u00e9vus\u00a0\u00bb et a exhort\u00e9 le Forum \u00e0 \u00eatre \u00ab\u00a0ambitieux dans cette entreprise\u00a0\u00bb afin de \u00ab\u00a0s&rsquo;attaquer \u00e0 tous les maux de l&rsquo;\u00e8re dite de la post-v\u00e9rit\u00e9 qui se sont infiltr\u00e9s dans nos soci\u00e9t\u00e9s depuis trop longtemps\u00a0\u00bb.<\/p>\n\n<p>Apr\u00e8s avoir soulign\u00e9 l&rsquo;importance de \u00ab\u00a0promouvoir des mesures garantissant la d\u00e9mocratie pluraliste et l&rsquo;int\u00e9grit\u00e9 des nouvelles et de l&rsquo;information\u00a0\u00bb, le ministre belge des affaires \u00e9trang\u00e8res, Philippe Coffin, s&rsquo;est engag\u00e9 \u00e0 soutenir le groupe de travail et \u00e0 \u00ab\u00a0encourager les plates-formes num\u00e9riques \u00e0 y contribuer\u00a0\u00bb.<\/p>\n\n<p>M. Azoulay, de l&rsquo;UNESCO, a d\u00e9clar\u00e9 : \u00ab\u00a0Je salue la cr\u00e9ation d&rsquo;un groupe de travail sur l&rsquo;infod\u00e9mie : \u00ab\u00a0Je salue la cr\u00e9ation d&rsquo;un groupe de travail sur l&rsquo;infod\u00e9mie dont nous attendons les conclusions avec grand int\u00e9r\u00eat. En accordant une attention particuli\u00e8re \u00e0 la responsabilit\u00e9 des principaux acteurs du num\u00e9rique, ce groupe de travail aborde une question essentielle, celle de la transparence des algorithmes et de leur capacit\u00e9 \u00e0 r\u00e9agir rapidement dans la mod\u00e9ration des contenus.\u00a0\u00bb<\/p>\n","protected":false},"excerpt":{"rendered":"<p>Le Forum sur l&rsquo;information et la d\u00e9mocratie remercie les pays de l&rsquo;Alliance pour le multilat\u00e9ralisme pour le fort soutien qu&rsquo;ils ont apport\u00e9 au \u00ab\u00a0groupe de travail sur l&rsquo;infod\u00e9mocratie\u00a0\u00bb du Forum. Lors de la r\u00e9union de l&rsquo;Alliance pour le multilat\u00e9ralisme qui a rassembl\u00e9 pr\u00e8s de 50 ministres des affaires \u00e9trang\u00e8res du monde entier le 26 juin [&hellip;]<\/p>\n","protected":false},"author":2,"featured_media":11375,"comment_status":"closed","ping_status":"closed","sticky":false,"template":"","format":"standard","meta":{"_acf_changed":false,"footnotes":""},"categories":[56],"tags":[],"contenu-mis-en-avant":[],"thematic":[69],"workstream":[],"class_list":["post-12636","post","type-post","status-publish","format-standard","has-post-thumbnail","hentry","category-non-classe","thematic-fiabilite-des-informations-en-ligne"],"acf":[],"yoast_head":"<!-- This site is optimized with the Yoast SEO plugin v27.4 - https:\/\/yoast.com\/product\/yoast-seo-wordpress\/ -->\n<title>Le soutien de l\u2019Alliance pour le Multilat\u00e9ralisme au \u201cgroupe de travail sur les infod\u00e9mies\u201d - Forum Information &amp; Democracy<\/title>\n<meta name=\"robots\" content=\"index, follow, max-snippet:-1, max-image-preview:large, max-video-preview:-1\" \/>\n<link rel=\"canonical\" href=\"https:\/\/informationdemocracy.org\/fr\/2020\/06\/19\/le-soutien-de-lalliance-pour-le-multilateralisme-au-groupe-de-travail-sur-les-infodemies\/\" \/>\n<meta property=\"og:locale\" content=\"fr_FR\" \/>\n<meta property=\"og:type\" content=\"article\" \/>\n<meta property=\"og:title\" content=\"Le soutien de l\u2019Alliance pour le Multilat\u00e9ralisme au \u201cgroupe de travail sur les infod\u00e9mies\u201d - Forum Information &amp; Democracy\" \/>\n<meta property=\"og:description\" content=\"Le Forum sur l&rsquo;information et la d\u00e9mocratie remercie les pays de l&rsquo;Alliance pour le multilat\u00e9ralisme pour le fort soutien qu&rsquo;ils ont apport\u00e9 au \u00ab\u00a0groupe de travail sur l&rsquo;infod\u00e9mocratie\u00a0\u00bb du Forum. Lors de la r\u00e9union de l&rsquo;Alliance pour le multilat\u00e9ralisme qui a rassembl\u00e9 pr\u00e8s de 50 ministres des affaires \u00e9trang\u00e8res du monde entier le 26 juin [&hellip;]\" \/>\n<meta property=\"og:url\" content=\"https:\/\/informationdemocracy.org\/fr\/2020\/06\/19\/le-soutien-de-lalliance-pour-le-multilateralisme-au-groupe-de-travail-sur-les-infodemies\/\" \/>\n<meta property=\"og:site_name\" content=\"Forum Information &amp; Democracy\" \/>\n<meta property=\"article:published_time\" content=\"2020-06-18T22:35:45+00:00\" \/>\n<meta property=\"article:modified_time\" content=\"2025-09-20T22:36:09+00:00\" \/>\n<meta property=\"og:image\" content=\"https:\/\/informationdemocracy.org\/wp-content\/uploads\/2019\/11\/LancementForum-1.png\" \/>\n\t<meta property=\"og:image:width\" content=\"1200\" \/>\n\t<meta property=\"og:image:height\" content=\"675\" \/>\n\t<meta property=\"og:image:type\" content=\"image\/png\" \/>\n<meta name=\"author\" content=\"informationdemocracywebsite\" \/>\n<meta name=\"twitter:card\" content=\"summary_large_image\" \/>\n<meta name=\"twitter:label1\" content=\"\u00c9crit par\" \/>\n\t<meta name=\"twitter:data1\" content=\"informationdemocracywebsite\" \/>\n\t<meta name=\"twitter:label2\" content=\"Dur\u00e9e de lecture estim\u00e9e\" \/>\n\t<meta name=\"twitter:data2\" content=\"3 minutes\" \/>\n<script type=\"application\/ld+json\" class=\"yoast-schema-graph\">{\"@context\":\"https:\\\/\\\/schema.org\",\"@graph\":[{\"@type\":\"Article\",\"@id\":\"https:\\\/\\\/informationdemocracy.org\\\/fr\\\/2020\\\/06\\\/19\\\/le-soutien-de-lalliance-pour-le-multilateralisme-au-groupe-de-travail-sur-les-infodemies\\\/#article\",\"isPartOf\":{\"@id\":\"https:\\\/\\\/informationdemocracy.org\\\/fr\\\/2020\\\/06\\\/19\\\/le-soutien-de-lalliance-pour-le-multilateralisme-au-groupe-de-travail-sur-les-infodemies\\\/\"},\"author\":{\"name\":\"informationdemocracywebsite\",\"@id\":\"https:\\\/\\\/informationdemocracy.org\\\/fr\\\/#\\\/schema\\\/person\\\/48ea335c80804b99e13cfa6bf4c2f7dd\"},\"headline\":\"Le soutien de l\u2019Alliance pour le Multilat\u00e9ralisme au \u201cgroupe de travail sur les infod\u00e9mies\u201d\",\"datePublished\":\"2020-06-18T22:35:45+00:00\",\"dateModified\":\"2025-09-20T22:36:09+00:00\",\"mainEntityOfPage\":{\"@id\":\"https:\\\/\\\/informationdemocracy.org\\\/fr\\\/2020\\\/06\\\/19\\\/le-soutien-de-lalliance-pour-le-multilateralisme-au-groupe-de-travail-sur-les-infodemies\\\/\"},\"wordCount\":741,\"publisher\":{\"@id\":\"https:\\\/\\\/informationdemocracy.org\\\/fr\\\/#organization\"},\"image\":{\"@id\":\"https:\\\/\\\/informationdemocracy.org\\\/fr\\\/2020\\\/06\\\/19\\\/le-soutien-de-lalliance-pour-le-multilateralisme-au-groupe-de-travail-sur-les-infodemies\\\/#primaryimage\"},\"thumbnailUrl\":\"https:\\\/\\\/informationdemocracy.org\\\/wp-content\\\/uploads\\\/2019\\\/11\\\/LancementForum-1.png\",\"inLanguage\":\"fr-FR\"},{\"@type\":\"WebPage\",\"@id\":\"https:\\\/\\\/informationdemocracy.org\\\/fr\\\/2020\\\/06\\\/19\\\/le-soutien-de-lalliance-pour-le-multilateralisme-au-groupe-de-travail-sur-les-infodemies\\\/\",\"url\":\"https:\\\/\\\/informationdemocracy.org\\\/fr\\\/2020\\\/06\\\/19\\\/le-soutien-de-lalliance-pour-le-multilateralisme-au-groupe-de-travail-sur-les-infodemies\\\/\",\"name\":\"Le soutien de l\u2019Alliance pour le Multilat\u00e9ralisme au \u201cgroupe de travail sur les infod\u00e9mies\u201d - Forum Information &amp; Democracy\",\"isPartOf\":{\"@id\":\"https:\\\/\\\/informationdemocracy.org\\\/fr\\\/#website\"},\"primaryImageOfPage\":{\"@id\":\"https:\\\/\\\/informationdemocracy.org\\\/fr\\\/2020\\\/06\\\/19\\\/le-soutien-de-lalliance-pour-le-multilateralisme-au-groupe-de-travail-sur-les-infodemies\\\/#primaryimage\"},\"image\":{\"@id\":\"https:\\\/\\\/informationdemocracy.org\\\/fr\\\/2020\\\/06\\\/19\\\/le-soutien-de-lalliance-pour-le-multilateralisme-au-groupe-de-travail-sur-les-infodemies\\\/#primaryimage\"},\"thumbnailUrl\":\"https:\\\/\\\/informationdemocracy.org\\\/wp-content\\\/uploads\\\/2019\\\/11\\\/LancementForum-1.png\",\"datePublished\":\"2020-06-18T22:35:45+00:00\",\"dateModified\":\"2025-09-20T22:36:09+00:00\",\"breadcrumb\":{\"@id\":\"https:\\\/\\\/informationdemocracy.org\\\/fr\\\/2020\\\/06\\\/19\\\/le-soutien-de-lalliance-pour-le-multilateralisme-au-groupe-de-travail-sur-les-infodemies\\\/#breadcrumb\"},\"inLanguage\":\"fr-FR\",\"potentialAction\":[{\"@type\":\"ReadAction\",\"target\":[\"https:\\\/\\\/informationdemocracy.org\\\/fr\\\/2020\\\/06\\\/19\\\/le-soutien-de-lalliance-pour-le-multilateralisme-au-groupe-de-travail-sur-les-infodemies\\\/\"]}]},{\"@type\":\"ImageObject\",\"inLanguage\":\"fr-FR\",\"@id\":\"https:\\\/\\\/informationdemocracy.org\\\/fr\\\/2020\\\/06\\\/19\\\/le-soutien-de-lalliance-pour-le-multilateralisme-au-groupe-de-travail-sur-les-infodemies\\\/#primaryimage\",\"url\":\"https:\\\/\\\/informationdemocracy.org\\\/wp-content\\\/uploads\\\/2019\\\/11\\\/LancementForum-1.png\",\"contentUrl\":\"https:\\\/\\\/informationdemocracy.org\\\/wp-content\\\/uploads\\\/2019\\\/11\\\/LancementForum-1.png\",\"width\":1200,\"height\":675},{\"@type\":\"BreadcrumbList\",\"@id\":\"https:\\\/\\\/informationdemocracy.org\\\/fr\\\/2020\\\/06\\\/19\\\/le-soutien-de-lalliance-pour-le-multilateralisme-au-groupe-de-travail-sur-les-infodemies\\\/#breadcrumb\",\"itemListElement\":[{\"@type\":\"ListItem\",\"position\":1,\"name\":\"Accueil\",\"item\":\"https:\\\/\\\/informationdemocracy.org\\\/fr\\\/\"},{\"@type\":\"ListItem\",\"position\":2,\"name\":\"Le soutien de l\u2019Alliance pour le Multilat\u00e9ralisme au \u201cgroupe de travail sur les infod\u00e9mies\u201d\"}]},{\"@type\":\"WebSite\",\"@id\":\"https:\\\/\\\/informationdemocracy.org\\\/fr\\\/#website\",\"url\":\"https:\\\/\\\/informationdemocracy.org\\\/fr\\\/\",\"name\":\"Forum on Information & Democracy\",\"description\":\"\",\"publisher\":{\"@id\":\"https:\\\/\\\/informationdemocracy.org\\\/fr\\\/#organization\"},\"potentialAction\":[{\"@type\":\"SearchAction\",\"target\":{\"@type\":\"EntryPoint\",\"urlTemplate\":\"https:\\\/\\\/informationdemocracy.org\\\/fr\\\/?s={search_term_string}\"},\"query-input\":{\"@type\":\"PropertyValueSpecification\",\"valueRequired\":true,\"valueName\":\"search_term_string\"}}],\"inLanguage\":\"fr-FR\"},{\"@type\":\"Organization\",\"@id\":\"https:\\\/\\\/informationdemocracy.org\\\/fr\\\/#organization\",\"name\":\"Forum on Information & Democracy\",\"url\":\"https:\\\/\\\/informationdemocracy.org\\\/fr\\\/\",\"logo\":{\"@type\":\"ImageObject\",\"inLanguage\":\"fr-FR\",\"@id\":\"https:\\\/\\\/informationdemocracy.org\\\/fr\\\/#\\\/schema\\\/logo\\\/image\\\/\",\"url\":\"https:\\\/\\\/informationdemocracy.org\\\/wp-content\\\/uploads\\\/2025\\\/09\\\/Logo.svg\",\"contentUrl\":\"https:\\\/\\\/informationdemocracy.org\\\/wp-content\\\/uploads\\\/2025\\\/09\\\/Logo.svg\",\"width\":168,\"height\":51,\"caption\":\"Forum on Information & Democracy\"},\"image\":{\"@id\":\"https:\\\/\\\/informationdemocracy.org\\\/fr\\\/#\\\/schema\\\/logo\\\/image\\\/\"},\"sameAs\":[\"https:\\\/\\\/www.linkedin.com\\\/company\\\/forum-information-democracy\",\"https:\\\/\\\/www.youtube.com\\\/playlist?list=PL-yF0NqTYQU2B3I97oh3Dv2Dfevd8ThM_\",\"https:\\\/\\\/www.instagram.com\\\/foruminformationdemocracy\\\/\"]},{\"@type\":\"Person\",\"@id\":\"https:\\\/\\\/informationdemocracy.org\\\/fr\\\/#\\\/schema\\\/person\\\/48ea335c80804b99e13cfa6bf4c2f7dd\",\"name\":\"informationdemocracywebsite\",\"image\":{\"@type\":\"ImageObject\",\"inLanguage\":\"fr-FR\",\"@id\":\"https:\\\/\\\/secure.gravatar.com\\\/avatar\\\/33c6a406643df806a5494363b5db420a409e4a8dc49952dd63ae5da7fb946c0c?s=96&d=mm&r=g\",\"url\":\"https:\\\/\\\/secure.gravatar.com\\\/avatar\\\/33c6a406643df806a5494363b5db420a409e4a8dc49952dd63ae5da7fb946c0c?s=96&d=mm&r=g\",\"contentUrl\":\"https:\\\/\\\/secure.gravatar.com\\\/avatar\\\/33c6a406643df806a5494363b5db420a409e4a8dc49952dd63ae5da7fb946c0c?s=96&d=mm&r=g\",\"caption\":\"informationdemocracywebsite\"},\"url\":\"https:\\\/\\\/informationdemocracy.org\\\/fr\\\/author\\\/informationdemocracywebsite\\\/\"}]}<\/script>\n<!-- \/ Yoast SEO plugin. -->","yoast_head_json":{"title":"Le soutien de l\u2019Alliance pour le Multilat\u00e9ralisme au \u201cgroupe de travail sur les infod\u00e9mies\u201d - Forum Information &amp; Democracy","robots":{"index":"index","follow":"follow","max-snippet":"max-snippet:-1","max-image-preview":"max-image-preview:large","max-video-preview":"max-video-preview:-1"},"canonical":"https:\/\/informationdemocracy.org\/fr\/2020\/06\/19\/le-soutien-de-lalliance-pour-le-multilateralisme-au-groupe-de-travail-sur-les-infodemies\/","og_locale":"fr_FR","og_type":"article","og_title":"Le soutien de l\u2019Alliance pour le Multilat\u00e9ralisme au \u201cgroupe de travail sur les infod\u00e9mies\u201d - Forum Information &amp; Democracy","og_description":"Le Forum sur l&rsquo;information et la d\u00e9mocratie remercie les pays de l&rsquo;Alliance pour le multilat\u00e9ralisme pour le fort soutien qu&rsquo;ils ont apport\u00e9 au \u00ab\u00a0groupe de travail sur l&rsquo;infod\u00e9mocratie\u00a0\u00bb du Forum. Lors de la r\u00e9union de l&rsquo;Alliance pour le multilat\u00e9ralisme qui a rassembl\u00e9 pr\u00e8s de 50 ministres des affaires \u00e9trang\u00e8res du monde entier le 26 juin [&hellip;]","og_url":"https:\/\/informationdemocracy.org\/fr\/2020\/06\/19\/le-soutien-de-lalliance-pour-le-multilateralisme-au-groupe-de-travail-sur-les-infodemies\/","og_site_name":"Forum Information &amp; Democracy","article_published_time":"2020-06-18T22:35:45+00:00","article_modified_time":"2025-09-20T22:36:09+00:00","og_image":[{"width":1200,"height":675,"url":"https:\/\/informationdemocracy.org\/wp-content\/uploads\/2019\/11\/LancementForum-1.png","type":"image\/png"}],"author":"informationdemocracywebsite","twitter_card":"summary_large_image","twitter_misc":{"\u00c9crit par":"informationdemocracywebsite","Dur\u00e9e de lecture estim\u00e9e":"3 minutes"},"schema":{"@context":"https:\/\/schema.org","@graph":[{"@type":"Article","@id":"https:\/\/informationdemocracy.org\/fr\/2020\/06\/19\/le-soutien-de-lalliance-pour-le-multilateralisme-au-groupe-de-travail-sur-les-infodemies\/#article","isPartOf":{"@id":"https:\/\/informationdemocracy.org\/fr\/2020\/06\/19\/le-soutien-de-lalliance-pour-le-multilateralisme-au-groupe-de-travail-sur-les-infodemies\/"},"author":{"name":"informationdemocracywebsite","@id":"https:\/\/informationdemocracy.org\/fr\/#\/schema\/person\/48ea335c80804b99e13cfa6bf4c2f7dd"},"headline":"Le soutien de l\u2019Alliance pour le Multilat\u00e9ralisme au \u201cgroupe de travail sur les infod\u00e9mies\u201d","datePublished":"2020-06-18T22:35:45+00:00","dateModified":"2025-09-20T22:36:09+00:00","mainEntityOfPage":{"@id":"https:\/\/informationdemocracy.org\/fr\/2020\/06\/19\/le-soutien-de-lalliance-pour-le-multilateralisme-au-groupe-de-travail-sur-les-infodemies\/"},"wordCount":741,"publisher":{"@id":"https:\/\/informationdemocracy.org\/fr\/#organization"},"image":{"@id":"https:\/\/informationdemocracy.org\/fr\/2020\/06\/19\/le-soutien-de-lalliance-pour-le-multilateralisme-au-groupe-de-travail-sur-les-infodemies\/#primaryimage"},"thumbnailUrl":"https:\/\/informationdemocracy.org\/wp-content\/uploads\/2019\/11\/LancementForum-1.png","inLanguage":"fr-FR"},{"@type":"WebPage","@id":"https:\/\/informationdemocracy.org\/fr\/2020\/06\/19\/le-soutien-de-lalliance-pour-le-multilateralisme-au-groupe-de-travail-sur-les-infodemies\/","url":"https:\/\/informationdemocracy.org\/fr\/2020\/06\/19\/le-soutien-de-lalliance-pour-le-multilateralisme-au-groupe-de-travail-sur-les-infodemies\/","name":"Le soutien de l\u2019Alliance pour le Multilat\u00e9ralisme au \u201cgroupe de travail sur les infod\u00e9mies\u201d - Forum Information &amp; Democracy","isPartOf":{"@id":"https:\/\/informationdemocracy.org\/fr\/#website"},"primaryImageOfPage":{"@id":"https:\/\/informationdemocracy.org\/fr\/2020\/06\/19\/le-soutien-de-lalliance-pour-le-multilateralisme-au-groupe-de-travail-sur-les-infodemies\/#primaryimage"},"image":{"@id":"https:\/\/informationdemocracy.org\/fr\/2020\/06\/19\/le-soutien-de-lalliance-pour-le-multilateralisme-au-groupe-de-travail-sur-les-infodemies\/#primaryimage"},"thumbnailUrl":"https:\/\/informationdemocracy.org\/wp-content\/uploads\/2019\/11\/LancementForum-1.png","datePublished":"2020-06-18T22:35:45+00:00","dateModified":"2025-09-20T22:36:09+00:00","breadcrumb":{"@id":"https:\/\/informationdemocracy.org\/fr\/2020\/06\/19\/le-soutien-de-lalliance-pour-le-multilateralisme-au-groupe-de-travail-sur-les-infodemies\/#breadcrumb"},"inLanguage":"fr-FR","potentialAction":[{"@type":"ReadAction","target":["https:\/\/informationdemocracy.org\/fr\/2020\/06\/19\/le-soutien-de-lalliance-pour-le-multilateralisme-au-groupe-de-travail-sur-les-infodemies\/"]}]},{"@type":"ImageObject","inLanguage":"fr-FR","@id":"https:\/\/informationdemocracy.org\/fr\/2020\/06\/19\/le-soutien-de-lalliance-pour-le-multilateralisme-au-groupe-de-travail-sur-les-infodemies\/#primaryimage","url":"https:\/\/informationdemocracy.org\/wp-content\/uploads\/2019\/11\/LancementForum-1.png","contentUrl":"https:\/\/informationdemocracy.org\/wp-content\/uploads\/2019\/11\/LancementForum-1.png","width":1200,"height":675},{"@type":"BreadcrumbList","@id":"https:\/\/informationdemocracy.org\/fr\/2020\/06\/19\/le-soutien-de-lalliance-pour-le-multilateralisme-au-groupe-de-travail-sur-les-infodemies\/#breadcrumb","itemListElement":[{"@type":"ListItem","position":1,"name":"Accueil","item":"https:\/\/informationdemocracy.org\/fr\/"},{"@type":"ListItem","position":2,"name":"Le soutien de l\u2019Alliance pour le Multilat\u00e9ralisme au \u201cgroupe de travail sur les infod\u00e9mies\u201d"}]},{"@type":"WebSite","@id":"https:\/\/informationdemocracy.org\/fr\/#website","url":"https:\/\/informationdemocracy.org\/fr\/","name":"Forum on Information & Democracy","description":"","publisher":{"@id":"https:\/\/informationdemocracy.org\/fr\/#organization"},"potentialAction":[{"@type":"SearchAction","target":{"@type":"EntryPoint","urlTemplate":"https:\/\/informationdemocracy.org\/fr\/?s={search_term_string}"},"query-input":{"@type":"PropertyValueSpecification","valueRequired":true,"valueName":"search_term_string"}}],"inLanguage":"fr-FR"},{"@type":"Organization","@id":"https:\/\/informationdemocracy.org\/fr\/#organization","name":"Forum on Information & Democracy","url":"https:\/\/informationdemocracy.org\/fr\/","logo":{"@type":"ImageObject","inLanguage":"fr-FR","@id":"https:\/\/informationdemocracy.org\/fr\/#\/schema\/logo\/image\/","url":"https:\/\/informationdemocracy.org\/wp-content\/uploads\/2025\/09\/Logo.svg","contentUrl":"https:\/\/informationdemocracy.org\/wp-content\/uploads\/2025\/09\/Logo.svg","width":168,"height":51,"caption":"Forum on Information & Democracy"},"image":{"@id":"https:\/\/informationdemocracy.org\/fr\/#\/schema\/logo\/image\/"},"sameAs":["https:\/\/www.linkedin.com\/company\/forum-information-democracy","https:\/\/www.youtube.com\/playlist?list=PL-yF0NqTYQU2B3I97oh3Dv2Dfevd8ThM_","https:\/\/www.instagram.com\/foruminformationdemocracy\/"]},{"@type":"Person","@id":"https:\/\/informationdemocracy.org\/fr\/#\/schema\/person\/48ea335c80804b99e13cfa6bf4c2f7dd","name":"informationdemocracywebsite","image":{"@type":"ImageObject","inLanguage":"fr-FR","@id":"https:\/\/secure.gravatar.com\/avatar\/33c6a406643df806a5494363b5db420a409e4a8dc49952dd63ae5da7fb946c0c?s=96&d=mm&r=g","url":"https:\/\/secure.gravatar.com\/avatar\/33c6a406643df806a5494363b5db420a409e4a8dc49952dd63ae5da7fb946c0c?s=96&d=mm&r=g","contentUrl":"https:\/\/secure.gravatar.com\/avatar\/33c6a406643df806a5494363b5db420a409e4a8dc49952dd63ae5da7fb946c0c?s=96&d=mm&r=g","caption":"informationdemocracywebsite"},"url":"https:\/\/informationdemocracy.org\/fr\/author\/informationdemocracywebsite\/"}]}},"_links":{"self":[{"href":"https:\/\/informationdemocracy.org\/fr\/wp-json\/wp\/v2\/posts\/12636","targetHints":{"allow":["GET"]}}],"collection":[{"href":"https:\/\/informationdemocracy.org\/fr\/wp-json\/wp\/v2\/posts"}],"about":[{"href":"https:\/\/informationdemocracy.org\/fr\/wp-json\/wp\/v2\/types\/post"}],"author":[{"embeddable":true,"href":"https:\/\/informationdemocracy.org\/fr\/wp-json\/wp\/v2\/users\/2"}],"replies":[{"embeddable":true,"href":"https:\/\/informationdemocracy.org\/fr\/wp-json\/wp\/v2\/comments?post=12636"}],"version-history":[{"count":0,"href":"https:\/\/informationdemocracy.org\/fr\/wp-json\/wp\/v2\/posts\/12636\/revisions"}],"wp:featuredmedia":[{"embeddable":true,"href":"https:\/\/informationdemocracy.org\/fr\/wp-json\/wp\/v2\/media\/11375"}],"wp:attachment":[{"href":"https:\/\/informationdemocracy.org\/fr\/wp-json\/wp\/v2\/media?parent=12636"}],"wp:term":[{"taxonomy":"category","embeddable":true,"href":"https:\/\/informationdemocracy.org\/fr\/wp-json\/wp\/v2\/categories?post=12636"},{"taxonomy":"post_tag","embeddable":true,"href":"https:\/\/informationdemocracy.org\/fr\/wp-json\/wp\/v2\/tags?post=12636"},{"taxonomy":"contenu-mis-en-avant","embeddable":true,"href":"https:\/\/informationdemocracy.org\/fr\/wp-json\/wp\/v2\/contenu-mis-en-avant?post=12636"},{"taxonomy":"thematic","embeddable":true,"href":"https:\/\/informationdemocracy.org\/fr\/wp-json\/wp\/v2\/thematic?post=12636"},{"taxonomy":"workstream","embeddable":true,"href":"https:\/\/informationdemocracy.org\/fr\/wp-json\/wp\/v2\/workstream?post=12636"}],"curies":[{"name":"wp","href":"https:\/\/api.w.org\/{rel}","templated":true}]}}