{"id":12666,"date":"2025-02-05T00:48:00","date_gmt":"2025-02-04T23:48:00","guid":{"rendered":"https:\/\/informationdemocracy.org\/?p=12666"},"modified":"2025-09-21T00:49:09","modified_gmt":"2025-09-20T22:49:09","slug":"sommet-pour-laction-sur-lia-faire-de-lintegrite-de-linformation-une-priorite","status":"publish","type":"post","link":"https:\/\/informationdemocracy.org\/fr\/2025\/02\/05\/sommet-pour-laction-sur-lia-faire-de-lintegrite-de-linformation-une-priorite\/","title":{"rendered":"Sommet pour l\u2019action sur l\u2019IA : faire de l\u2019int\u00e9grit\u00e9 de l\u2019information une priorit\u00e9"},"content":{"rendered":"\n<p><strong>Alors que le Sommet pour l\u2019Action sur l\u2019IA ouvre ses portes ce jeudi 6 f\u00e9vrier \u00e0 Paris, le Forum sur l\u2019information et la d\u00e9mocratie rappelle l\u2019urgence de mettre en place des cadres de r\u00e9gulation pour que le d\u00e9veloppement de cette technologie se fasse au profit, et non au d\u00e9triment, de l\u2019int\u00e9grit\u00e9 de l\u2019information et des droits humains.&nbsp;<\/strong><\/p>\n\n\n\n<p>Paris, le 5 f\u00e9vrier 2025<\/p>\n\n\n\n<p>Du 6 au 11 f\u00e9vrier, Paris accueillera le Sommet pour l\u2019Action sur l\u2019IA. Organis\u00e9 par la pr\u00e9sidence de la R\u00e9publique et d\u00e9cid\u00e9ment orient\u00e9 vers des livrables concrets, le Sommet vise \u00e0&nbsp;<em>\u201crenforcer l\u2019action internationale en faveur d\u2019une intelligence artificielle au service de l\u2019int\u00e9r\u00eat g\u00e9n\u00e9ral.\u201d&nbsp;<\/em>Il devrait rassembler des dizaines de chefs d\u2019Etats, les entreprises du secteur, le monde de la recherche et quelques repr\u00e9sentants de la soci\u00e9t\u00e9 civile.&nbsp;<\/p>\n\n\n\n<p><em>\u201cDans un contexte international particuli\u00e8rement volatil, le Sommet pour l\u2019Action sur l\u2019IA doit permettre de faire \u00e9merger une troisi\u00e8me voie pour le d\u00e9veloppement de syst\u00e8mes technologiques qui ont d\u2019ores-et-d\u00e9j\u00e0 un impact direct sur la vie de millions de personnes. Notre organisation contribuera activement pour que les sujets li\u00e9s \u00e0 l\u2019espace informationnel soient convenablement pris en compte par les organisateurs et les diff\u00e9rentes parties prenantes rassembl\u00e9es \u00e0 Paris. \u201d<\/em><\/p>\n\n\n\n<p>Camille Grenier, Directeur ex\u00e9cutif du Forum sur l\u2019information et la d\u00e9mocratie<\/p>\n\n\n\n<p>Organis\u00e9 en diff\u00e9rents axes de travail pilot\u00e9s par Anne Bouverot, envoy\u00e9e sp\u00e9ciale du pr\u00e9sident de la R\u00e9publique pour le Sommet, le p\u00e9rim\u00e8tre du Sommet est particuli\u00e8rement ambitieux et couvrira notamment l\u2019int\u00e9r\u00eat g\u00e9n\u00e9ral, la confiance, le futur du travail ou encore la culture et l\u2019innovation.&nbsp;<\/p>\n\n\n\n<p>Et suite aux annonces du patron de Meta Mark Zuckerberg, la ministre d\u00e9l\u00e9gu\u00e9e charg\u00e9e du Num\u00e9rique Clara Chappaz promettait \u00e9galement d\u2019en faire un moment pour renforcer la coop\u00e9ration pour \u201cune technologie au service de la soci\u00e9t\u00e9 et de la coh\u00e9sion.\u201d En cela, le Forum sur l\u2019information et la d\u00e9mocratie a pu contribuer activement au cours des 12 derniers mois:&nbsp;<\/p>\n\n\n\n<ul class=\"wp-block-list\">\n<li>Le 28 f\u00e9vrier 2024, l\u2019organisation lan\u00e7ait depuis Paris, Berkeley, Le Cap, Brasilia et Florence, son rapport sur\u00a0<a href=\"https:\/\/informationdemocracy.org\/wp-content\/uploads\/2024\/04\/Forum-ID_IA-comme-bien-public.pdf\">l\u2019IA et l\u2019espace informationnel<\/a>\u00a0proposant un cadre de r\u00e9gulation pour assurer l\u2019int\u00e9grit\u00e9 de l\u2019information \u00e0 l\u2019\u00e8re de l\u2019IA.\u00a0<\/li>\n\n\n\n<li>En septembre 2024, le Forum sur l\u2019information et la d\u00e9mocratie a propos\u00e9 la cr\u00e9ation d\u2019un\u00a0<a href=\"https:\/\/informationdemocracy.org\/2024\/09\/19\/paper-release-exploring-a-voluntary-certification-mechanism-for-public-interest-ai\/\">m\u00e9canisme de certification volontair<\/a>e pour les IA d\u2019int\u00e9r\u00eat public et un\u00a0<a href=\"https:\/\/informationdemocracy.org\/2024\/09\/23\/call-to-action-key-priorities-to-ensure-information-integrity-in-the-ai-era\/\">appel<\/a>\u00a0sign\u00e9 par une vingtaine d\u2019organisations \u00e0 travers le monde.\u00a0<\/li>\n\n\n\n<li>Enfin, le 15 janvier 2025, le Forum publiait la\u00a0<a href=\"https:\/\/observatory.informationdemocracy.org\/reports\/\">premi\u00e8re m\u00e9ta-analyse de son Observatoire<\/a>\u00a0pr\u00e9sentant l\u2019\u00e9tat de la recherche sur les \u00e9cosyst\u00e8mes informationnels. Un\u00a0<a href=\"https:\/\/observatory.informationdemocracy.org\/report\/artificial-intelligence-information-integrity-and-democracy-chap-3\/\">chapitre<\/a>\u00a0est consacr\u00e9 \u00e0 la connaissance sur l\u2019IA, l\u2019information et la d\u00e9mocratie.\u00a0\u00a0<\/li>\n<\/ul>\n\n\n\n<p>Ces diff\u00e9rents travaux montrent que l\u2019encadrement des syst\u00e8mes d\u2019IA est n\u00e9cessaire pour pr\u00e9server la sant\u00e9 de nos espaces informationnels et de nos d\u00e9mocraties. Via la protection des donn\u00e9es personnelles, le partage de la valeur, la lutte contre les biais, la transparence et la redevabilit\u00e9 des acteurs, les syst\u00e8mes d\u2019intelligence artificielle peuvent apporter de r\u00e9els b\u00e9n\u00e9fices dans l\u2019acc\u00e8s \u00e0 la connaissance et au progr\u00e8s.&nbsp;<\/p>\n\n\n\n<p>A l\u2019occasion de ce Sommet, le Forum organisera notamment un side-event avec l\u2019Onu, l\u2019Unesco et le gouvernement br\u00e9silien. Intitul\u00e9 \u201cIA et int\u00e9grit\u00e9 de l\u2019information sur le changement climatique\u201d, la session explorera les d\u00e9fis et opportunit\u00e9s que repr\u00e9sentent l\u2019IA pour le droit \u00e0 l\u2019information sur les d\u00e9fis climatiques, liant ainsi le Sommet \u00e0 l\u2019Initiative Globale pour l\u2019int\u00e9grit\u00e9 de l\u2019information sur le changement climatique lanc\u00e9e au G20 de Rio en novembre 2024.&nbsp;<\/p>\n","protected":false},"excerpt":{"rendered":"<p>Alors que le Sommet pour l\u2019Action sur l\u2019IA ouvre ses portes ce jeudi 6 f\u00e9vrier \u00e0 Paris, le Forum sur l\u2019information et la d\u00e9mocratie rappelle l\u2019urgence de mettre en place des cadres de r\u00e9gulation pour que le d\u00e9veloppement de cette technologie se fasse au profit, et non au d\u00e9triment, de l\u2019int\u00e9grit\u00e9 de l\u2019information et des [&hellip;]<\/p>\n","protected":false},"author":2,"featured_media":12667,"comment_status":"closed","ping_status":"closed","sticky":false,"template":"","format":"standard","meta":{"_acf_changed":false,"footnotes":""},"categories":[49,56],"tags":[],"contenu-mis-en-avant":[],"thematic":[67],"workstream":[],"class_list":["post-12666","post","type-post","status-publish","format-standard","has-post-thumbnail","hentry","category-non-categorise","category-non-classe","thematic-lintelligence-artificielle-et-lespace-dinformation"],"acf":[],"yoast_head":"<!-- This site is optimized with the Yoast SEO plugin v27.4 - https:\/\/yoast.com\/product\/yoast-seo-wordpress\/ -->\n<title>Sommet pour l\u2019action sur l\u2019IA : faire de l\u2019int\u00e9grit\u00e9 de l\u2019information une priorit\u00e9 - Forum Information &amp; Democracy<\/title>\n<meta name=\"robots\" content=\"index, follow, max-snippet:-1, max-image-preview:large, max-video-preview:-1\" \/>\n<link rel=\"canonical\" href=\"https:\/\/informationdemocracy.org\/fr\/2025\/02\/05\/sommet-pour-laction-sur-lia-faire-de-lintegrite-de-linformation-une-priorite\/\" \/>\n<meta property=\"og:locale\" content=\"fr_FR\" \/>\n<meta property=\"og:type\" content=\"article\" \/>\n<meta property=\"og:title\" content=\"Sommet pour l\u2019action sur l\u2019IA : faire de l\u2019int\u00e9grit\u00e9 de l\u2019information une priorit\u00e9 - Forum Information &amp; Democracy\" \/>\n<meta property=\"og:description\" content=\"Alors que le Sommet pour l\u2019Action sur l\u2019IA ouvre ses portes ce jeudi 6 f\u00e9vrier \u00e0 Paris, le Forum sur l\u2019information et la d\u00e9mocratie rappelle l\u2019urgence de mettre en place des cadres de r\u00e9gulation pour que le d\u00e9veloppement de cette technologie se fasse au profit, et non au d\u00e9triment, de l\u2019int\u00e9grit\u00e9 de l\u2019information et des [&hellip;]\" \/>\n<meta property=\"og:url\" content=\"https:\/\/informationdemocracy.org\/fr\/2025\/02\/05\/sommet-pour-laction-sur-lia-faire-de-lintegrite-de-linformation-une-priorite\/\" \/>\n<meta property=\"og:site_name\" content=\"Forum Information &amp; Democracy\" \/>\n<meta property=\"article:published_time\" content=\"2025-02-04T23:48:00+00:00\" \/>\n<meta property=\"article:modified_time\" content=\"2025-09-20T22:49:09+00:00\" \/>\n<meta property=\"og:image\" content=\"https:\/\/informationdemocracy.org\/wp-content\/uploads\/2025\/09\/Making-information-integrity-a-priority-at-the-AI-Action-Summit-8-1.png.webp\" \/>\n\t<meta property=\"og:image:width\" content=\"1080\" \/>\n\t<meta property=\"og:image:height\" content=\"675\" \/>\n\t<meta property=\"og:image:type\" content=\"image\/webp\" \/>\n<meta name=\"author\" content=\"informationdemocracywebsite\" \/>\n<meta name=\"twitter:card\" content=\"summary_large_image\" \/>\n<meta name=\"twitter:label1\" content=\"\u00c9crit par\" \/>\n\t<meta name=\"twitter:data1\" content=\"informationdemocracywebsite\" \/>\n\t<meta name=\"twitter:label2\" content=\"Dur\u00e9e de lecture estim\u00e9e\" \/>\n\t<meta name=\"twitter:data2\" content=\"3 minutes\" \/>\n<script type=\"application\/ld+json\" class=\"yoast-schema-graph\">{\"@context\":\"https:\\\/\\\/schema.org\",\"@graph\":[{\"@type\":\"Article\",\"@id\":\"https:\\\/\\\/informationdemocracy.org\\\/fr\\\/2025\\\/02\\\/05\\\/sommet-pour-laction-sur-lia-faire-de-lintegrite-de-linformation-une-priorite\\\/#article\",\"isPartOf\":{\"@id\":\"https:\\\/\\\/informationdemocracy.org\\\/fr\\\/2025\\\/02\\\/05\\\/sommet-pour-laction-sur-lia-faire-de-lintegrite-de-linformation-une-priorite\\\/\"},\"author\":{\"name\":\"informationdemocracywebsite\",\"@id\":\"https:\\\/\\\/informationdemocracy.org\\\/fr\\\/#\\\/schema\\\/person\\\/48ea335c80804b99e13cfa6bf4c2f7dd\"},\"headline\":\"Sommet pour l\u2019action sur l\u2019IA : faire de l\u2019int\u00e9grit\u00e9 de l\u2019information une priorit\u00e9\",\"datePublished\":\"2025-02-04T23:48:00+00:00\",\"dateModified\":\"2025-09-20T22:49:09+00:00\",\"mainEntityOfPage\":{\"@id\":\"https:\\\/\\\/informationdemocracy.org\\\/fr\\\/2025\\\/02\\\/05\\\/sommet-pour-laction-sur-lia-faire-de-lintegrite-de-linformation-une-priorite\\\/\"},\"wordCount\":686,\"publisher\":{\"@id\":\"https:\\\/\\\/informationdemocracy.org\\\/fr\\\/#organization\"},\"image\":{\"@id\":\"https:\\\/\\\/informationdemocracy.org\\\/fr\\\/2025\\\/02\\\/05\\\/sommet-pour-laction-sur-lia-faire-de-lintegrite-de-linformation-une-priorite\\\/#primaryimage\"},\"thumbnailUrl\":\"https:\\\/\\\/informationdemocracy.org\\\/wp-content\\\/uploads\\\/2025\\\/09\\\/Making-information-integrity-a-priority-at-the-AI-Action-Summit-8-1.png.webp\",\"articleSection\":[\"Non cat\u00e9goris\u00e9\"],\"inLanguage\":\"fr-FR\"},{\"@type\":\"WebPage\",\"@id\":\"https:\\\/\\\/informationdemocracy.org\\\/fr\\\/2025\\\/02\\\/05\\\/sommet-pour-laction-sur-lia-faire-de-lintegrite-de-linformation-une-priorite\\\/\",\"url\":\"https:\\\/\\\/informationdemocracy.org\\\/fr\\\/2025\\\/02\\\/05\\\/sommet-pour-laction-sur-lia-faire-de-lintegrite-de-linformation-une-priorite\\\/\",\"name\":\"Sommet pour l\u2019action sur l\u2019IA : faire de l\u2019int\u00e9grit\u00e9 de l\u2019information une priorit\u00e9 - Forum Information &amp; Democracy\",\"isPartOf\":{\"@id\":\"https:\\\/\\\/informationdemocracy.org\\\/fr\\\/#website\"},\"primaryImageOfPage\":{\"@id\":\"https:\\\/\\\/informationdemocracy.org\\\/fr\\\/2025\\\/02\\\/05\\\/sommet-pour-laction-sur-lia-faire-de-lintegrite-de-linformation-une-priorite\\\/#primaryimage\"},\"image\":{\"@id\":\"https:\\\/\\\/informationdemocracy.org\\\/fr\\\/2025\\\/02\\\/05\\\/sommet-pour-laction-sur-lia-faire-de-lintegrite-de-linformation-une-priorite\\\/#primaryimage\"},\"thumbnailUrl\":\"https:\\\/\\\/informationdemocracy.org\\\/wp-content\\\/uploads\\\/2025\\\/09\\\/Making-information-integrity-a-priority-at-the-AI-Action-Summit-8-1.png.webp\",\"datePublished\":\"2025-02-04T23:48:00+00:00\",\"dateModified\":\"2025-09-20T22:49:09+00:00\",\"breadcrumb\":{\"@id\":\"https:\\\/\\\/informationdemocracy.org\\\/fr\\\/2025\\\/02\\\/05\\\/sommet-pour-laction-sur-lia-faire-de-lintegrite-de-linformation-une-priorite\\\/#breadcrumb\"},\"inLanguage\":\"fr-FR\",\"potentialAction\":[{\"@type\":\"ReadAction\",\"target\":[\"https:\\\/\\\/informationdemocracy.org\\\/fr\\\/2025\\\/02\\\/05\\\/sommet-pour-laction-sur-lia-faire-de-lintegrite-de-linformation-une-priorite\\\/\"]}]},{\"@type\":\"ImageObject\",\"inLanguage\":\"fr-FR\",\"@id\":\"https:\\\/\\\/informationdemocracy.org\\\/fr\\\/2025\\\/02\\\/05\\\/sommet-pour-laction-sur-lia-faire-de-lintegrite-de-linformation-une-priorite\\\/#primaryimage\",\"url\":\"https:\\\/\\\/informationdemocracy.org\\\/wp-content\\\/uploads\\\/2025\\\/09\\\/Making-information-integrity-a-priority-at-the-AI-Action-Summit-8-1.png.webp\",\"contentUrl\":\"https:\\\/\\\/informationdemocracy.org\\\/wp-content\\\/uploads\\\/2025\\\/09\\\/Making-information-integrity-a-priority-at-the-AI-Action-Summit-8-1.png.webp\",\"width\":1080,\"height\":675},{\"@type\":\"BreadcrumbList\",\"@id\":\"https:\\\/\\\/informationdemocracy.org\\\/fr\\\/2025\\\/02\\\/05\\\/sommet-pour-laction-sur-lia-faire-de-lintegrite-de-linformation-une-priorite\\\/#breadcrumb\",\"itemListElement\":[{\"@type\":\"ListItem\",\"position\":1,\"name\":\"Accueil\",\"item\":\"https:\\\/\\\/informationdemocracy.org\\\/fr\\\/\"},{\"@type\":\"ListItem\",\"position\":2,\"name\":\"Sommet pour l\u2019action sur l\u2019IA : faire de l\u2019int\u00e9grit\u00e9 de l\u2019information une priorit\u00e9\"}]},{\"@type\":\"WebSite\",\"@id\":\"https:\\\/\\\/informationdemocracy.org\\\/fr\\\/#website\",\"url\":\"https:\\\/\\\/informationdemocracy.org\\\/fr\\\/\",\"name\":\"Forum on Information & Democracy\",\"description\":\"\",\"publisher\":{\"@id\":\"https:\\\/\\\/informationdemocracy.org\\\/fr\\\/#organization\"},\"potentialAction\":[{\"@type\":\"SearchAction\",\"target\":{\"@type\":\"EntryPoint\",\"urlTemplate\":\"https:\\\/\\\/informationdemocracy.org\\\/fr\\\/?s={search_term_string}\"},\"query-input\":{\"@type\":\"PropertyValueSpecification\",\"valueRequired\":true,\"valueName\":\"search_term_string\"}}],\"inLanguage\":\"fr-FR\"},{\"@type\":\"Organization\",\"@id\":\"https:\\\/\\\/informationdemocracy.org\\\/fr\\\/#organization\",\"name\":\"Forum on Information & Democracy\",\"url\":\"https:\\\/\\\/informationdemocracy.org\\\/fr\\\/\",\"logo\":{\"@type\":\"ImageObject\",\"inLanguage\":\"fr-FR\",\"@id\":\"https:\\\/\\\/informationdemocracy.org\\\/fr\\\/#\\\/schema\\\/logo\\\/image\\\/\",\"url\":\"https:\\\/\\\/informationdemocracy.org\\\/wp-content\\\/uploads\\\/2025\\\/09\\\/Logo.svg\",\"contentUrl\":\"https:\\\/\\\/informationdemocracy.org\\\/wp-content\\\/uploads\\\/2025\\\/09\\\/Logo.svg\",\"width\":168,\"height\":51,\"caption\":\"Forum on Information & Democracy\"},\"image\":{\"@id\":\"https:\\\/\\\/informationdemocracy.org\\\/fr\\\/#\\\/schema\\\/logo\\\/image\\\/\"},\"sameAs\":[\"https:\\\/\\\/www.linkedin.com\\\/company\\\/forum-information-democracy\",\"https:\\\/\\\/www.youtube.com\\\/playlist?list=PL-yF0NqTYQU2B3I97oh3Dv2Dfevd8ThM_\",\"https:\\\/\\\/www.instagram.com\\\/foruminformationdemocracy\\\/\"]},{\"@type\":\"Person\",\"@id\":\"https:\\\/\\\/informationdemocracy.org\\\/fr\\\/#\\\/schema\\\/person\\\/48ea335c80804b99e13cfa6bf4c2f7dd\",\"name\":\"informationdemocracywebsite\",\"image\":{\"@type\":\"ImageObject\",\"inLanguage\":\"fr-FR\",\"@id\":\"https:\\\/\\\/secure.gravatar.com\\\/avatar\\\/33c6a406643df806a5494363b5db420a409e4a8dc49952dd63ae5da7fb946c0c?s=96&d=mm&r=g\",\"url\":\"https:\\\/\\\/secure.gravatar.com\\\/avatar\\\/33c6a406643df806a5494363b5db420a409e4a8dc49952dd63ae5da7fb946c0c?s=96&d=mm&r=g\",\"contentUrl\":\"https:\\\/\\\/secure.gravatar.com\\\/avatar\\\/33c6a406643df806a5494363b5db420a409e4a8dc49952dd63ae5da7fb946c0c?s=96&d=mm&r=g\",\"caption\":\"informationdemocracywebsite\"},\"url\":\"https:\\\/\\\/informationdemocracy.org\\\/fr\\\/author\\\/informationdemocracywebsite\\\/\"}]}<\/script>\n<!-- \/ Yoast SEO plugin. -->","yoast_head_json":{"title":"Sommet pour l\u2019action sur l\u2019IA : faire de l\u2019int\u00e9grit\u00e9 de l\u2019information une priorit\u00e9 - Forum Information &amp; Democracy","robots":{"index":"index","follow":"follow","max-snippet":"max-snippet:-1","max-image-preview":"max-image-preview:large","max-video-preview":"max-video-preview:-1"},"canonical":"https:\/\/informationdemocracy.org\/fr\/2025\/02\/05\/sommet-pour-laction-sur-lia-faire-de-lintegrite-de-linformation-une-priorite\/","og_locale":"fr_FR","og_type":"article","og_title":"Sommet pour l\u2019action sur l\u2019IA : faire de l\u2019int\u00e9grit\u00e9 de l\u2019information une priorit\u00e9 - Forum Information &amp; Democracy","og_description":"Alors que le Sommet pour l\u2019Action sur l\u2019IA ouvre ses portes ce jeudi 6 f\u00e9vrier \u00e0 Paris, le Forum sur l\u2019information et la d\u00e9mocratie rappelle l\u2019urgence de mettre en place des cadres de r\u00e9gulation pour que le d\u00e9veloppement de cette technologie se fasse au profit, et non au d\u00e9triment, de l\u2019int\u00e9grit\u00e9 de l\u2019information et des [&hellip;]","og_url":"https:\/\/informationdemocracy.org\/fr\/2025\/02\/05\/sommet-pour-laction-sur-lia-faire-de-lintegrite-de-linformation-une-priorite\/","og_site_name":"Forum Information &amp; Democracy","article_published_time":"2025-02-04T23:48:00+00:00","article_modified_time":"2025-09-20T22:49:09+00:00","og_image":[{"width":1080,"height":675,"url":"https:\/\/informationdemocracy.org\/wp-content\/uploads\/2025\/09\/Making-information-integrity-a-priority-at-the-AI-Action-Summit-8-1.png.webp","type":"image\/webp"}],"author":"informationdemocracywebsite","twitter_card":"summary_large_image","twitter_misc":{"\u00c9crit par":"informationdemocracywebsite","Dur\u00e9e de lecture estim\u00e9e":"3 minutes"},"schema":{"@context":"https:\/\/schema.org","@graph":[{"@type":"Article","@id":"https:\/\/informationdemocracy.org\/fr\/2025\/02\/05\/sommet-pour-laction-sur-lia-faire-de-lintegrite-de-linformation-une-priorite\/#article","isPartOf":{"@id":"https:\/\/informationdemocracy.org\/fr\/2025\/02\/05\/sommet-pour-laction-sur-lia-faire-de-lintegrite-de-linformation-une-priorite\/"},"author":{"name":"informationdemocracywebsite","@id":"https:\/\/informationdemocracy.org\/fr\/#\/schema\/person\/48ea335c80804b99e13cfa6bf4c2f7dd"},"headline":"Sommet pour l\u2019action sur l\u2019IA : faire de l\u2019int\u00e9grit\u00e9 de l\u2019information une priorit\u00e9","datePublished":"2025-02-04T23:48:00+00:00","dateModified":"2025-09-20T22:49:09+00:00","mainEntityOfPage":{"@id":"https:\/\/informationdemocracy.org\/fr\/2025\/02\/05\/sommet-pour-laction-sur-lia-faire-de-lintegrite-de-linformation-une-priorite\/"},"wordCount":686,"publisher":{"@id":"https:\/\/informationdemocracy.org\/fr\/#organization"},"image":{"@id":"https:\/\/informationdemocracy.org\/fr\/2025\/02\/05\/sommet-pour-laction-sur-lia-faire-de-lintegrite-de-linformation-une-priorite\/#primaryimage"},"thumbnailUrl":"https:\/\/informationdemocracy.org\/wp-content\/uploads\/2025\/09\/Making-information-integrity-a-priority-at-the-AI-Action-Summit-8-1.png.webp","articleSection":["Non cat\u00e9goris\u00e9"],"inLanguage":"fr-FR"},{"@type":"WebPage","@id":"https:\/\/informationdemocracy.org\/fr\/2025\/02\/05\/sommet-pour-laction-sur-lia-faire-de-lintegrite-de-linformation-une-priorite\/","url":"https:\/\/informationdemocracy.org\/fr\/2025\/02\/05\/sommet-pour-laction-sur-lia-faire-de-lintegrite-de-linformation-une-priorite\/","name":"Sommet pour l\u2019action sur l\u2019IA : faire de l\u2019int\u00e9grit\u00e9 de l\u2019information une priorit\u00e9 - Forum Information &amp; Democracy","isPartOf":{"@id":"https:\/\/informationdemocracy.org\/fr\/#website"},"primaryImageOfPage":{"@id":"https:\/\/informationdemocracy.org\/fr\/2025\/02\/05\/sommet-pour-laction-sur-lia-faire-de-lintegrite-de-linformation-une-priorite\/#primaryimage"},"image":{"@id":"https:\/\/informationdemocracy.org\/fr\/2025\/02\/05\/sommet-pour-laction-sur-lia-faire-de-lintegrite-de-linformation-une-priorite\/#primaryimage"},"thumbnailUrl":"https:\/\/informationdemocracy.org\/wp-content\/uploads\/2025\/09\/Making-information-integrity-a-priority-at-the-AI-Action-Summit-8-1.png.webp","datePublished":"2025-02-04T23:48:00+00:00","dateModified":"2025-09-20T22:49:09+00:00","breadcrumb":{"@id":"https:\/\/informationdemocracy.org\/fr\/2025\/02\/05\/sommet-pour-laction-sur-lia-faire-de-lintegrite-de-linformation-une-priorite\/#breadcrumb"},"inLanguage":"fr-FR","potentialAction":[{"@type":"ReadAction","target":["https:\/\/informationdemocracy.org\/fr\/2025\/02\/05\/sommet-pour-laction-sur-lia-faire-de-lintegrite-de-linformation-une-priorite\/"]}]},{"@type":"ImageObject","inLanguage":"fr-FR","@id":"https:\/\/informationdemocracy.org\/fr\/2025\/02\/05\/sommet-pour-laction-sur-lia-faire-de-lintegrite-de-linformation-une-priorite\/#primaryimage","url":"https:\/\/informationdemocracy.org\/wp-content\/uploads\/2025\/09\/Making-information-integrity-a-priority-at-the-AI-Action-Summit-8-1.png.webp","contentUrl":"https:\/\/informationdemocracy.org\/wp-content\/uploads\/2025\/09\/Making-information-integrity-a-priority-at-the-AI-Action-Summit-8-1.png.webp","width":1080,"height":675},{"@type":"BreadcrumbList","@id":"https:\/\/informationdemocracy.org\/fr\/2025\/02\/05\/sommet-pour-laction-sur-lia-faire-de-lintegrite-de-linformation-une-priorite\/#breadcrumb","itemListElement":[{"@type":"ListItem","position":1,"name":"Accueil","item":"https:\/\/informationdemocracy.org\/fr\/"},{"@type":"ListItem","position":2,"name":"Sommet pour l\u2019action sur l\u2019IA : faire de l\u2019int\u00e9grit\u00e9 de l\u2019information une priorit\u00e9"}]},{"@type":"WebSite","@id":"https:\/\/informationdemocracy.org\/fr\/#website","url":"https:\/\/informationdemocracy.org\/fr\/","name":"Forum on Information & Democracy","description":"","publisher":{"@id":"https:\/\/informationdemocracy.org\/fr\/#organization"},"potentialAction":[{"@type":"SearchAction","target":{"@type":"EntryPoint","urlTemplate":"https:\/\/informationdemocracy.org\/fr\/?s={search_term_string}"},"query-input":{"@type":"PropertyValueSpecification","valueRequired":true,"valueName":"search_term_string"}}],"inLanguage":"fr-FR"},{"@type":"Organization","@id":"https:\/\/informationdemocracy.org\/fr\/#organization","name":"Forum on Information & Democracy","url":"https:\/\/informationdemocracy.org\/fr\/","logo":{"@type":"ImageObject","inLanguage":"fr-FR","@id":"https:\/\/informationdemocracy.org\/fr\/#\/schema\/logo\/image\/","url":"https:\/\/informationdemocracy.org\/wp-content\/uploads\/2025\/09\/Logo.svg","contentUrl":"https:\/\/informationdemocracy.org\/wp-content\/uploads\/2025\/09\/Logo.svg","width":168,"height":51,"caption":"Forum on Information & Democracy"},"image":{"@id":"https:\/\/informationdemocracy.org\/fr\/#\/schema\/logo\/image\/"},"sameAs":["https:\/\/www.linkedin.com\/company\/forum-information-democracy","https:\/\/www.youtube.com\/playlist?list=PL-yF0NqTYQU2B3I97oh3Dv2Dfevd8ThM_","https:\/\/www.instagram.com\/foruminformationdemocracy\/"]},{"@type":"Person","@id":"https:\/\/informationdemocracy.org\/fr\/#\/schema\/person\/48ea335c80804b99e13cfa6bf4c2f7dd","name":"informationdemocracywebsite","image":{"@type":"ImageObject","inLanguage":"fr-FR","@id":"https:\/\/secure.gravatar.com\/avatar\/33c6a406643df806a5494363b5db420a409e4a8dc49952dd63ae5da7fb946c0c?s=96&d=mm&r=g","url":"https:\/\/secure.gravatar.com\/avatar\/33c6a406643df806a5494363b5db420a409e4a8dc49952dd63ae5da7fb946c0c?s=96&d=mm&r=g","contentUrl":"https:\/\/secure.gravatar.com\/avatar\/33c6a406643df806a5494363b5db420a409e4a8dc49952dd63ae5da7fb946c0c?s=96&d=mm&r=g","caption":"informationdemocracywebsite"},"url":"https:\/\/informationdemocracy.org\/fr\/author\/informationdemocracywebsite\/"}]}},"_links":{"self":[{"href":"https:\/\/informationdemocracy.org\/fr\/wp-json\/wp\/v2\/posts\/12666","targetHints":{"allow":["GET"]}}],"collection":[{"href":"https:\/\/informationdemocracy.org\/fr\/wp-json\/wp\/v2\/posts"}],"about":[{"href":"https:\/\/informationdemocracy.org\/fr\/wp-json\/wp\/v2\/types\/post"}],"author":[{"embeddable":true,"href":"https:\/\/informationdemocracy.org\/fr\/wp-json\/wp\/v2\/users\/2"}],"replies":[{"embeddable":true,"href":"https:\/\/informationdemocracy.org\/fr\/wp-json\/wp\/v2\/comments?post=12666"}],"version-history":[{"count":0,"href":"https:\/\/informationdemocracy.org\/fr\/wp-json\/wp\/v2\/posts\/12666\/revisions"}],"wp:featuredmedia":[{"embeddable":true,"href":"https:\/\/informationdemocracy.org\/fr\/wp-json\/wp\/v2\/media\/12667"}],"wp:attachment":[{"href":"https:\/\/informationdemocracy.org\/fr\/wp-json\/wp\/v2\/media?parent=12666"}],"wp:term":[{"taxonomy":"category","embeddable":true,"href":"https:\/\/informationdemocracy.org\/fr\/wp-json\/wp\/v2\/categories?post=12666"},{"taxonomy":"post_tag","embeddable":true,"href":"https:\/\/informationdemocracy.org\/fr\/wp-json\/wp\/v2\/tags?post=12666"},{"taxonomy":"contenu-mis-en-avant","embeddable":true,"href":"https:\/\/informationdemocracy.org\/fr\/wp-json\/wp\/v2\/contenu-mis-en-avant?post=12666"},{"taxonomy":"thematic","embeddable":true,"href":"https:\/\/informationdemocracy.org\/fr\/wp-json\/wp\/v2\/thematic?post=12666"},{"taxonomy":"workstream","embeddable":true,"href":"https:\/\/informationdemocracy.org\/fr\/wp-json\/wp\/v2\/workstream?post=12666"}],"curies":[{"name":"wp","href":"https:\/\/api.w.org\/{rel}","templated":true}]}}