{"id":12796,"date":"2024-10-23T08:43:18","date_gmt":"2024-10-23T06:43:18","guid":{"rendered":"https:\/\/informationdemocracy.org\/2024\/10\/23\/ia-et-integrite-de-linformation-en-afrique-de-louest-le-forum-a-organise-un-seminaire-avec-ses-partenaires-a-dakar\/"},"modified":"2025-09-21T01:50:33","modified_gmt":"2025-09-20T23:50:33","slug":"ia-et-integrite-de-linformation-en-afrique-de-louest-le-forum-a-organise-un-seminaire-avec-ses-partenaires-a-dakar","status":"publish","type":"post","link":"https:\/\/informationdemocracy.org\/fr\/2024\/10\/23\/ia-et-integrite-de-linformation-en-afrique-de-louest-le-forum-a-organise-un-seminaire-avec-ses-partenaires-a-dakar\/","title":{"rendered":"IA et int\u00e9grit\u00e9 de l&rsquo;information en Afrique de l&rsquo;Ouest : le Forum a organis\u00e9 un s\u00e9minaire avec ses partenaires \u00e0 Dakar"},"content":{"rendered":"<p><!-- divi:paragraph --><\/p>\n<p>Les 17 et 18 octobre 2024, \u00e0 Dakar, au S\u00e9n\u00e9gal, le Forum a r\u00e9uni ses partenaires de la soci\u00e9t\u00e9 civile d&rsquo;Afrique de l&rsquo;Ouest : l <a href=\"https:\/\/alcrer.bj\/\">&lsquo;Association de Lutte Contre le Racisme, l&rsquo;Ethnocentrisme et le R\u00e9gionalisme<\/a> (B\u00e9nin), <a href=\"https:\/\/jonction.e-monsite.com\/\">Jonction<\/a> (S\u00e9n\u00e9gal), <a href=\"https:\/\/www.facebook.com\/MauritaniePerspectives\/\">Mauritanie Perspectives<\/a>, et le <a href=\"https:\/\/www.facebook.com\/repprelci.info\/?locale=fr_FR\">R\u00e9seau des Professionnels de la Presse en Ligne de C\u00f4te d&rsquo;Ivoire<\/a>. Ces deux jours de s\u00e9minaires ont \u00e9t\u00e9 consacr\u00e9s \u00e0 l&rsquo;\u00e9laboration de strat\u00e9gies de plaidoyer nationales et r\u00e9gionales visant \u00e0 garantir que l&rsquo;IA soit au service de l&rsquo;int\u00e9grit\u00e9 de l&rsquo;information. <\/p>\n<p><!-- \/divi:paragraph --><\/p>\n<p><!-- divi:paragraph --><\/p>\n<p>Depuis 2021, le Forum sur l&rsquo;information et la d\u00e9mocratie travaille avec ses partenaires en Afrique de l&rsquo;Ouest pour mettre en \u0153uvre des cadres r\u00e9glementaires pour l&rsquo;espace de l&rsquo;information. Dans le cadre de ces initiatives, le Forum a organis\u00e9 un s\u00e9minaire de deux jours, les 17 et 18 octobre 2024, \u00e0 Dakar, au S\u00e9n\u00e9gal, pour \u00e9laborer des strat\u00e9gies de plaidoyer autour de l&rsquo;intelligence artificielle et de l&rsquo;int\u00e9grit\u00e9 de l&rsquo;information. <\/p>\n<p><!-- \/divi:paragraph --><\/p>\n<p><!-- divi:paragraph --><\/p>\n<p>Au cours de ce s\u00e9minaire, les organisations de la soci\u00e9t\u00e9 civile ont exprim\u00e9 leurs pr\u00e9occupations concernant l&rsquo;intelligence artificielle, en soulignant l&rsquo;impact potentiel que cette nouvelle technologie pourrait avoir sur la fracture num\u00e9rique existant entre le Nord et le Sud.<\/p>\n<p><!-- \/divi:paragraph --><\/p>\n<p><!-- divi:paragraph --><\/p>\n<p>De nombreux pays, comme le <a href=\"https:\/\/numerique.gouv.bj\/publications\/documents\/strategie-nationale-d-intelligence-artificielle-et-des-megadonnees-2023-2027\">B\u00e9nin<\/a>, la <a href=\"https:\/\/mtnima.gov.mr\/wp-content\/uploads\/2024\/07\/strategie-EN-Final-26-07-2024-.pdf\">Mauritanie<\/a> et le <a href=\"https:\/\/africa.ai4d.ai\/wp-content\/uploads\/2023\/10\/reesumee-strateegie-nationale-ia-senegal.pdf\">S\u00e9n\u00e9gal<\/a>, ont \u00e9labor\u00e9 des strat\u00e9gies nationales en mati\u00e8re d&rsquo;IA afin d&rsquo;en exploiter les avantages. Cependant, ces strat\u00e9gies n&rsquo;abordent pas les risques pour l&rsquo;espace d&rsquo;information, comme l&rsquo;ont mentionn\u00e9 les participants. En s&rsquo;appuyant sur le rapport<a href=\"https:\/\/informationdemocracy.org\/wp-content\/uploads\/2024\/03\/ID-AI-as-a-Public-Good-Feb-2024.pdf\">\u00ab\u00a0AI as a Public Good<\/a>\u00a0\u00bb publi\u00e9 en f\u00e9vrier 2024, les partenaires du Forum visent \u00e0 sensibiliser \u00e0 ces questions.  <\/p>\n<p><!-- \/divi:paragraph --><\/p>\n<p><!-- divi:paragraph --><\/p>\n<p>Les partenaires du Forum appellent en particulier \u00e0<\/p>\n<p><!-- \/divi:paragraph --><\/p>\n<p><!-- divi:list --><\/p>\n<ul class=\"wp-block-list\"><!-- divi:list-item --><\/p>\n<li>Renforcer l&rsquo;\u00e9ducation \u00e0 l&rsquo;IA pour les citoyens et les journalistes afin de promouvoir une utilisation responsable<\/li>\n<p><!-- \/divi:list-item --><\/p>\n<p><!-- divi:list-item --><\/p>\n<li>Mettre \u00e0 jour les lois sur la protection des donn\u00e9es personnelles et renforcer les commissions charg\u00e9es de leur application pour traiter les questions li\u00e9es \u00e0 l&rsquo;IA<\/li>\n<p><!-- \/divi:list-item --><\/p>\n<p><!-- divi:list-item --><\/p>\n<li>Impliquer les organisations sous-r\u00e9gionales telles que la Communaut\u00e9 \u00e9conomique des \u00c9tats de l&rsquo;Afrique de l&rsquo;Ouest (CEDEAO) dans ces initiatives.<\/li>\n<p><!-- \/divi:list-item --><\/p>\n<p><!-- divi:list-item --><\/p>\n<li>Int\u00e9grer les questions relatives \u00e0 l&rsquo;espace d&rsquo;information dans les strat\u00e9gies d&rsquo;IA, en particulier en C\u00f4te d&rsquo;Ivoire, o\u00f9 le d\u00e9veloppement est en cours.<\/li>\n<p><!-- \/divi:list-item --><\/p>\n<p><!-- divi:list-item --><\/p>\n<li>Faire participer la soci\u00e9t\u00e9 civile \u00e0 la mise en \u0153uvre et au suivi des strat\u00e9gies nationales en mati\u00e8re d&rsquo;IA<\/li>\n<p><!-- \/divi:list-item --><\/p>\n<p><!-- divi:list-item --><\/p>\n<li>Collaborer avec les institutions qui s&rsquo;occupent de cette question, notamment le R\u00e9seau des autorit\u00e9s africaines de r\u00e9gulation de la communication (RIARC).<\/li>\n<p><!-- \/divi:list-item --><\/ul>\n<p><!-- \/divi:list --><\/p>\n<p><!-- divi:paragraph --><\/p>\n<p>\u00c0 la suite du s\u00e9minaire, les partenaires du Forum au B\u00e9nin, en C\u00f4te d&rsquo;Ivoire, en Mauritanie et au S\u00e9n\u00e9gal mettront en \u0153uvre des actions concr\u00e8tes pour mobiliser la soci\u00e9t\u00e9 civile, les m\u00e9dias et les gouvernements sur ces questions.<\/p>\n<p><!-- \/divi:paragraph --><\/p>\n<p><!-- divi:paragraph --><\/p>\n<p>Ces actions s&rsquo;inscrivent dans le cadre du partenariat pour l&rsquo;information et la d\u00e9mocratie, auquel le B\u00e9nin et le S\u00e9n\u00e9gal ont adh\u00e9r\u00e9.<\/p>\n<p><!-- \/divi:paragraph --><\/p>\n","protected":false},"excerpt":{"rendered":"<p>Les 17 et 18 octobre 2024, \u00e0 Dakar, au S\u00e9n\u00e9gal, le Forum a r\u00e9uni ses partenaires de la soci\u00e9t\u00e9 civile d&rsquo;Afrique de l&rsquo;Ouest : l &lsquo;Association de Lutte Contre le Racisme, l&rsquo;Ethnocentrisme et le R\u00e9gionalisme (B\u00e9nin), Jonction (S\u00e9n\u00e9gal), Mauritanie Perspectives, et le R\u00e9seau des Professionnels de la Presse en Ligne de C\u00f4te d&rsquo;Ivoire. Ces deux [&hellip;]<\/p>\n","protected":false},"author":2,"featured_media":12797,"comment_status":"closed","ping_status":"open","sticky":false,"template":"","format":"standard","meta":{"_acf_changed":false,"footnotes":""},"categories":[56],"tags":[],"contenu-mis-en-avant":[],"thematic":[67],"workstream":[],"class_list":["post-12796","post","type-post","status-publish","format-standard","has-post-thumbnail","hentry","category-non-classe","thematic-lintelligence-artificielle-et-lespace-dinformation"],"acf":[],"yoast_head":"<!-- This site is optimized with the Yoast SEO plugin v27.4 - https:\/\/yoast.com\/product\/yoast-seo-wordpress\/ -->\n<title>IA et int\u00e9grit\u00e9 de l&#039;information en Afrique de l&#039;Ouest : le Forum a organis\u00e9 un s\u00e9minaire avec ses partenaires \u00e0 Dakar - Forum Information &amp; Democracy<\/title>\n<meta name=\"robots\" content=\"index, follow, max-snippet:-1, max-image-preview:large, max-video-preview:-1\" \/>\n<link rel=\"canonical\" href=\"https:\/\/informationdemocracy.org\/fr\/2024\/10\/23\/ia-et-integrite-de-linformation-en-afrique-de-louest-le-forum-a-organise-un-seminaire-avec-ses-partenaires-a-dakar\/\" \/>\n<meta property=\"og:locale\" content=\"fr_FR\" \/>\n<meta property=\"og:type\" content=\"article\" \/>\n<meta property=\"og:title\" content=\"IA et int\u00e9grit\u00e9 de l&#039;information en Afrique de l&#039;Ouest : le Forum a organis\u00e9 un s\u00e9minaire avec ses partenaires \u00e0 Dakar - Forum Information &amp; Democracy\" \/>\n<meta property=\"og:description\" content=\"Les 17 et 18 octobre 2024, \u00e0 Dakar, au S\u00e9n\u00e9gal, le Forum a r\u00e9uni ses partenaires de la soci\u00e9t\u00e9 civile d&rsquo;Afrique de l&rsquo;Ouest : l &lsquo;Association de Lutte Contre le Racisme, l&rsquo;Ethnocentrisme et le R\u00e9gionalisme (B\u00e9nin), Jonction (S\u00e9n\u00e9gal), Mauritanie Perspectives, et le R\u00e9seau des Professionnels de la Presse en Ligne de C\u00f4te d&rsquo;Ivoire. Ces deux [&hellip;]\" \/>\n<meta property=\"og:url\" content=\"https:\/\/informationdemocracy.org\/fr\/2024\/10\/23\/ia-et-integrite-de-linformation-en-afrique-de-louest-le-forum-a-organise-un-seminaire-avec-ses-partenaires-a-dakar\/\" \/>\n<meta property=\"og:site_name\" content=\"Forum Information &amp; Democracy\" \/>\n<meta property=\"article:published_time\" content=\"2024-10-23T06:43:18+00:00\" \/>\n<meta property=\"article:modified_time\" content=\"2025-09-20T23:50:33+00:00\" \/>\n<meta property=\"og:image\" content=\"https:\/\/informationdemocracy.org\/wp-content\/uploads\/2023\/09\/E65A5A94-6DC8-4BE2-A43F-4157CABC7D4D-1.jpg.webp\" \/>\n\t<meta property=\"og:image:width\" content=\"400\" \/>\n\t<meta property=\"og:image:height\" content=\"250\" \/>\n\t<meta property=\"og:image:type\" content=\"image\/webp\" \/>\n<meta name=\"author\" content=\"informationdemocracywebsite\" \/>\n<meta name=\"twitter:card\" content=\"summary_large_image\" \/>\n<meta name=\"twitter:label1\" content=\"\u00c9crit par\" \/>\n\t<meta name=\"twitter:data1\" content=\"informationdemocracywebsite\" \/>\n\t<meta name=\"twitter:label2\" content=\"Dur\u00e9e de lecture estim\u00e9e\" \/>\n\t<meta name=\"twitter:data2\" content=\"2 minutes\" \/>\n<script type=\"application\/ld+json\" class=\"yoast-schema-graph\">{\"@context\":\"https:\\\/\\\/schema.org\",\"@graph\":[{\"@type\":\"Article\",\"@id\":\"https:\\\/\\\/informationdemocracy.org\\\/fr\\\/2024\\\/10\\\/23\\\/ia-et-integrite-de-linformation-en-afrique-de-louest-le-forum-a-organise-un-seminaire-avec-ses-partenaires-a-dakar\\\/#article\",\"isPartOf\":{\"@id\":\"https:\\\/\\\/informationdemocracy.org\\\/fr\\\/2024\\\/10\\\/23\\\/ia-et-integrite-de-linformation-en-afrique-de-louest-le-forum-a-organise-un-seminaire-avec-ses-partenaires-a-dakar\\\/\"},\"author\":{\"name\":\"informationdemocracywebsite\",\"@id\":\"https:\\\/\\\/informationdemocracy.org\\\/fr\\\/#\\\/schema\\\/person\\\/48ea335c80804b99e13cfa6bf4c2f7dd\"},\"headline\":\"IA et int\u00e9grit\u00e9 de l&rsquo;information en Afrique de l&rsquo;Ouest : le Forum a organis\u00e9 un s\u00e9minaire avec ses partenaires \u00e0 Dakar\",\"datePublished\":\"2024-10-23T06:43:18+00:00\",\"dateModified\":\"2025-09-20T23:50:33+00:00\",\"mainEntityOfPage\":{\"@id\":\"https:\\\/\\\/informationdemocracy.org\\\/fr\\\/2024\\\/10\\\/23\\\/ia-et-integrite-de-linformation-en-afrique-de-louest-le-forum-a-organise-un-seminaire-avec-ses-partenaires-a-dakar\\\/\"},\"wordCount\":541,\"publisher\":{\"@id\":\"https:\\\/\\\/informationdemocracy.org\\\/fr\\\/#organization\"},\"image\":{\"@id\":\"https:\\\/\\\/informationdemocracy.org\\\/fr\\\/2024\\\/10\\\/23\\\/ia-et-integrite-de-linformation-en-afrique-de-louest-le-forum-a-organise-un-seminaire-avec-ses-partenaires-a-dakar\\\/#primaryimage\"},\"thumbnailUrl\":\"https:\\\/\\\/informationdemocracy.org\\\/wp-content\\\/uploads\\\/2023\\\/09\\\/E65A5A94-6DC8-4BE2-A43F-4157CABC7D4D-1.jpg.webp\",\"inLanguage\":\"fr-FR\"},{\"@type\":\"WebPage\",\"@id\":\"https:\\\/\\\/informationdemocracy.org\\\/fr\\\/2024\\\/10\\\/23\\\/ia-et-integrite-de-linformation-en-afrique-de-louest-le-forum-a-organise-un-seminaire-avec-ses-partenaires-a-dakar\\\/\",\"url\":\"https:\\\/\\\/informationdemocracy.org\\\/fr\\\/2024\\\/10\\\/23\\\/ia-et-integrite-de-linformation-en-afrique-de-louest-le-forum-a-organise-un-seminaire-avec-ses-partenaires-a-dakar\\\/\",\"name\":\"IA et int\u00e9grit\u00e9 de l'information en Afrique de l'Ouest : le Forum a organis\u00e9 un s\u00e9minaire avec ses partenaires \u00e0 Dakar - Forum Information &amp; Democracy\",\"isPartOf\":{\"@id\":\"https:\\\/\\\/informationdemocracy.org\\\/fr\\\/#website\"},\"primaryImageOfPage\":{\"@id\":\"https:\\\/\\\/informationdemocracy.org\\\/fr\\\/2024\\\/10\\\/23\\\/ia-et-integrite-de-linformation-en-afrique-de-louest-le-forum-a-organise-un-seminaire-avec-ses-partenaires-a-dakar\\\/#primaryimage\"},\"image\":{\"@id\":\"https:\\\/\\\/informationdemocracy.org\\\/fr\\\/2024\\\/10\\\/23\\\/ia-et-integrite-de-linformation-en-afrique-de-louest-le-forum-a-organise-un-seminaire-avec-ses-partenaires-a-dakar\\\/#primaryimage\"},\"thumbnailUrl\":\"https:\\\/\\\/informationdemocracy.org\\\/wp-content\\\/uploads\\\/2023\\\/09\\\/E65A5A94-6DC8-4BE2-A43F-4157CABC7D4D-1.jpg.webp\",\"datePublished\":\"2024-10-23T06:43:18+00:00\",\"dateModified\":\"2025-09-20T23:50:33+00:00\",\"breadcrumb\":{\"@id\":\"https:\\\/\\\/informationdemocracy.org\\\/fr\\\/2024\\\/10\\\/23\\\/ia-et-integrite-de-linformation-en-afrique-de-louest-le-forum-a-organise-un-seminaire-avec-ses-partenaires-a-dakar\\\/#breadcrumb\"},\"inLanguage\":\"fr-FR\",\"potentialAction\":[{\"@type\":\"ReadAction\",\"target\":[\"https:\\\/\\\/informationdemocracy.org\\\/fr\\\/2024\\\/10\\\/23\\\/ia-et-integrite-de-linformation-en-afrique-de-louest-le-forum-a-organise-un-seminaire-avec-ses-partenaires-a-dakar\\\/\"]}]},{\"@type\":\"ImageObject\",\"inLanguage\":\"fr-FR\",\"@id\":\"https:\\\/\\\/informationdemocracy.org\\\/fr\\\/2024\\\/10\\\/23\\\/ia-et-integrite-de-linformation-en-afrique-de-louest-le-forum-a-organise-un-seminaire-avec-ses-partenaires-a-dakar\\\/#primaryimage\",\"url\":\"https:\\\/\\\/informationdemocracy.org\\\/wp-content\\\/uploads\\\/2023\\\/09\\\/E65A5A94-6DC8-4BE2-A43F-4157CABC7D4D-1.jpg.webp\",\"contentUrl\":\"https:\\\/\\\/informationdemocracy.org\\\/wp-content\\\/uploads\\\/2023\\\/09\\\/E65A5A94-6DC8-4BE2-A43F-4157CABC7D4D-1.jpg.webp\",\"width\":400,\"height\":250},{\"@type\":\"BreadcrumbList\",\"@id\":\"https:\\\/\\\/informationdemocracy.org\\\/fr\\\/2024\\\/10\\\/23\\\/ia-et-integrite-de-linformation-en-afrique-de-louest-le-forum-a-organise-un-seminaire-avec-ses-partenaires-a-dakar\\\/#breadcrumb\",\"itemListElement\":[{\"@type\":\"ListItem\",\"position\":1,\"name\":\"Accueil\",\"item\":\"https:\\\/\\\/informationdemocracy.org\\\/fr\\\/\"},{\"@type\":\"ListItem\",\"position\":2,\"name\":\"IA et int\u00e9grit\u00e9 de l&rsquo;information en Afrique de l&rsquo;Ouest : le Forum a organis\u00e9 un s\u00e9minaire avec ses partenaires \u00e0 Dakar\"}]},{\"@type\":\"WebSite\",\"@id\":\"https:\\\/\\\/informationdemocracy.org\\\/fr\\\/#website\",\"url\":\"https:\\\/\\\/informationdemocracy.org\\\/fr\\\/\",\"name\":\"Forum on Information & Democracy\",\"description\":\"\",\"publisher\":{\"@id\":\"https:\\\/\\\/informationdemocracy.org\\\/fr\\\/#organization\"},\"potentialAction\":[{\"@type\":\"SearchAction\",\"target\":{\"@type\":\"EntryPoint\",\"urlTemplate\":\"https:\\\/\\\/informationdemocracy.org\\\/fr\\\/?s={search_term_string}\"},\"query-input\":{\"@type\":\"PropertyValueSpecification\",\"valueRequired\":true,\"valueName\":\"search_term_string\"}}],\"inLanguage\":\"fr-FR\"},{\"@type\":\"Organization\",\"@id\":\"https:\\\/\\\/informationdemocracy.org\\\/fr\\\/#organization\",\"name\":\"Forum on Information & Democracy\",\"url\":\"https:\\\/\\\/informationdemocracy.org\\\/fr\\\/\",\"logo\":{\"@type\":\"ImageObject\",\"inLanguage\":\"fr-FR\",\"@id\":\"https:\\\/\\\/informationdemocracy.org\\\/fr\\\/#\\\/schema\\\/logo\\\/image\\\/\",\"url\":\"https:\\\/\\\/informationdemocracy.org\\\/wp-content\\\/uploads\\\/2025\\\/09\\\/Logo.svg\",\"contentUrl\":\"https:\\\/\\\/informationdemocracy.org\\\/wp-content\\\/uploads\\\/2025\\\/09\\\/Logo.svg\",\"width\":168,\"height\":51,\"caption\":\"Forum on Information & Democracy\"},\"image\":{\"@id\":\"https:\\\/\\\/informationdemocracy.org\\\/fr\\\/#\\\/schema\\\/logo\\\/image\\\/\"},\"sameAs\":[\"https:\\\/\\\/www.linkedin.com\\\/company\\\/forum-information-democracy\",\"https:\\\/\\\/www.youtube.com\\\/playlist?list=PL-yF0NqTYQU2B3I97oh3Dv2Dfevd8ThM_\",\"https:\\\/\\\/www.instagram.com\\\/foruminformationdemocracy\\\/\"]},{\"@type\":\"Person\",\"@id\":\"https:\\\/\\\/informationdemocracy.org\\\/fr\\\/#\\\/schema\\\/person\\\/48ea335c80804b99e13cfa6bf4c2f7dd\",\"name\":\"informationdemocracywebsite\",\"image\":{\"@type\":\"ImageObject\",\"inLanguage\":\"fr-FR\",\"@id\":\"https:\\\/\\\/secure.gravatar.com\\\/avatar\\\/33c6a406643df806a5494363b5db420a409e4a8dc49952dd63ae5da7fb946c0c?s=96&d=mm&r=g\",\"url\":\"https:\\\/\\\/secure.gravatar.com\\\/avatar\\\/33c6a406643df806a5494363b5db420a409e4a8dc49952dd63ae5da7fb946c0c?s=96&d=mm&r=g\",\"contentUrl\":\"https:\\\/\\\/secure.gravatar.com\\\/avatar\\\/33c6a406643df806a5494363b5db420a409e4a8dc49952dd63ae5da7fb946c0c?s=96&d=mm&r=g\",\"caption\":\"informationdemocracywebsite\"},\"url\":\"https:\\\/\\\/informationdemocracy.org\\\/fr\\\/author\\\/informationdemocracywebsite\\\/\"}]}<\/script>\n<!-- \/ Yoast SEO plugin. -->","yoast_head_json":{"title":"IA et int\u00e9grit\u00e9 de l'information en Afrique de l'Ouest : le Forum a organis\u00e9 un s\u00e9minaire avec ses partenaires \u00e0 Dakar - Forum Information &amp; Democracy","robots":{"index":"index","follow":"follow","max-snippet":"max-snippet:-1","max-image-preview":"max-image-preview:large","max-video-preview":"max-video-preview:-1"},"canonical":"https:\/\/informationdemocracy.org\/fr\/2024\/10\/23\/ia-et-integrite-de-linformation-en-afrique-de-louest-le-forum-a-organise-un-seminaire-avec-ses-partenaires-a-dakar\/","og_locale":"fr_FR","og_type":"article","og_title":"IA et int\u00e9grit\u00e9 de l'information en Afrique de l'Ouest : le Forum a organis\u00e9 un s\u00e9minaire avec ses partenaires \u00e0 Dakar - Forum Information &amp; Democracy","og_description":"Les 17 et 18 octobre 2024, \u00e0 Dakar, au S\u00e9n\u00e9gal, le Forum a r\u00e9uni ses partenaires de la soci\u00e9t\u00e9 civile d&rsquo;Afrique de l&rsquo;Ouest : l &lsquo;Association de Lutte Contre le Racisme, l&rsquo;Ethnocentrisme et le R\u00e9gionalisme (B\u00e9nin), Jonction (S\u00e9n\u00e9gal), Mauritanie Perspectives, et le R\u00e9seau des Professionnels de la Presse en Ligne de C\u00f4te d&rsquo;Ivoire. Ces deux [&hellip;]","og_url":"https:\/\/informationdemocracy.org\/fr\/2024\/10\/23\/ia-et-integrite-de-linformation-en-afrique-de-louest-le-forum-a-organise-un-seminaire-avec-ses-partenaires-a-dakar\/","og_site_name":"Forum Information &amp; Democracy","article_published_time":"2024-10-23T06:43:18+00:00","article_modified_time":"2025-09-20T23:50:33+00:00","og_image":[{"width":400,"height":250,"url":"https:\/\/informationdemocracy.org\/wp-content\/uploads\/2023\/09\/E65A5A94-6DC8-4BE2-A43F-4157CABC7D4D-1.jpg.webp","type":"image\/webp"}],"author":"informationdemocracywebsite","twitter_card":"summary_large_image","twitter_misc":{"\u00c9crit par":"informationdemocracywebsite","Dur\u00e9e de lecture estim\u00e9e":"2 minutes"},"schema":{"@context":"https:\/\/schema.org","@graph":[{"@type":"Article","@id":"https:\/\/informationdemocracy.org\/fr\/2024\/10\/23\/ia-et-integrite-de-linformation-en-afrique-de-louest-le-forum-a-organise-un-seminaire-avec-ses-partenaires-a-dakar\/#article","isPartOf":{"@id":"https:\/\/informationdemocracy.org\/fr\/2024\/10\/23\/ia-et-integrite-de-linformation-en-afrique-de-louest-le-forum-a-organise-un-seminaire-avec-ses-partenaires-a-dakar\/"},"author":{"name":"informationdemocracywebsite","@id":"https:\/\/informationdemocracy.org\/fr\/#\/schema\/person\/48ea335c80804b99e13cfa6bf4c2f7dd"},"headline":"IA et int\u00e9grit\u00e9 de l&rsquo;information en Afrique de l&rsquo;Ouest : le Forum a organis\u00e9 un s\u00e9minaire avec ses partenaires \u00e0 Dakar","datePublished":"2024-10-23T06:43:18+00:00","dateModified":"2025-09-20T23:50:33+00:00","mainEntityOfPage":{"@id":"https:\/\/informationdemocracy.org\/fr\/2024\/10\/23\/ia-et-integrite-de-linformation-en-afrique-de-louest-le-forum-a-organise-un-seminaire-avec-ses-partenaires-a-dakar\/"},"wordCount":541,"publisher":{"@id":"https:\/\/informationdemocracy.org\/fr\/#organization"},"image":{"@id":"https:\/\/informationdemocracy.org\/fr\/2024\/10\/23\/ia-et-integrite-de-linformation-en-afrique-de-louest-le-forum-a-organise-un-seminaire-avec-ses-partenaires-a-dakar\/#primaryimage"},"thumbnailUrl":"https:\/\/informationdemocracy.org\/wp-content\/uploads\/2023\/09\/E65A5A94-6DC8-4BE2-A43F-4157CABC7D4D-1.jpg.webp","inLanguage":"fr-FR"},{"@type":"WebPage","@id":"https:\/\/informationdemocracy.org\/fr\/2024\/10\/23\/ia-et-integrite-de-linformation-en-afrique-de-louest-le-forum-a-organise-un-seminaire-avec-ses-partenaires-a-dakar\/","url":"https:\/\/informationdemocracy.org\/fr\/2024\/10\/23\/ia-et-integrite-de-linformation-en-afrique-de-louest-le-forum-a-organise-un-seminaire-avec-ses-partenaires-a-dakar\/","name":"IA et int\u00e9grit\u00e9 de l'information en Afrique de l'Ouest : le Forum a organis\u00e9 un s\u00e9minaire avec ses partenaires \u00e0 Dakar - Forum Information &amp; Democracy","isPartOf":{"@id":"https:\/\/informationdemocracy.org\/fr\/#website"},"primaryImageOfPage":{"@id":"https:\/\/informationdemocracy.org\/fr\/2024\/10\/23\/ia-et-integrite-de-linformation-en-afrique-de-louest-le-forum-a-organise-un-seminaire-avec-ses-partenaires-a-dakar\/#primaryimage"},"image":{"@id":"https:\/\/informationdemocracy.org\/fr\/2024\/10\/23\/ia-et-integrite-de-linformation-en-afrique-de-louest-le-forum-a-organise-un-seminaire-avec-ses-partenaires-a-dakar\/#primaryimage"},"thumbnailUrl":"https:\/\/informationdemocracy.org\/wp-content\/uploads\/2023\/09\/E65A5A94-6DC8-4BE2-A43F-4157CABC7D4D-1.jpg.webp","datePublished":"2024-10-23T06:43:18+00:00","dateModified":"2025-09-20T23:50:33+00:00","breadcrumb":{"@id":"https:\/\/informationdemocracy.org\/fr\/2024\/10\/23\/ia-et-integrite-de-linformation-en-afrique-de-louest-le-forum-a-organise-un-seminaire-avec-ses-partenaires-a-dakar\/#breadcrumb"},"inLanguage":"fr-FR","potentialAction":[{"@type":"ReadAction","target":["https:\/\/informationdemocracy.org\/fr\/2024\/10\/23\/ia-et-integrite-de-linformation-en-afrique-de-louest-le-forum-a-organise-un-seminaire-avec-ses-partenaires-a-dakar\/"]}]},{"@type":"ImageObject","inLanguage":"fr-FR","@id":"https:\/\/informationdemocracy.org\/fr\/2024\/10\/23\/ia-et-integrite-de-linformation-en-afrique-de-louest-le-forum-a-organise-un-seminaire-avec-ses-partenaires-a-dakar\/#primaryimage","url":"https:\/\/informationdemocracy.org\/wp-content\/uploads\/2023\/09\/E65A5A94-6DC8-4BE2-A43F-4157CABC7D4D-1.jpg.webp","contentUrl":"https:\/\/informationdemocracy.org\/wp-content\/uploads\/2023\/09\/E65A5A94-6DC8-4BE2-A43F-4157CABC7D4D-1.jpg.webp","width":400,"height":250},{"@type":"BreadcrumbList","@id":"https:\/\/informationdemocracy.org\/fr\/2024\/10\/23\/ia-et-integrite-de-linformation-en-afrique-de-louest-le-forum-a-organise-un-seminaire-avec-ses-partenaires-a-dakar\/#breadcrumb","itemListElement":[{"@type":"ListItem","position":1,"name":"Accueil","item":"https:\/\/informationdemocracy.org\/fr\/"},{"@type":"ListItem","position":2,"name":"IA et int\u00e9grit\u00e9 de l&rsquo;information en Afrique de l&rsquo;Ouest : le Forum a organis\u00e9 un s\u00e9minaire avec ses partenaires \u00e0 Dakar"}]},{"@type":"WebSite","@id":"https:\/\/informationdemocracy.org\/fr\/#website","url":"https:\/\/informationdemocracy.org\/fr\/","name":"Forum on Information & Democracy","description":"","publisher":{"@id":"https:\/\/informationdemocracy.org\/fr\/#organization"},"potentialAction":[{"@type":"SearchAction","target":{"@type":"EntryPoint","urlTemplate":"https:\/\/informationdemocracy.org\/fr\/?s={search_term_string}"},"query-input":{"@type":"PropertyValueSpecification","valueRequired":true,"valueName":"search_term_string"}}],"inLanguage":"fr-FR"},{"@type":"Organization","@id":"https:\/\/informationdemocracy.org\/fr\/#organization","name":"Forum on Information & Democracy","url":"https:\/\/informationdemocracy.org\/fr\/","logo":{"@type":"ImageObject","inLanguage":"fr-FR","@id":"https:\/\/informationdemocracy.org\/fr\/#\/schema\/logo\/image\/","url":"https:\/\/informationdemocracy.org\/wp-content\/uploads\/2025\/09\/Logo.svg","contentUrl":"https:\/\/informationdemocracy.org\/wp-content\/uploads\/2025\/09\/Logo.svg","width":168,"height":51,"caption":"Forum on Information & Democracy"},"image":{"@id":"https:\/\/informationdemocracy.org\/fr\/#\/schema\/logo\/image\/"},"sameAs":["https:\/\/www.linkedin.com\/company\/forum-information-democracy","https:\/\/www.youtube.com\/playlist?list=PL-yF0NqTYQU2B3I97oh3Dv2Dfevd8ThM_","https:\/\/www.instagram.com\/foruminformationdemocracy\/"]},{"@type":"Person","@id":"https:\/\/informationdemocracy.org\/fr\/#\/schema\/person\/48ea335c80804b99e13cfa6bf4c2f7dd","name":"informationdemocracywebsite","image":{"@type":"ImageObject","inLanguage":"fr-FR","@id":"https:\/\/secure.gravatar.com\/avatar\/33c6a406643df806a5494363b5db420a409e4a8dc49952dd63ae5da7fb946c0c?s=96&d=mm&r=g","url":"https:\/\/secure.gravatar.com\/avatar\/33c6a406643df806a5494363b5db420a409e4a8dc49952dd63ae5da7fb946c0c?s=96&d=mm&r=g","contentUrl":"https:\/\/secure.gravatar.com\/avatar\/33c6a406643df806a5494363b5db420a409e4a8dc49952dd63ae5da7fb946c0c?s=96&d=mm&r=g","caption":"informationdemocracywebsite"},"url":"https:\/\/informationdemocracy.org\/fr\/author\/informationdemocracywebsite\/"}]}},"_links":{"self":[{"href":"https:\/\/informationdemocracy.org\/fr\/wp-json\/wp\/v2\/posts\/12796","targetHints":{"allow":["GET"]}}],"collection":[{"href":"https:\/\/informationdemocracy.org\/fr\/wp-json\/wp\/v2\/posts"}],"about":[{"href":"https:\/\/informationdemocracy.org\/fr\/wp-json\/wp\/v2\/types\/post"}],"author":[{"embeddable":true,"href":"https:\/\/informationdemocracy.org\/fr\/wp-json\/wp\/v2\/users\/2"}],"replies":[{"embeddable":true,"href":"https:\/\/informationdemocracy.org\/fr\/wp-json\/wp\/v2\/comments?post=12796"}],"version-history":[{"count":0,"href":"https:\/\/informationdemocracy.org\/fr\/wp-json\/wp\/v2\/posts\/12796\/revisions"}],"wp:featuredmedia":[{"embeddable":true,"href":"https:\/\/informationdemocracy.org\/fr\/wp-json\/wp\/v2\/media\/12797"}],"wp:attachment":[{"href":"https:\/\/informationdemocracy.org\/fr\/wp-json\/wp\/v2\/media?parent=12796"}],"wp:term":[{"taxonomy":"category","embeddable":true,"href":"https:\/\/informationdemocracy.org\/fr\/wp-json\/wp\/v2\/categories?post=12796"},{"taxonomy":"post_tag","embeddable":true,"href":"https:\/\/informationdemocracy.org\/fr\/wp-json\/wp\/v2\/tags?post=12796"},{"taxonomy":"contenu-mis-en-avant","embeddable":true,"href":"https:\/\/informationdemocracy.org\/fr\/wp-json\/wp\/v2\/contenu-mis-en-avant?post=12796"},{"taxonomy":"thematic","embeddable":true,"href":"https:\/\/informationdemocracy.org\/fr\/wp-json\/wp\/v2\/thematic?post=12796"},{"taxonomy":"workstream","embeddable":true,"href":"https:\/\/informationdemocracy.org\/fr\/wp-json\/wp\/v2\/workstream?post=12796"}],"curies":[{"name":"wp","href":"https:\/\/api.w.org\/{rel}","templated":true}]}}