{"id":12802,"date":"2024-09-27T12:14:33","date_gmt":"2024-09-27T10:14:33","guid":{"rendered":"https:\/\/informationdemocracy.org\/2024\/09\/27\/des-scientifiques-du-monde-entier-appellent-a-proteger-la-recherche-sur-lune-des-plus-grandes-menaces-a-court-terme-pour-lhumanite-desinformation\/"},"modified":"2025-09-21T01:52:50","modified_gmt":"2025-09-20T23:52:50","slug":"des-scientifiques-du-monde-entier-appellent-a-proteger-la-recherche-sur-lune-des-plus-grandes-menaces-a-court-terme-pour-lhumanite-desinformation","status":"publish","type":"post","link":"https:\/\/informationdemocracy.org\/fr\/2024\/09\/27\/des-scientifiques-du-monde-entier-appellent-a-proteger-la-recherche-sur-lune-des-plus-grandes-menaces-a-court-terme-pour-lhumanite-desinformation\/","title":{"rendered":"Des scientifiques du monde entier appellent \u00e0 prot\u00e9ger la recherche sur l&rsquo;une des plus grandes menaces \u00e0 court terme pour l&rsquo;humanit\u00e9 &#8211; D\u00e9sinformation"},"content":{"rendered":"\n<p><strong><em>\u00c0 l&rsquo;occasion de la Journ\u00e9e internationale de l&rsquo;acc\u00e8s universel \u00e0 l&rsquo;information, l&rsquo;Observatoire publie un appel de 150 chercheurs de 41 pays pour tirer la sonnette d&rsquo;alarme contre les menaces et les obstacles auxquels sont confront\u00e9s ceux qui \u00e9tudient l&rsquo;int\u00e9grit\u00e9 de l&rsquo;information.  <\/em><\/strong><\/p>\n\n<p><em>Cet effort collectif fait suite \u00e0 des actions critiques men\u00e9es par des organisations partenaires, notamment les appels lanc\u00e9s par la Coalition of Independent Technology Research et la Fondation Mozilla pour maintenir CrowdTangle en activit\u00e9, ainsi que le lancement r\u00e9cent du Research Support Consortium, tous deux soutenus par le Forum.<\/em><\/p>\n\n<p><em>Notre article collectif a \u00e9t\u00e9 publi\u00e9 dans <a href=\"https:\/\/www.latribune.fr\/opinions\/tribunes\/face-a-la-desinformation-150-scientifiques-lancent-un-appel-pour-proteger-la-recherche-et-preserver-la-democratie-1006732.html\">La Tribune<\/a> (France), <a href=\"https:\/\/www.editorialedomani.it\/idee\/voci\/lappello-per-promuovere-laccesso-alle-informazioni-per-proteggere-la-ricerca-aperta-e-indipendente-ng64xnzx\">Domani<\/a> (Italie), <a href=\"https:\/\/www.techpolicy.press\/scientists-around-the-world-call-to-protect-research-on-one-of-humanitys-greatest-short-term-threats-disinformation\/\">Tech Policy Press <\/a>(\u00c9tats-Unis), <a href=\"https:\/\/www.publico.pt\/2024\/09\/28\/opiniao\/opiniao\/manifesto-apoio-investigacao-independente-aberta-desinformacao-2105841\">P\u00fablico<\/a> (Portugal) et <a href=\"https:\/\/www.madha-yahduth.com\/details-article.php?id=1577&amp;lan=fr\">Madha Yahduth<\/a> (Tunisie).<\/em><\/p>\n\n<p><em>Lisez la lettre compl\u00e8te et la liste des signataires ci-dessous<\/em><\/p>\n\n<p class=\"has-text-align-center\"><em>***<\/em><\/p>\n\n<p>\u00c0 un moment crucial pour la compr\u00e9hension de l&rsquo;impact des communications num\u00e9riques sur les soci\u00e9t\u00e9s, la recherche sur la d\u00e9sinformation est en danger.<strong> <\/strong><\/p>\n\n<p>En ao\u00fbt, les chercheurs du monde entier ont fait leurs adieux \u00e0 CrowdTangle, l&rsquo;outil de surveillance des m\u00e9dias sociaux appartenant \u00e0 Meta. La d\u00e9cision de Meta de fermer la plateforme num\u00e9ro un utilis\u00e9e pour surveiller la d\u00e9sinformation, en cette ann\u00e9e \u00e9lectorale majeure, et de ne pr\u00e9senter que son outil alternatif, Meta Content Library and API, a \u00e9t\u00e9 accueillie par un flot de <a href=\"https:\/\/www.cjr.org\/tow_center\/meta-is-getting-rid-of-crowdtangle.php#:~:text=Unlike%20CrowdTangle%2C%20which%20was%20open,by%20journalists%20using%20CrowdTangle%20data.\">critiques<\/a>. <\/p>\n\n<p>Si, comme le <a href=\"https:\/\/www.weforum.org\/press\/2024\/01\/global-risks-report-2024-press-release\/\">sugg\u00e8re<\/a> le rapport 2024 du Forum \u00e9conomique mondial sur les risques mondiaux, la d\u00e9sinformation est l&rsquo;une des plus grandes menaces \u00e0 court terme pour l&rsquo;humanit\u00e9, notre capacit\u00e9 collective \u00e0 comprendre comment elle se propage et a un impact sur notre soci\u00e9t\u00e9 est cruciale. Tout comme nous n&#8217;emp\u00eacherions pas la recherche scientifique sur la propagation des virus et des maladies, sur les \u00e9cosyst\u00e8mes naturels ou sur d&rsquo;autres sciences historiques et sociales, la recherche sur la d\u00e9sinformation doit pouvoir \u00eatre men\u00e9e sans entrave et avec l&rsquo;acc\u00e8s aux informations n\u00e9cessaires pour en comprendre la complexit\u00e9. Comprendre l&rsquo;\u00e9conomie politique de la d\u00e9sinformation ainsi que ses dimensions technologiques est \u00e9galement une question de sant\u00e9 publique, de r\u00e9silience d\u00e9mocratique et de s\u00e9curit\u00e9 nationale.  <\/p>\n\n<p>En <a href=\"https:\/\/www.techpolicy.press\/researchers-consider-the-impact-of-metas-crowdtangle-shutdown\/\">affectant<\/a>directement lacapacit\u00e9 de la communaut\u00e9 des chercheurs\u00e0 ouvrir les bo\u00eetes noires des m\u00e9dias sociaux, cette d\u00e9cision radicale entravera \u00e9galement, \u00e0 son tour, la compr\u00e9hension par le public de la mani\u00e8re dont la technologie affecte la d\u00e9mocratie. Le contr\u00f4le de l&rsquo;int\u00e9r\u00eat public est \u00e9galement essentiel pour la prochaine \u00e8re technologique, notamment pour les plus grands syst\u00e8mes d&rsquo;IA du monde, qui sont \u00e9galement propri\u00e9taires et opaques. La communaut\u00e9 des chercheurs <a href=\"https:\/\/sites.mit.edu\/ai-safe-harbor\/\">demande d\u00e9j\u00e0<\/a> aux entreprises d&rsquo;IA de tirer les le\u00e7ons des erreurs commises par les m\u00e9dias sociaux et de garantir la protection de la recherche de bonne foi. La solution repose sur de multiples \u00e9paules et la communaut\u00e9 scientifique mondiale, la soci\u00e9t\u00e9 civile, les institutions publiques et les organisations philanthropiques doivent s&rsquo;unir pour encourager et prot\u00e9ger efficacement la recherche d&rsquo;int\u00e9r\u00eat public sur l&rsquo;information et la d\u00e9mocratie.     <\/p>\n\n<p><strong>Le co\u00fbt de l&rsquo;int\u00e9grit\u00e9<\/strong><\/p>\n\n<p><a href=\"https:\/\/ec.europa.eu\/commission\/presscorner\/detail\/en\/ip_24_2373\">Les mesures prises dans la bonne direction<\/a> en ce qui concerne l&rsquo;acc\u00e8s aux donn\u00e9es ne font qu&rsquo;effleurer les pressions et les <a href=\"https:\/\/www.nytimes.com\/2024\/06\/25\/opinion\/stanford-disinformation-election-jordan-twitter.html\">menaces<\/a> croissantes auxquelles sont confront\u00e9s les chercheurs qui \u00e9tudient la d\u00e9sinformation en ligne au cours de cette p\u00e9riode critique. Dans leurs efforts pour mieux comprendre et combattre la d\u00e9sinformation et ses diffuseurs, les chercheurs sont ironiquement pris pour cible par les m\u00eames acteurs que ceux que leurs recherches visent \u00e0 d\u00e9noncer et \u00e0 obliger \u00e0 rendre des comptes. <\/p>\n\n<p>R\u00e9cemment, le Stanford Internet Observatory a d\u00fb faire face \u00e0 une <a href=\"https:\/\/www.nytimes.com\/2024\/06\/25\/opinion\/stanford-disinformation-election-jordan-twitter.html\">pression politique et juridique croissante<\/a> \u00e0 la veille d&rsquo;une \u00e9lection majeure. Il recueille, analyse et partage des preuves li\u00e9es \u00e0 la d\u00e9sinformation \u00e9lectorale. Des d\u00e9veloppements similaires ont \u00e9t\u00e9 signal\u00e9s par d&rsquo;autres <a href=\"https:\/\/www.techpolicy.press\/farright-seeks-to-censor-science-and-criminalize-researchers-studying-disinformation-in-brazil\/\">centres de recherche <\/a> <a href=\"https:\/\/www.washingtonpost.com\/technology\/2023\/06\/06\/disinformation-researchers-congress-jim-jordan\/?ref=platformer.news\">am\u00e9ricains<\/a> et br\u00e9siliens , qui sont \u00e9galement aux prises avec des poursuites judiciaires et des audiences du Congr\u00e8s, et dont les chercheurs seraient la cible de <a href=\"https:\/\/www.theatlantic.com\/ideas\/archive\/2024\/06\/cia-renee-censorship-conspiracy-twitter\/678688\/?mc_cid=f9f675382e\">th\u00e9ories du complot et de campagnes de harc\u00e8lement en ligne<\/a>. Les tactiques d&rsquo;intimidation proviennent \u00e9galement des entreprises, avec l&rsquo;exemple r\u00e9cent du <a href=\"https:\/\/www.theguardian.com\/technology\/2024\/mar\/25\/elon-musk-hate-speech-lawsuit\">proc\u00e8s intent\u00e9 par X contre un groupe de r\u00e9flexion sur la lutte contre la haine<\/a>.     <\/p>\n\n<p>Plut\u00f4t que de laisser les institutions et les chercheurs r\u00e9pondre seuls \u00e0 cette pression croissante, la communaut\u00e9 universitaire devrait unir ses forces pour cr\u00e9er un centre d&rsquo;information destin\u00e9 \u00e0 d\u00e9fendre les chercheurs et l&rsquo;int\u00e9grit\u00e9 de la recherche.  <\/p>\n\n<p><strong>Raret\u00e9 des preuves et militarisation  <\/strong><\/p>\n\n<p>Bien que les perturbations num\u00e9riques des processus d\u00e9mocratiques soient de plus en plus commun\u00e9ment reconnues, l&rsquo;\u00e9tendue r\u00e9elle de leurs effets sur l&rsquo;opinion et les d\u00e9cisions est encore d\u00e9battue. Une m\u00e9ta-\u00e9tude mondiale men\u00e9e par l&rsquo;<a href=\"https:\/\/informationdemocracy.org\/mission\/\">Observatoire sur l&rsquo;information et la d\u00e9mocratie<\/a> montre qu&rsquo;il n&rsquo;existe pas de consensus scientifique sur les effets de la d\u00e9sinformation sur le comportement des \u00e9lecteurs, ou sur la causalit\u00e9 entre les chambres d&rsquo;\u00e9cho en ligne et la polarisation politique. <\/p>\n\n<p>La recherche universitaire \u00e9tablit \u00e9galement que les gens ont tendance \u00e0 surestimer leur capacit\u00e9 \u00e0 d\u00e9tecter la d\u00e9sinformation, et que la v\u00e9rification des faits et l&rsquo;\u00e9ducation aux m\u00e9dias sont des outils cruciaux, mais pas des rem\u00e8des miracles au chaos de l&rsquo;information. Des recherches suppl\u00e9mentaires sont n\u00e9cessaires pour mieux \u00e9valuer et recueillir des preuves empiriques &#8211; d&rsquo;o\u00f9 l&rsquo;urgence de prot\u00e9ger l&rsquo;int\u00e9grit\u00e9 de la recherche dans ce domaine.   <\/p>\n\n<p><strong>Consensus scientifique et confiance  <\/strong><\/p>\n\n<p>Ces lacunes dans la recherche et ce dissensus sont aggrav\u00e9s par la raret\u00e9 des donn\u00e9es en ligne, l&rsquo;acc\u00e8s limit\u00e9 aux donn\u00e9es propri\u00e9taires pour la recherche d&rsquo;int\u00e9r\u00eat public et les faibles niveaux de connaissance et de confiance du public dans la recherche num\u00e9rique, comme le <a href=\"https:\/\/independenttechresearch.org\/wp-content\/uploads\/2024\/07\/CrowdTangle-Survey-Report-Final.pdf\">signalent <\/a>la Coalition for Independent Technology Research ainsi que la <a href=\"https:\/\/foundation.mozilla.org\/en\/blog\/new-research-tech-platforms-data-access-initiatives-vary-widely\/\">Fondation Mozilla et la National Conference on Citizenship (conf\u00e9rence nationale sur la citoyennet\u00e9)<\/a><\/p>\n\n<p>L&rsquo;intelligence artificielle est de plus en plus repr\u00e9sent\u00e9e dans ce domaine de recherche. Nous esp\u00e9rons voir un investissement similaire dans des questions critiques et n\u00e9glig\u00e9es telles que l&rsquo;acc\u00e8s aux donn\u00e9es, l&rsquo;authentification, l&rsquo;open source et l&rsquo;\u00e9ducation aux m\u00e9dias, afin de garantir un \u00e9tat de l&rsquo;art scientifique plus \u00e9quilibr\u00e9.   <\/p>\n\n<p>L&rsquo;\u00e9volution de la politique europ\u00e9enne a fait des efforts d\u00e9cisifs et inspirants pour accorder aux chercheurs un meilleur acc\u00e8s aux donn\u00e9es dans le cadre de la loi sur les services num\u00e9riques. Mais la transparence r\u00e9elle des plateformes par les entreprises d\u00e9pendra en grande partie de sa mise en \u0153uvre et de son application. Et la mont\u00e9e des partis politiques populistes \u00e0 travers le monde n&rsquo;est pas un bon signe pour l&rsquo;int\u00e9grit\u00e9 de l&rsquo;information ou la s\u00e9curit\u00e9 des chercheurs.  <\/p>\n\n<p><strong>Les gardiens publics de l&rsquo;int\u00e9grit\u00e9 de la recherche sur l&rsquo;information et la d\u00e9mocratie<\/strong><\/p>\n\n<p>Au cours d&rsquo;une ann\u00e9e marqu\u00e9e par plus de 70 \u00e9lections cl\u00e9s, la n\u00e9cessit\u00e9 pour les chercheurs de mener des recherches d&rsquo;int\u00e9r\u00eat public sur le d\u00e9sordre de l&rsquo;information n&rsquo;a jamais \u00e9t\u00e9 aussi grande. Et cela va de pair avec le d\u00e9fi que repr\u00e9sente la <a href=\"https:\/\/reutersinstitute.politics.ox.ac.uk\/digital-news-report\/2024\">confiance du public dans l&rsquo;information<\/a>. <\/p>\n\n<p>Il ne suffit pas de reconna\u00eetre le probl\u00e8me. Il faut mettre en place un cadre clair pour responsabiliser et <a href=\"https:\/\/researchersupport.org\/wp-content\/uploads\/2024\/07\/Tips_for_Safer_Communication.pdf\">prot\u00e9ger les<\/a> universitaires qui travaillent sur l&rsquo;information et la d\u00e9mocratie, et veiller \u00e0 ce qu&rsquo;ils puissent poursuivre leur travail en toute s\u00e9curit\u00e9 et en toute ind\u00e9pendance, sans subir de r\u00e9percussions financi\u00e8res ou de chocs \u00e9motionnels.   <\/p>\n\n<p>Fort de cette conviction, l&rsquo;Observatoire international de l&rsquo;information et de la d\u00e9mocratie, qui repr\u00e9sente une communaut\u00e9 de plus de 300 organismes de recherche et universitaires \u00e0 travers le monde, ainsi que les 154 signataires ci-dessous, appellent les gouvernements et les institutions internationales \u00e0 \u00e9laborer une feuille de route ambitieuse pour pr\u00e9server l&rsquo;int\u00e9grit\u00e9 de la recherche \u00e0 l&rsquo;\u00e8re num\u00e9rique.<\/p>\n\n<p><em>Si vous souhaitez soutenir cette initiative en signant cette lettre, veuillez envoyer un courriel \u00e0 l&rsquo;adresse suivante <\/em><a href=\"mailto:observatory@informationdemocracy.org\"><em>observatory@informationdemocracy.org<\/em><\/a><em> en mentionnant votre nom, votre titre, votre affiliation universitaire et votre pays. <\/em><br\/><br\/>Voir l&rsquo;appel en <a href=\"https:\/\/informationdemocracy.org\/wp-content\/uploads\/2024\/09\/ES-OID-Oped-Research-Integrity-ID.pdf\">espagnol<\/a>, <a href=\"https:\/\/informationdemocracy.org\/wp-content\/uploads\/2024\/09\/POR-OID-Oped-Research-Integrity-ID.pdf\">portugais<\/a>, <a href=\"https:\/\/informationdemocracy.org\/wp-content\/uploads\/2024\/09\/IT-OID-Oped-Research-Integrity-ID.pdf\">italien<\/a>, <a href=\"https:\/\/informationdemocracy.org\/wp-content\/uploads\/2024\/09\/DE-OID-Oped-Research-Integrity-ID-1.pdf\">allemand<\/a>, <a href=\"https:\/\/informationdemocracy.org\/wp-content\/uploads\/2024\/09\/DK-OID-Oped-Research-Integrity-ID.pdf\">danois<\/a>.<br\/><\/p>\n\n<p>Liste des signataires  <br\/><\/p>\n\n<ol class=\"wp-block-list\">\n<li>Rosemary Ajayi, fondatrice du Digital Africa Research and Safety Lab (DigiAfricaLab), Royaume-Uni.<\/li>\n\n\n\n<li>Sacha Altay, chercheur postdoctoral, Universit\u00e9 de Zurich, Suisse.  <\/li>\n\n\n\n<li>Michelle A. Amazeen, professeur associ\u00e9 de communication de masse, Universit\u00e9 de Boston, \u00c9tats-Unis.<\/li>\n\n\n\n<li>Ian A. Anderson, chercheur postdoctoral, Caltech, \u00c9tats-Unis.<\/li>\n\n\n\n<li>Natalia Aruguete, Universit\u00e9 nationale de Quilmes, Argentine.<\/li>\n\n\n\n<li>Homa Azodi, candidate \u00e0 la ma\u00eetrise en \u00e9tudes internationales, Universit\u00e9 de Montr\u00e9al, Canada.<\/li>\n\n\n\n<li>Romain Badouard, professeur associ\u00e9, Universit\u00e9 Paris-Panth\u00e9on-Assas, France.<\/li>\n\n\n\n<li>Dylan K. Baker, ing\u00e9nieur de recherche principal, Distributed AI Research Institute (DAIR), \u00c9tats-Unis.<\/li>\n\n\n\n<li>Emma Beauxis-Aussalet, professeur adjoint d&rsquo;informatique \u00e9thique, Vrije Universiteit Amsterdam, directrice de laboratoire, Civic AI Lab, Pays-Bas.<\/li>\n\n\n\n<li>Anja Bechmann, professeur et directrice de DATALAB, Universit\u00e9 d&rsquo;Aarhus, Danemark.<\/li>\n\n\n\n<li>Nouha Belaid, docteur en m\u00e9dias et communication, Tunisie.<\/li>\n\n\n\n<li>Jos\u00e9 Luis Ben\u00edtez, chercheur et consultant en m\u00e9dias, Salvador.<\/li>\n\n\n\n<li>Kalina Bontcheva, Universit\u00e9 de Sheffield, Royaume-Uni.<\/li>\n\n\n\n<li>Habmo Birwe, chercheur, Banque mondiale, Cameroun.<\/li>\n\n\n\n<li>Constance Bommelaer de Leusse, Institut IA et Soci\u00e9t\u00e9, et universit\u00e9 de SciencesPo, France.<\/li>\n\n\n\n<li>Danielle Borges, associ\u00e9e de recherche au Centre pour le pluralisme et la libert\u00e9 des m\u00e9dias, Institut universitaire europ\u00e9en, Italie.<\/li>\n\n\n\n<li>Iris Boyer, responsable de l&rsquo;Observatoire international de l&rsquo;information et de la d\u00e9mocratie, France.<\/li>\n\n\n\n<li>Emma L. Briant, professeur associ\u00e9 de communication politique et d&rsquo;information, Monash University, Australie.<\/li>\n\n\n\n<li>Gerald Bronner, professeur de sociologie, Universit\u00e9 de la Sorbonne, France.<\/li>\n\n\n\n<li>Sally Broughton Micova, professeur associ\u00e9 de politique de communication, Universit\u00e9 d&rsquo;East Anglia, Royaume-Uni.<\/li>\n\n\n\n<li>Florian Cafiero, Membre de l&rsquo;IA pour les sciences humaines et sociales, Universit\u00e9 Paris Sciences et Lettres (PSL), Paris, France.<\/li>\n\n\n\n<li>Gustavo Cardoso, Professeur Iscte-IUL, Directeur du MediaLab du CIES, Portugal.<\/li>\n\n\n\n<li>Roberta Carlini, professeur adjoint \u00e0 temps partiel au Centre pour le pluralisme et la libert\u00e9 des m\u00e9dias, Institut universitaire europ\u00e9en, Italie.<\/li>\n\n\n\n<li>Marta Cantero Gamito, professeur de droit des technologies de l&rsquo;information, Universit\u00e9 de Tartu ; chercheur, Institut universitaire europ\u00e9en, Finlande.  <\/li>\n\n\n\n<li>Raja Chatila, professeur \u00e9m\u00e9rite, Institut des syst\u00e8mes intelligents et de la robotique, Universit\u00e9 de la Sorbonne, Paris, France.<\/li>\n\n\n\n<li>David Chavalarias, directeur de recherche au CNRS, France.<\/li>\n\n\n\n<li>John Cook, chercheur principal, Centre de Melbourne pour le changement de comportement, Universit\u00e9 de Melbourne, Australie.<\/li>\n\n\n\n<li>Laurent Cordonier, Directeur de recherche, Fondation Descartes, France ; Chercheur associ\u00e9, Universit\u00e9 de la Sorbonne &#8211; CNRS (GEMASS, UMR 8598), France.<\/li>\n\n\n\n<li>Juli\u00e1n D. Cort\u00e9s, Universidad del Rosario, Colombie.<\/li>\n\n\n\n<li>Nick Couldry, professeur de m\u00e9dias, de communications et de th\u00e9orie sociale, LSE, Royaume-Uni.<\/li>\n\n\n\n<li>Eileen Culloty, professeur adjoint en m\u00e9dias et communication, Dublin City University, Irlande.<\/li>\n\n\n\n<li>Francis P. Crawley, directeur ex\u00e9cutif, Good Clinical Practice Alliance &#8211; Europe (GCPA) et directeur ex\u00e9cutif, Strategic Initiative for Developing Capacity in Ethical Review (SIDCER) ; Louvain, Belgique.<\/li>\n\n\n\n<li>Claes de Vreese, Universit\u00e9 d&rsquo;Amsterdam, Pays-Bas.  <\/li>\n\n\n\n<li>Laurence Dierickx, chercheuse post-doctorale, Universit\u00e9 de Bergen, enseignante Universit\u00e9 Libre de Bruxelles, Belgique.<\/li>\n\n\n\n<li>Lucina Di Meco, cofondatrice, #ShePersisted, \u00c9tats-Unis.<\/li>\n\n\n\n<li>Fr\u00e9d\u00e9rick Douzet, professeur d&rsquo;universit\u00e9 \u00e0 l&rsquo;Institut fran\u00e7ais de g\u00e9opolitique, Universit\u00e9 Paris 8, France.<\/li>\n\n\n\n<li>Flavia Durach, professeur associ\u00e9, Universit\u00e9 nationale d&rsquo;\u00e9tudes politiques et d&rsquo;administration publique, Roumanie ; rapporteur, Observatoire international de l&rsquo;information et de la d\u00e9mocratie &#8211; Forum sur l&rsquo;information et la d\u00e9mocratie, France.<strong> <\/strong><\/li>\n\n\n\n<li>Julia Ebner, responsable du laboratoire sur l&rsquo;extr\u00e9misme violent au centre d&rsquo;\u00e9tude de la coh\u00e9sion sociale de l&rsquo;universit\u00e9 d&rsquo;Oxford et chercheuse postdoctorale au centre Calleva pour l&rsquo;\u00e9volution et les sciences humaines de l&rsquo;universit\u00e9 d&rsquo;Oxford (Royaume-Uni).<\/li>\n\n\n\n<li>Ullrich Ecker, professeur \u00e0 l&rsquo;universit\u00e9 d&rsquo;Australie occidentale.<\/li>\n\n\n\n<li>Galen Englund, animateur et directeur ex\u00e9cutif du r\u00e9seau de recherche sur l&rsquo;extr\u00e9misme et les jeux, Royaume-Uni.<\/li>\n\n\n\n<li>\u00d3scar Espiritusanto, professeur de journalisme \u00e0 l&rsquo;universit\u00e9 Carlos III de Madrid et directeur du d\u00e9partement de l&rsquo;innovation \u00e9ducative \u00e0 la Fondation Cibervoluntarios, Espagne.  <\/li>\n\n\n\n<li>Marc Faddoul, Directeur, AI Forensics, France.<\/li>\n\n\n\n<li>Julien Falgas, Enseignant-chercheur, Universit\u00e9 de Lorraine, France.<\/li>\n\n\n\n<li>Carmen Beatriz Fern\u00e1ndez, chercheuse et consultante DatastrategIA Consult, Bilbao, Espagne<\/li>\n\n\n\n<li>Agust\u00edn Ferrari Braun, chercheur doctorant, Universit\u00e9 d&rsquo;Amsterdam (Media Studies &amp; Institute for Information Law), Pays-Bas.  <\/li>\n\n\n\n<li>Terry Flew, professeur de communication num\u00e9rique et de culture, Universit\u00e9 de Sydney, Australie.<\/li>\n\n\n\n<li>Divina Frau-Meigs, Professeur \u00e9m\u00e9rite, Universit\u00e9 Sorbonne Nouvelle, Chaire UNESCO Savoir Devenir, France.<\/li>\n\n\n\n<li>Olivier de Frouville, professeur de droit international \u00e0 l&rsquo;universit\u00e9 Paris-Panth\u00e9on-Assas, directeur du Centre des droits de l&rsquo;homme de Paris, France.<\/li>\n\n\n\n<li>Jean-Gabriel Ganascia, Professeur \u00e9m\u00e9rite, Universit\u00e9 de la Sorbonne, Chercheur LIP6 (laboratoire d&rsquo;informatique de l&rsquo;Universit\u00e9 de la Sorbonne, Paris, France.<\/li>\n\n\n\n<li>Leanna Garfield, responsable du programme de s\u00e9curit\u00e9 dans les m\u00e9dias sociaux, GLAAD, \u00c9tats-Unis.<\/li>\n\n\n\n<li>Martin Gibert, Centre de recherche en \u00e9thique, Universit\u00e9 de Montr\u00e9al, Canada.  <\/li>\n\n\n\n<li>Anna Gibson, associ\u00e9e postdoctorale en \u00e9tudes comparatives des m\u00e9dias\/\u00e9criture, MIT, \u00c9tats-Unis.<\/li>\n\n\n\n<li>Fabio Giglietto, Universit\u00e9 d&rsquo;Urbino, Italie.<\/li>\n\n\n\n<li>Priscila Gonsales, chercheuse, Universit\u00e9 de Campinas, Universit\u00e9 de Brasilia, Universit\u00e9 de Bristol (visiting fellow), consultante de l&rsquo;UNESCO, Br\u00e9sil.<\/li>\n\n\n\n<li>Paula Gori, Institut universitaire europ\u00e9en, Italie.<\/li>\n\n\n\n<li>Arthur Grimonpont, responsable du bureau de l&rsquo;IA et des d\u00e9fis mondiaux \u00e0 Reporters sans fronti\u00e8res (RSF), France.<\/li>\n\n\n\n<li>Rahaf Harfoush, directeur ex\u00e9cutif, Red Thread Institute of Digital Culture, France.<\/li>\n\n\n\n<li>Pavel Havlicek, chercheur \u00e0 l&rsquo;Association pour les affaires internationales (AMO) \u00e0 Prague, R\u00e9publique tch\u00e8que.<\/li>\n\n\n\n<li>Francisco Herrera, professeur d&rsquo;IA, Universit\u00e9 de Grenade, Espagne.<\/li>\n\n\n\n<li>Ralph Hertwig, directeur de l&rsquo;Institut Max Planck pour le d\u00e9veloppement humain, Allemagne.<\/li>\n\n\n\n<li>Jeanette Hofmann, professeur de politique de l&rsquo;Internet, Freie Universit\u00e4t Berlin, Allemagne.<\/li>\n\n\n\n<li>C. Ann Hollifield, Ph.D., professeur \u00e9m\u00e9rite, Universit\u00e9 de G\u00e9orgie, \u00c9tats-Unis.<\/li>\n\n\n\n<li>Minna Aslama Horowitz, chercheuse, Universit\u00e9 d&rsquo;Helsinki \/ EDMO-NORDIS, Finlande.<\/li>\n\n\n\n<li>Matthew Hornsey, Observatoire Net Zero, Universit\u00e9 de Queensland, Australie.<\/li>\n\n\n\n<li>Philippe Huneman, Directeur de recherche CNRS, Institut d&rsquo;Histoire et de Philosophie des Sciences et des Techniques, Paris Sorbonne, France.<\/li>\n\n\n\n<li>Poncelet Ileleji, PDG &#8211; Jokkolabs Banjul, Gambie.<\/li>\n\n\n\n<li>Wendpanga Rodrigue Kabore, docteur en sciences de l&rsquo;information et de la communication, Burkina Faso.<\/li>\n\n\n\n<li>Jhalak M. Kakkar, directeur ex\u00e9cutif, Centre for Communication Governance, Inde.<\/li>\n\n\n\n<li>Waliyu Karimu dit Wally Karim, Enseignant-Chercheur, Universit\u00e9 F\u00e9lix Houphou\u00ebt-Boigny, Abidjan-Cocody, C\u00f4te d&rsquo;Ivoire.<\/li>\n\n\n\n<li>Mehdi Khamassi, directeur de recherche en sciences cognitives, Centre National de la Recherche Scientifique \/ Sorbonne Universit\u00e9, Paris, France.<\/li>\n\n\n\n<li>Ioannis Kompatsiaris, Information Technologies Institutre &#8211; Centre for Research and Technology Hellas, Gr\u00e8ce.<\/li>\n\n\n\n<li>Sergei Kruk, professeur \u00e0 l&rsquo;universit\u00e9 de Riga Stradins, Lettonie.<\/li>\n\n\n\n<li>Arne H. Krumsvik, professeur, d\u00e9partement de communication, Kristiania University College, Oslo, Norv\u00e8ge.<\/li>\n\n\n\n<li>Anselm K\u00fcsters, chef du d\u00e9partement de la num\u00e9risation et des nouvelles technologies au Centre for European Policy (cep), Berlin, chercheur affili\u00e9 \u00e0 l&rsquo;Institut Max Planck d&rsquo;histoire et de th\u00e9orie du droit, Francfort-sur-le-Main, chercheur \u00e0 l&rsquo;Universit\u00e9 Humboldt, Berlin, Allemagne.<\/li>\n\n\n\n<li>Salla-Maaria Laaksonen, chercheur principal et professeur adjoint, Centre de recherche sur la soci\u00e9t\u00e9 de consommation, Universit\u00e9 d&rsquo;Helsinki, Finlande.<\/li>\n\n\n\n<li>Stephanie Lamy, Co-fondatrice Danaides.org, Charg\u00e9e de cours Gouvernance internationale, Sciences Po Toulouse, France.<\/li>\n\n\n\n<li>Horacio Larreguy, professeur associ\u00e9, ITAM, Mexique.<\/li>\n\n\n\n<li>Th\u00e9ophile Lenoir, Chercheur, Universit\u00e9 de Milan, Italie.<\/li>\n\n\n\n<li>Stephan Lewandowsky, professeur \u00e0 l&rsquo;universit\u00e9 de Bristol, Royaume-Uni.<\/li>\n\n\n\n<li>Kevin Limonier, professeur associ\u00e9, GEODE, universit\u00e9 de Paris 8, France.<\/li>\n\n\n\n<li>Sonia Livingstone, professeur, d\u00e9partement des m\u00e9dias et des communications, London School of Economics and Political Science, Royaume-Uni.<\/li>\n\n\n\n<li>Shayne Longpre, doctorant, Massachusetts Institute of Technology, \u00c9tats-Unis.<\/li>\n\n\n\n<li>Beatriz Lopes Buarque, boursi\u00e8re, LSE, Royaume-Uni.<\/li>\n\n\n\n<li>Deborah Lupton, professeur, Vitalities Lab et Australian Research Council Centre of Excellence for Automated Decision-Making and Society, Universit\u00e9 de Nouvelle-Galles du Sud (UNSW), Sydney, Australie.<\/li>\n\n\n\n<li>Ioana Manolescu, chercheur principal \u00e0 l&rsquo;Inria et professeur \u00e0 l&rsquo;\u00c9cole polytechnique, France.<\/li>\n\n\n\n<li>Robin Mansell, professeur \u00e9m\u00e9rite, d\u00e9partement des m\u00e9dias et des communications, LSE, Royaume-Uni. <\/li>\n\n\n\n<li>Anna Marchese, responsable de projet, Columbia World Projects, Universit\u00e9 de Columbia, \u00c9tats-Unis.<\/li>\n\n\n\n<li>Michael Markovitz, directeur du groupe de r\u00e9flexion sur le leadership dans les m\u00e9dias du GIBS, Gordon Institute of Business Science, Afrique du Sud.<\/li>\n\n\n\n<li>Charlie Martial Ngounou, AfroLeadership, Cameroun.<\/li>\n\n\n\n<li>Siddhartha Menon, r\u00e9dacteur principal et r\u00e9viseur, Outlier AI \/ Scale AI, \u00c9tats-Unis.<\/li>\n\n\n\n<li>Arnaud Mercier, Professeur, Universit\u00e9 Paris Panth\u00e9on-Assas, France.<\/li>\n\n\n\n<li>Asma Mhalla, Politologue, chercheur associ\u00e9, EHESS, SciencesPo, France.<\/li>\n\n\n\n<li>Izak Minnaar, Alliance africaine pour l&rsquo;acc\u00e8s aux donn\u00e9es, Afrique du Sud.<\/li>\n\n\n\n<li>Jozef Michal Mintal, chercheur et directeur de l&rsquo;Institut pour la d\u00e9mocratie, Universit\u00e9 Matej Bel, Slovaquie.<\/li>\n\n\n\n<li>Snjezana Milivojevic, Professeur, Universit\u00e9 de Belgrade, Serbie.<\/li>\n\n\n\n<li>Sasha Moriniere, chercheur et d\u00e9fenseur, Conspiracy Watch. Sp\u00e9cialiste des discours haineux et de la d\u00e9sinformation en ligne.   <\/li>\n\n\n\n<li>Jun Murai, professeur distingu\u00e9, Universit\u00e9 de Keio, Japon.<\/li>\n\n\n\n<li>Richard Ngamita, responsable de la recherche &#8211; Threats Civic Tech, Ouganda.<\/li>\n\n\n\n<li>Hannu Nieminen, professeur de politique des m\u00e9dias et des communications, Universit\u00e9 d&rsquo;Helsinki, Finlande.<\/li>\n\n\n\n<li>Brendan Nyhan, James O. Freedman Presidential Professor, Department of Government, Dartmouth College, \u00c9tats-Unis.<\/li>\n\n\n\n<li>Immaculate Odwera, Senior Associate, Lead Legal team on AI and Technology Stratford Venture Partner, Dover DE USA.<\/li>\n\n\n\n<li>Joshua Olufemi, directeur ex\u00e9cutif, Fondation Dataphyte, Abuja, Nigeria.<\/li>\n\n\n\n<li>Silas B. Owiti, responsable politique &#8211; Berdicom Tech, Kenya.<\/li>\n\n\n\n<li>Symeon Papadopoulos, Centre de recherche et de technologie Hellas, Gr\u00e8ce.<\/li>\n\n\n\n<li>Olga Papadopoulou, Centre de recherche et de technologie Hellas, Gr\u00e8ce.<\/li>\n\n\n\n<li>Umut Pajaro Velasquez, chercheur ind\u00e9pendant, Universit\u00e9 nationale de Rosario, Argentine.  <\/li>\n\n\n\n<li>Pier Luigi Parcu, directeur du Centre pour la soci\u00e9t\u00e9 num\u00e9rique, Centre pour le pluralisme et la libert\u00e9 des m\u00e9dias, Institut universitaire europ\u00e9en, Italie.  <\/li>\n\n\n\n<li>Katie Pentney, candidate au doctorat en droit, Universit\u00e9 d&rsquo;Oxford ; chercheuse invit\u00e9e, Centre pour les droits de l&rsquo;homme et le pluralisme juridique, Facult\u00e9 de droit, Universit\u00e9 McGill, Canada.<\/li>\n\n\n\n<li>Zrinjka Perusko, professeur et directrice du Centre de recherche sur les m\u00e9dias et la communication, Facult\u00e9 des sciences politiques, Universit\u00e9 de Zagreb, Croatie.<\/li>\n\n\n\n<li>Jo\u00e3o Alexandre Peschanski, directeur g\u00e9n\u00e9ral de Wiki Movimento Brasil.<\/li>\n\n\n\n<li>Angela Phillips, Goldsmiths, Universit\u00e9 de Londres, Royaume-Uni.<\/li>\n\n\n\n<li>  Jo Pierson, professeur de num\u00e9risation responsable, \u00c9cole des sciences sociales, Universit\u00e9 de Hasselt, et professeur d&rsquo;\u00e9tudes sur les m\u00e9dias et la communication, Vrije Universiteit Brussels, Belgique.<\/li>\n\n\n\n<li>Alejandro Pisanty, UNAM &#8211; Professeur titulaire, UNAM- Universidad Nacional Aut\u00f3noma de M\u00e9xico, Internet Hall of Fame classe 2021, Mexique.<\/li>\n\n\n\n<li>Rob Procter, Universit\u00e9 de Warwick et Alan Turing Institute for Data Science and AI, Royaume-Uni.<\/li>\n\n\n\n<li>Toby Prike, ma\u00eetre de conf\u00e9rences, Universit\u00e9 d&rsquo;Ad\u00e9la\u00efde, Australie.<\/li>\n\n\n\n<li>Courtney C. Radsch, PhD, directeur du Centre pour le journalisme et la libert\u00e9 \u00e0 l&rsquo;Open Markets Institute, \u00c9tats-Unis.<\/li>\n\n\n\n<li>Pradipa P. Rasidi, coordinateur de recherche, EngageMedia, Indon\u00e9sie.<\/li>\n\n\n\n<li>Rudy Reichstadt, auteur et directeur de Conspiracy Watch, France.<\/li>\n\n\n\n<li>Pauline Renaud, conf\u00e9renci\u00e8re invit\u00e9e, City St George&rsquo;s, Universit\u00e9 de Londres, Royaume-Uni.<\/li>\n\n\n\n<li>Achim Rettinger, professeur de linguistique informatique et de sciences humaines num\u00e9riques, Universit\u00e9 de Tr\u00e8ves, Allemagne.<\/li>\n\n\n\n<li>Urbano Reviglio, chercheur associ\u00e9 au Centre pour le pluralisme et la libert\u00e9 des m\u00e9dias, Institut universitaire europ\u00e9en, Italie.  <\/li>\n\n\n\n<li>Baptiste Robert, PDG, Predicta Lab, France.<\/li>\n\n\n\n<li>Richard Rogers, professeur de nouveaux m\u00e9dias et de culture num\u00e9rique, \u00e9tudes sur les m\u00e9dias, universit\u00e9 d&rsquo;Amsterdam, Pays-Bas.<\/li>\n\n\n\n<li>Charo Sadaba, professeur titulaire, \u00c9cole de communication, Universit\u00e9 de Navarre, Espagne.<\/li>\n\n\n\n<li>Ram\u00f3n Salaverr\u00eda, professeur de journalisme et coordinateur d&rsquo;Iberifier, Universit\u00e9 de Navarre, Espagne.<\/li>\n\n\n\n<li>Rose Marie Santini, professeur associ\u00e9, fondatrice et directrice de Netlab, Universit\u00e9 f\u00e9d\u00e9rale de Rio de Janeiro, Br\u00e9sil.  <\/li>\n\n\n\n<li>Nina Santos, directrice d&rsquo;Alafia Lab et chercheuse \u00e0 l&rsquo;Institut national br\u00e9silien des sciences et technologies pour la d\u00e9mocratie num\u00e9rique, Br\u00e9sil.<\/li>\n\n\n\n<li>Nikos Sarris, chercheur principal, Centre for Research and Technology Hellas (CERTH), Gr\u00e8ce.<\/li>\n\n\n\n<li>Silvia Semenzin, chercheuse postdoctorale, Universit\u00e9 Complutense de Madrid.<\/li>\n\n\n\n<li>Sonja Solomun, professeur adjoint (recherche), \u00c9cole Max Bell de politique publique, Universit\u00e9 McGill, Canada.<\/li>\n\n\n\n<li>Anastasia Stasenko, ma\u00eetre de conf\u00e9rences \u00e0 la Sorbonne-Nouvelle, cofondatrice de pleias, France .<\/li>\n\n\n\n<li>Sharon Strover, professeur de journalisme et de m\u00e9dias et codirectrice de l&rsquo;Institut de politique technologique et d&rsquo;information, Universit\u00e9 du Texas \u00e0 Austin, \u00c9tats-Unis.<\/li>\n\n\n\n<li>  Alain Strowel, Professeur, Facult\u00e9 de droit, UCLouvain, Belgique.<\/li>\n\n\n\n<li>Peter Suber, conseiller principal en mati\u00e8re de libre acc\u00e8s, Universit\u00e9 de Harvard, \u00c9tats-Unis.<\/li>\n\n\n\n<li>Damian Tambini, London School of Economics and Political Science, Royaume-Uni.<\/li>\n\n\n\n<li>Marlyn Tadros, PDG et directrice ex\u00e9cutive de Digital Democracy Now, \u00c9tats-Unis.<\/li>\n\n\n\n<li>Kyle Taylor, chercheur invit\u00e9 sur les droits num\u00e9riques, Peace Centre, Tokyo, Japon.<\/li>\n\n\n\n<li>Dhanaraj Thakur, directeur de recherche, Center for Democracy &amp; Technology, \u00c9tats-Unis.<\/li>\n\n\n\n<li>Scott Timcke, Research ICT Africa, Afrique du Sud.<\/li>\n\n\n\n<li>Benjamin Toff, professeur associ\u00e9, Universit\u00e9 du Minnesota, \u00c9tats-Unis.<\/li>\n\n\n\n<li>Christoph Trattner, professeur, directeur, MediaFutures : Centre de recherche pour une technologie et une innovation responsables dans le domaine des m\u00e9dias, Universit\u00e9 de Bergen, Norv\u00e8ge.<\/li>\n\n\n\n<li>  Gyan P Tripathi, avocat, Cour supr\u00eame de l&rsquo;Inde.<\/li>\n\n\n\n<li>Henry Tuck, directeur de la politique num\u00e9rique, Institute for Strategic Dialogue (ISD), Royaume-Uni.<\/li>\n\n\n\n<li>Shenja van der Graaf, Centre pour l&rsquo;inclusion num\u00e9rique, Universit\u00e9 de Twente, Pays-Bas.<\/li>\n\n\n\n<li>Sahana Udupa, professeur d&rsquo;anthropologie des m\u00e9dias, LMU Munich, Allemagne.<\/li>\n\n\n\n<li>Jorge V\u00e1zquez-Herrero, professeur associ\u00e9 de journalisme, Universidade de Santiago de Compostela, Espagne.<\/li>\n\n\n\n<li>Stefaan Verhulst, cofondateur de The GovLab (NYC) et de The DataTank (Bruxelles), professeur de recherche au Center for Urban Science and Progress (NYU), \u00c9tats-Unis.<\/li>\n\n\n\n<li>Karen Vergara, militante et enqu\u00eatrice \u00e0 l&rsquo;ONG Amaranta, Chili.  <\/li>\n\n\n\n<li>  Suzanne Vergnolle, professeur associ\u00e9, Cnam, France.<\/li>\n\n\n\n<li>  Elodie Vialle, conseill\u00e8re principale, s\u00e9curit\u00e9 num\u00e9rique et libert\u00e9 d&rsquo;expression, affili\u00e9e au Berkman Klein Center, Harvard, France.  <\/li>\n\n\n\n<li>Emily Vraga, professeur \u00e0 l&rsquo;universit\u00e9 du Minnesota, \u00c9tats-Unis.<\/li>\n\n\n\n<li>Claire Wardle, professeur associ\u00e9, Universit\u00e9 de Cornell, \u00c9tats-Unis.<\/li>\n\n\n\n<li>  Leon Willems, conseiller principal en mati\u00e8re de partenariats internationaux \u00e0 Free Press Unlimited, Pays-Bas.<\/li>\n\n\n\n<li>Dolly Wong, membre de la commission de l&rsquo;UICN sur la crise climatique, Indon\u00e9sie.<\/li>\n\n\n\n<li>Kate Wright, professeur associ\u00e9 de m\u00e9dias et de communication, Universit\u00e9 d&rsquo;\u00c9dimbourg et membre de la CEC de l&rsquo;UICN, de la CEESP et du CCC, \u00c9cosse.<\/li>\n\n\n\n<li>  Rufin Zamfir, directeur du programme sur les menaces asym\u00e9triques, GlobalFocus Center, Roumanie.<\/li>\n\n\n\n<li>Natalia Zuazo, directrice de l&rsquo;agence Salto, consultante de l&rsquo;UNESCO, Argentine.<\/li>\n<\/ol>\n","protected":false},"excerpt":{"rendered":"<p>\u00c0 l&rsquo;occasion de la Journ\u00e9e internationale de l&rsquo;acc\u00e8s universel \u00e0 l&rsquo;information, l&rsquo;Observatoire publie un appel de 150 chercheurs de 41 pays pour tirer la sonnette d&rsquo;alarme contre les menaces et les obstacles auxquels sont confront\u00e9s ceux qui \u00e9tudient l&rsquo;int\u00e9grit\u00e9 de l&rsquo;information. Cet effort collectif fait suite \u00e0 des actions critiques men\u00e9es par des organisations partenaires, [&hellip;]<\/p>\n","protected":false},"author":2,"featured_media":12805,"comment_status":"closed","ping_status":"closed","sticky":false,"template":"","format":"standard","meta":{"_acf_changed":false,"footnotes":""},"categories":[56],"tags":[],"contenu-mis-en-avant":[],"thematic":[69],"workstream":[],"class_list":["post-12802","post","type-post","status-publish","format-standard","has-post-thumbnail","hentry","category-non-classe","thematic-fiabilite-des-informations-en-ligne"],"acf":[],"yoast_head":"<!-- This site is optimized with the Yoast SEO plugin v27.4 - https:\/\/yoast.com\/product\/yoast-seo-wordpress\/ -->\n<title>Des scientifiques du monde entier appellent \u00e0 prot\u00e9ger la recherche sur l&#039;une des plus grandes menaces \u00e0 court terme pour l&#039;humanit\u00e9 - D\u00e9sinformation - Forum Information &amp; Democracy<\/title>\n<meta name=\"robots\" content=\"index, follow, max-snippet:-1, max-image-preview:large, max-video-preview:-1\" \/>\n<link rel=\"canonical\" href=\"https:\/\/informationdemocracy.org\/fr\/2024\/09\/27\/des-scientifiques-du-monde-entier-appellent-a-proteger-la-recherche-sur-lune-des-plus-grandes-menaces-a-court-terme-pour-lhumanite-desinformation\/\" \/>\n<meta property=\"og:locale\" content=\"fr_FR\" \/>\n<meta property=\"og:type\" content=\"article\" \/>\n<meta property=\"og:title\" content=\"Des scientifiques du monde entier appellent \u00e0 prot\u00e9ger la recherche sur l&#039;une des plus grandes menaces \u00e0 court terme pour l&#039;humanit\u00e9 - D\u00e9sinformation - Forum Information &amp; Democracy\" \/>\n<meta property=\"og:description\" content=\"\u00c0 l&rsquo;occasion de la Journ\u00e9e internationale de l&rsquo;acc\u00e8s universel \u00e0 l&rsquo;information, l&rsquo;Observatoire publie un appel de 150 chercheurs de 41 pays pour tirer la sonnette d&rsquo;alarme contre les menaces et les obstacles auxquels sont confront\u00e9s ceux qui \u00e9tudient l&rsquo;int\u00e9grit\u00e9 de l&rsquo;information. Cet effort collectif fait suite \u00e0 des actions critiques men\u00e9es par des organisations partenaires, [&hellip;]\" \/>\n<meta property=\"og:url\" content=\"https:\/\/informationdemocracy.org\/fr\/2024\/09\/27\/des-scientifiques-du-monde-entier-appellent-a-proteger-la-recherche-sur-lune-des-plus-grandes-menaces-a-court-terme-pour-lhumanite-desinformation\/\" \/>\n<meta property=\"og:site_name\" content=\"Forum Information &amp; Democracy\" \/>\n<meta property=\"article:published_time\" content=\"2024-09-27T10:14:33+00:00\" \/>\n<meta property=\"article:modified_time\" content=\"2025-09-20T23:52:50+00:00\" \/>\n<meta property=\"og:image\" content=\"https:\/\/informationdemocracy.org\/wp-content\/uploads\/2024\/09\/FR-3.png.webp\" \/>\n\t<meta property=\"og:image:width\" content=\"400\" \/>\n\t<meta property=\"og:image:height\" content=\"250\" \/>\n\t<meta property=\"og:image:type\" content=\"image\/webp\" \/>\n<meta name=\"author\" content=\"informationdemocracywebsite\" \/>\n<meta name=\"twitter:card\" content=\"summary_large_image\" \/>\n<meta name=\"twitter:label1\" content=\"\u00c9crit par\" \/>\n\t<meta name=\"twitter:data1\" content=\"informationdemocracywebsite\" \/>\n\t<meta name=\"twitter:label2\" content=\"Dur\u00e9e de lecture estim\u00e9e\" \/>\n\t<meta name=\"twitter:data2\" content=\"15 minutes\" \/>\n<script type=\"application\/ld+json\" class=\"yoast-schema-graph\">{\"@context\":\"https:\\\/\\\/schema.org\",\"@graph\":[{\"@type\":\"Article\",\"@id\":\"https:\\\/\\\/informationdemocracy.org\\\/fr\\\/2024\\\/09\\\/27\\\/des-scientifiques-du-monde-entier-appellent-a-proteger-la-recherche-sur-lune-des-plus-grandes-menaces-a-court-terme-pour-lhumanite-desinformation\\\/#article\",\"isPartOf\":{\"@id\":\"https:\\\/\\\/informationdemocracy.org\\\/fr\\\/2024\\\/09\\\/27\\\/des-scientifiques-du-monde-entier-appellent-a-proteger-la-recherche-sur-lune-des-plus-grandes-menaces-a-court-terme-pour-lhumanite-desinformation\\\/\"},\"author\":{\"name\":\"informationdemocracywebsite\",\"@id\":\"https:\\\/\\\/informationdemocracy.org\\\/fr\\\/#\\\/schema\\\/person\\\/48ea335c80804b99e13cfa6bf4c2f7dd\"},\"headline\":\"Des scientifiques du monde entier appellent \u00e0 prot\u00e9ger la recherche sur l&rsquo;une des plus grandes menaces \u00e0 court terme pour l&rsquo;humanit\u00e9 &#8211; D\u00e9sinformation\",\"datePublished\":\"2024-09-27T10:14:33+00:00\",\"dateModified\":\"2025-09-20T23:52:50+00:00\",\"mainEntityOfPage\":{\"@id\":\"https:\\\/\\\/informationdemocracy.org\\\/fr\\\/2024\\\/09\\\/27\\\/des-scientifiques-du-monde-entier-appellent-a-proteger-la-recherche-sur-lune-des-plus-grandes-menaces-a-court-terme-pour-lhumanite-desinformation\\\/\"},\"wordCount\":3694,\"publisher\":{\"@id\":\"https:\\\/\\\/informationdemocracy.org\\\/fr\\\/#organization\"},\"image\":{\"@id\":\"https:\\\/\\\/informationdemocracy.org\\\/fr\\\/2024\\\/09\\\/27\\\/des-scientifiques-du-monde-entier-appellent-a-proteger-la-recherche-sur-lune-des-plus-grandes-menaces-a-court-terme-pour-lhumanite-desinformation\\\/#primaryimage\"},\"thumbnailUrl\":\"https:\\\/\\\/informationdemocracy.org\\\/wp-content\\\/uploads\\\/2024\\\/09\\\/FR-3.png.webp\",\"inLanguage\":\"fr-FR\"},{\"@type\":\"WebPage\",\"@id\":\"https:\\\/\\\/informationdemocracy.org\\\/fr\\\/2024\\\/09\\\/27\\\/des-scientifiques-du-monde-entier-appellent-a-proteger-la-recherche-sur-lune-des-plus-grandes-menaces-a-court-terme-pour-lhumanite-desinformation\\\/\",\"url\":\"https:\\\/\\\/informationdemocracy.org\\\/fr\\\/2024\\\/09\\\/27\\\/des-scientifiques-du-monde-entier-appellent-a-proteger-la-recherche-sur-lune-des-plus-grandes-menaces-a-court-terme-pour-lhumanite-desinformation\\\/\",\"name\":\"Des scientifiques du monde entier appellent \u00e0 prot\u00e9ger la recherche sur l'une des plus grandes menaces \u00e0 court terme pour l'humanit\u00e9 - D\u00e9sinformation - Forum Information &amp; Democracy\",\"isPartOf\":{\"@id\":\"https:\\\/\\\/informationdemocracy.org\\\/fr\\\/#website\"},\"primaryImageOfPage\":{\"@id\":\"https:\\\/\\\/informationdemocracy.org\\\/fr\\\/2024\\\/09\\\/27\\\/des-scientifiques-du-monde-entier-appellent-a-proteger-la-recherche-sur-lune-des-plus-grandes-menaces-a-court-terme-pour-lhumanite-desinformation\\\/#primaryimage\"},\"image\":{\"@id\":\"https:\\\/\\\/informationdemocracy.org\\\/fr\\\/2024\\\/09\\\/27\\\/des-scientifiques-du-monde-entier-appellent-a-proteger-la-recherche-sur-lune-des-plus-grandes-menaces-a-court-terme-pour-lhumanite-desinformation\\\/#primaryimage\"},\"thumbnailUrl\":\"https:\\\/\\\/informationdemocracy.org\\\/wp-content\\\/uploads\\\/2024\\\/09\\\/FR-3.png.webp\",\"datePublished\":\"2024-09-27T10:14:33+00:00\",\"dateModified\":\"2025-09-20T23:52:50+00:00\",\"breadcrumb\":{\"@id\":\"https:\\\/\\\/informationdemocracy.org\\\/fr\\\/2024\\\/09\\\/27\\\/des-scientifiques-du-monde-entier-appellent-a-proteger-la-recherche-sur-lune-des-plus-grandes-menaces-a-court-terme-pour-lhumanite-desinformation\\\/#breadcrumb\"},\"inLanguage\":\"fr-FR\",\"potentialAction\":[{\"@type\":\"ReadAction\",\"target\":[\"https:\\\/\\\/informationdemocracy.org\\\/fr\\\/2024\\\/09\\\/27\\\/des-scientifiques-du-monde-entier-appellent-a-proteger-la-recherche-sur-lune-des-plus-grandes-menaces-a-court-terme-pour-lhumanite-desinformation\\\/\"]}]},{\"@type\":\"ImageObject\",\"inLanguage\":\"fr-FR\",\"@id\":\"https:\\\/\\\/informationdemocracy.org\\\/fr\\\/2024\\\/09\\\/27\\\/des-scientifiques-du-monde-entier-appellent-a-proteger-la-recherche-sur-lune-des-plus-grandes-menaces-a-court-terme-pour-lhumanite-desinformation\\\/#primaryimage\",\"url\":\"https:\\\/\\\/informationdemocracy.org\\\/wp-content\\\/uploads\\\/2024\\\/09\\\/FR-3.png.webp\",\"contentUrl\":\"https:\\\/\\\/informationdemocracy.org\\\/wp-content\\\/uploads\\\/2024\\\/09\\\/FR-3.png.webp\",\"width\":400,\"height\":250},{\"@type\":\"BreadcrumbList\",\"@id\":\"https:\\\/\\\/informationdemocracy.org\\\/fr\\\/2024\\\/09\\\/27\\\/des-scientifiques-du-monde-entier-appellent-a-proteger-la-recherche-sur-lune-des-plus-grandes-menaces-a-court-terme-pour-lhumanite-desinformation\\\/#breadcrumb\",\"itemListElement\":[{\"@type\":\"ListItem\",\"position\":1,\"name\":\"Accueil\",\"item\":\"https:\\\/\\\/informationdemocracy.org\\\/fr\\\/\"},{\"@type\":\"ListItem\",\"position\":2,\"name\":\"Des scientifiques du monde entier appellent \u00e0 prot\u00e9ger la recherche sur l&#8217;une des plus grandes menaces \u00e0 court terme pour l&#8217;humanit\u00e9 &#8211; D\u00e9sinformation\"}]},{\"@type\":\"WebSite\",\"@id\":\"https:\\\/\\\/informationdemocracy.org\\\/fr\\\/#website\",\"url\":\"https:\\\/\\\/informationdemocracy.org\\\/fr\\\/\",\"name\":\"Forum on Information & Democracy\",\"description\":\"\",\"publisher\":{\"@id\":\"https:\\\/\\\/informationdemocracy.org\\\/fr\\\/#organization\"},\"potentialAction\":[{\"@type\":\"SearchAction\",\"target\":{\"@type\":\"EntryPoint\",\"urlTemplate\":\"https:\\\/\\\/informationdemocracy.org\\\/fr\\\/?s={search_term_string}\"},\"query-input\":{\"@type\":\"PropertyValueSpecification\",\"valueRequired\":true,\"valueName\":\"search_term_string\"}}],\"inLanguage\":\"fr-FR\"},{\"@type\":\"Organization\",\"@id\":\"https:\\\/\\\/informationdemocracy.org\\\/fr\\\/#organization\",\"name\":\"Forum on Information & Democracy\",\"url\":\"https:\\\/\\\/informationdemocracy.org\\\/fr\\\/\",\"logo\":{\"@type\":\"ImageObject\",\"inLanguage\":\"fr-FR\",\"@id\":\"https:\\\/\\\/informationdemocracy.org\\\/fr\\\/#\\\/schema\\\/logo\\\/image\\\/\",\"url\":\"https:\\\/\\\/informationdemocracy.org\\\/wp-content\\\/uploads\\\/2025\\\/09\\\/Logo.svg\",\"contentUrl\":\"https:\\\/\\\/informationdemocracy.org\\\/wp-content\\\/uploads\\\/2025\\\/09\\\/Logo.svg\",\"width\":168,\"height\":51,\"caption\":\"Forum on Information & Democracy\"},\"image\":{\"@id\":\"https:\\\/\\\/informationdemocracy.org\\\/fr\\\/#\\\/schema\\\/logo\\\/image\\\/\"},\"sameAs\":[\"https:\\\/\\\/www.linkedin.com\\\/company\\\/forum-information-democracy\",\"https:\\\/\\\/www.youtube.com\\\/playlist?list=PL-yF0NqTYQU2B3I97oh3Dv2Dfevd8ThM_\",\"https:\\\/\\\/www.instagram.com\\\/foruminformationdemocracy\\\/\"]},{\"@type\":\"Person\",\"@id\":\"https:\\\/\\\/informationdemocracy.org\\\/fr\\\/#\\\/schema\\\/person\\\/48ea335c80804b99e13cfa6bf4c2f7dd\",\"name\":\"informationdemocracywebsite\",\"image\":{\"@type\":\"ImageObject\",\"inLanguage\":\"fr-FR\",\"@id\":\"https:\\\/\\\/secure.gravatar.com\\\/avatar\\\/33c6a406643df806a5494363b5db420a409e4a8dc49952dd63ae5da7fb946c0c?s=96&d=mm&r=g\",\"url\":\"https:\\\/\\\/secure.gravatar.com\\\/avatar\\\/33c6a406643df806a5494363b5db420a409e4a8dc49952dd63ae5da7fb946c0c?s=96&d=mm&r=g\",\"contentUrl\":\"https:\\\/\\\/secure.gravatar.com\\\/avatar\\\/33c6a406643df806a5494363b5db420a409e4a8dc49952dd63ae5da7fb946c0c?s=96&d=mm&r=g\",\"caption\":\"informationdemocracywebsite\"},\"url\":\"https:\\\/\\\/informationdemocracy.org\\\/fr\\\/author\\\/informationdemocracywebsite\\\/\"}]}<\/script>\n<!-- \/ Yoast SEO plugin. -->","yoast_head_json":{"title":"Des scientifiques du monde entier appellent \u00e0 prot\u00e9ger la recherche sur l'une des plus grandes menaces \u00e0 court terme pour l'humanit\u00e9 - D\u00e9sinformation - Forum Information &amp; Democracy","robots":{"index":"index","follow":"follow","max-snippet":"max-snippet:-1","max-image-preview":"max-image-preview:large","max-video-preview":"max-video-preview:-1"},"canonical":"https:\/\/informationdemocracy.org\/fr\/2024\/09\/27\/des-scientifiques-du-monde-entier-appellent-a-proteger-la-recherche-sur-lune-des-plus-grandes-menaces-a-court-terme-pour-lhumanite-desinformation\/","og_locale":"fr_FR","og_type":"article","og_title":"Des scientifiques du monde entier appellent \u00e0 prot\u00e9ger la recherche sur l'une des plus grandes menaces \u00e0 court terme pour l'humanit\u00e9 - D\u00e9sinformation - Forum Information &amp; Democracy","og_description":"\u00c0 l&rsquo;occasion de la Journ\u00e9e internationale de l&rsquo;acc\u00e8s universel \u00e0 l&rsquo;information, l&rsquo;Observatoire publie un appel de 150 chercheurs de 41 pays pour tirer la sonnette d&rsquo;alarme contre les menaces et les obstacles auxquels sont confront\u00e9s ceux qui \u00e9tudient l&rsquo;int\u00e9grit\u00e9 de l&rsquo;information. Cet effort collectif fait suite \u00e0 des actions critiques men\u00e9es par des organisations partenaires, [&hellip;]","og_url":"https:\/\/informationdemocracy.org\/fr\/2024\/09\/27\/des-scientifiques-du-monde-entier-appellent-a-proteger-la-recherche-sur-lune-des-plus-grandes-menaces-a-court-terme-pour-lhumanite-desinformation\/","og_site_name":"Forum Information &amp; Democracy","article_published_time":"2024-09-27T10:14:33+00:00","article_modified_time":"2025-09-20T23:52:50+00:00","og_image":[{"width":400,"height":250,"url":"https:\/\/informationdemocracy.org\/wp-content\/uploads\/2024\/09\/FR-3.png.webp","type":"image\/webp"}],"author":"informationdemocracywebsite","twitter_card":"summary_large_image","twitter_misc":{"\u00c9crit par":"informationdemocracywebsite","Dur\u00e9e de lecture estim\u00e9e":"15 minutes"},"schema":{"@context":"https:\/\/schema.org","@graph":[{"@type":"Article","@id":"https:\/\/informationdemocracy.org\/fr\/2024\/09\/27\/des-scientifiques-du-monde-entier-appellent-a-proteger-la-recherche-sur-lune-des-plus-grandes-menaces-a-court-terme-pour-lhumanite-desinformation\/#article","isPartOf":{"@id":"https:\/\/informationdemocracy.org\/fr\/2024\/09\/27\/des-scientifiques-du-monde-entier-appellent-a-proteger-la-recherche-sur-lune-des-plus-grandes-menaces-a-court-terme-pour-lhumanite-desinformation\/"},"author":{"name":"informationdemocracywebsite","@id":"https:\/\/informationdemocracy.org\/fr\/#\/schema\/person\/48ea335c80804b99e13cfa6bf4c2f7dd"},"headline":"Des scientifiques du monde entier appellent \u00e0 prot\u00e9ger la recherche sur l&rsquo;une des plus grandes menaces \u00e0 court terme pour l&rsquo;humanit\u00e9 &#8211; D\u00e9sinformation","datePublished":"2024-09-27T10:14:33+00:00","dateModified":"2025-09-20T23:52:50+00:00","mainEntityOfPage":{"@id":"https:\/\/informationdemocracy.org\/fr\/2024\/09\/27\/des-scientifiques-du-monde-entier-appellent-a-proteger-la-recherche-sur-lune-des-plus-grandes-menaces-a-court-terme-pour-lhumanite-desinformation\/"},"wordCount":3694,"publisher":{"@id":"https:\/\/informationdemocracy.org\/fr\/#organization"},"image":{"@id":"https:\/\/informationdemocracy.org\/fr\/2024\/09\/27\/des-scientifiques-du-monde-entier-appellent-a-proteger-la-recherche-sur-lune-des-plus-grandes-menaces-a-court-terme-pour-lhumanite-desinformation\/#primaryimage"},"thumbnailUrl":"https:\/\/informationdemocracy.org\/wp-content\/uploads\/2024\/09\/FR-3.png.webp","inLanguage":"fr-FR"},{"@type":"WebPage","@id":"https:\/\/informationdemocracy.org\/fr\/2024\/09\/27\/des-scientifiques-du-monde-entier-appellent-a-proteger-la-recherche-sur-lune-des-plus-grandes-menaces-a-court-terme-pour-lhumanite-desinformation\/","url":"https:\/\/informationdemocracy.org\/fr\/2024\/09\/27\/des-scientifiques-du-monde-entier-appellent-a-proteger-la-recherche-sur-lune-des-plus-grandes-menaces-a-court-terme-pour-lhumanite-desinformation\/","name":"Des scientifiques du monde entier appellent \u00e0 prot\u00e9ger la recherche sur l'une des plus grandes menaces \u00e0 court terme pour l'humanit\u00e9 - D\u00e9sinformation - Forum Information &amp; Democracy","isPartOf":{"@id":"https:\/\/informationdemocracy.org\/fr\/#website"},"primaryImageOfPage":{"@id":"https:\/\/informationdemocracy.org\/fr\/2024\/09\/27\/des-scientifiques-du-monde-entier-appellent-a-proteger-la-recherche-sur-lune-des-plus-grandes-menaces-a-court-terme-pour-lhumanite-desinformation\/#primaryimage"},"image":{"@id":"https:\/\/informationdemocracy.org\/fr\/2024\/09\/27\/des-scientifiques-du-monde-entier-appellent-a-proteger-la-recherche-sur-lune-des-plus-grandes-menaces-a-court-terme-pour-lhumanite-desinformation\/#primaryimage"},"thumbnailUrl":"https:\/\/informationdemocracy.org\/wp-content\/uploads\/2024\/09\/FR-3.png.webp","datePublished":"2024-09-27T10:14:33+00:00","dateModified":"2025-09-20T23:52:50+00:00","breadcrumb":{"@id":"https:\/\/informationdemocracy.org\/fr\/2024\/09\/27\/des-scientifiques-du-monde-entier-appellent-a-proteger-la-recherche-sur-lune-des-plus-grandes-menaces-a-court-terme-pour-lhumanite-desinformation\/#breadcrumb"},"inLanguage":"fr-FR","potentialAction":[{"@type":"ReadAction","target":["https:\/\/informationdemocracy.org\/fr\/2024\/09\/27\/des-scientifiques-du-monde-entier-appellent-a-proteger-la-recherche-sur-lune-des-plus-grandes-menaces-a-court-terme-pour-lhumanite-desinformation\/"]}]},{"@type":"ImageObject","inLanguage":"fr-FR","@id":"https:\/\/informationdemocracy.org\/fr\/2024\/09\/27\/des-scientifiques-du-monde-entier-appellent-a-proteger-la-recherche-sur-lune-des-plus-grandes-menaces-a-court-terme-pour-lhumanite-desinformation\/#primaryimage","url":"https:\/\/informationdemocracy.org\/wp-content\/uploads\/2024\/09\/FR-3.png.webp","contentUrl":"https:\/\/informationdemocracy.org\/wp-content\/uploads\/2024\/09\/FR-3.png.webp","width":400,"height":250},{"@type":"BreadcrumbList","@id":"https:\/\/informationdemocracy.org\/fr\/2024\/09\/27\/des-scientifiques-du-monde-entier-appellent-a-proteger-la-recherche-sur-lune-des-plus-grandes-menaces-a-court-terme-pour-lhumanite-desinformation\/#breadcrumb","itemListElement":[{"@type":"ListItem","position":1,"name":"Accueil","item":"https:\/\/informationdemocracy.org\/fr\/"},{"@type":"ListItem","position":2,"name":"Des scientifiques du monde entier appellent \u00e0 prot\u00e9ger la recherche sur l&#8217;une des plus grandes menaces \u00e0 court terme pour l&#8217;humanit\u00e9 &#8211; D\u00e9sinformation"}]},{"@type":"WebSite","@id":"https:\/\/informationdemocracy.org\/fr\/#website","url":"https:\/\/informationdemocracy.org\/fr\/","name":"Forum on Information & Democracy","description":"","publisher":{"@id":"https:\/\/informationdemocracy.org\/fr\/#organization"},"potentialAction":[{"@type":"SearchAction","target":{"@type":"EntryPoint","urlTemplate":"https:\/\/informationdemocracy.org\/fr\/?s={search_term_string}"},"query-input":{"@type":"PropertyValueSpecification","valueRequired":true,"valueName":"search_term_string"}}],"inLanguage":"fr-FR"},{"@type":"Organization","@id":"https:\/\/informationdemocracy.org\/fr\/#organization","name":"Forum on Information & Democracy","url":"https:\/\/informationdemocracy.org\/fr\/","logo":{"@type":"ImageObject","inLanguage":"fr-FR","@id":"https:\/\/informationdemocracy.org\/fr\/#\/schema\/logo\/image\/","url":"https:\/\/informationdemocracy.org\/wp-content\/uploads\/2025\/09\/Logo.svg","contentUrl":"https:\/\/informationdemocracy.org\/wp-content\/uploads\/2025\/09\/Logo.svg","width":168,"height":51,"caption":"Forum on Information & Democracy"},"image":{"@id":"https:\/\/informationdemocracy.org\/fr\/#\/schema\/logo\/image\/"},"sameAs":["https:\/\/www.linkedin.com\/company\/forum-information-democracy","https:\/\/www.youtube.com\/playlist?list=PL-yF0NqTYQU2B3I97oh3Dv2Dfevd8ThM_","https:\/\/www.instagram.com\/foruminformationdemocracy\/"]},{"@type":"Person","@id":"https:\/\/informationdemocracy.org\/fr\/#\/schema\/person\/48ea335c80804b99e13cfa6bf4c2f7dd","name":"informationdemocracywebsite","image":{"@type":"ImageObject","inLanguage":"fr-FR","@id":"https:\/\/secure.gravatar.com\/avatar\/33c6a406643df806a5494363b5db420a409e4a8dc49952dd63ae5da7fb946c0c?s=96&d=mm&r=g","url":"https:\/\/secure.gravatar.com\/avatar\/33c6a406643df806a5494363b5db420a409e4a8dc49952dd63ae5da7fb946c0c?s=96&d=mm&r=g","contentUrl":"https:\/\/secure.gravatar.com\/avatar\/33c6a406643df806a5494363b5db420a409e4a8dc49952dd63ae5da7fb946c0c?s=96&d=mm&r=g","caption":"informationdemocracywebsite"},"url":"https:\/\/informationdemocracy.org\/fr\/author\/informationdemocracywebsite\/"}]}},"_links":{"self":[{"href":"https:\/\/informationdemocracy.org\/fr\/wp-json\/wp\/v2\/posts\/12802","targetHints":{"allow":["GET"]}}],"collection":[{"href":"https:\/\/informationdemocracy.org\/fr\/wp-json\/wp\/v2\/posts"}],"about":[{"href":"https:\/\/informationdemocracy.org\/fr\/wp-json\/wp\/v2\/types\/post"}],"author":[{"embeddable":true,"href":"https:\/\/informationdemocracy.org\/fr\/wp-json\/wp\/v2\/users\/2"}],"replies":[{"embeddable":true,"href":"https:\/\/informationdemocracy.org\/fr\/wp-json\/wp\/v2\/comments?post=12802"}],"version-history":[{"count":0,"href":"https:\/\/informationdemocracy.org\/fr\/wp-json\/wp\/v2\/posts\/12802\/revisions"}],"wp:featuredmedia":[{"embeddable":true,"href":"https:\/\/informationdemocracy.org\/fr\/wp-json\/wp\/v2\/media\/12805"}],"wp:attachment":[{"href":"https:\/\/informationdemocracy.org\/fr\/wp-json\/wp\/v2\/media?parent=12802"}],"wp:term":[{"taxonomy":"category","embeddable":true,"href":"https:\/\/informationdemocracy.org\/fr\/wp-json\/wp\/v2\/categories?post=12802"},{"taxonomy":"post_tag","embeddable":true,"href":"https:\/\/informationdemocracy.org\/fr\/wp-json\/wp\/v2\/tags?post=12802"},{"taxonomy":"contenu-mis-en-avant","embeddable":true,"href":"https:\/\/informationdemocracy.org\/fr\/wp-json\/wp\/v2\/contenu-mis-en-avant?post=12802"},{"taxonomy":"thematic","embeddable":true,"href":"https:\/\/informationdemocracy.org\/fr\/wp-json\/wp\/v2\/thematic?post=12802"},{"taxonomy":"workstream","embeddable":true,"href":"https:\/\/informationdemocracy.org\/fr\/wp-json\/wp\/v2\/workstream?post=12802"}],"curies":[{"name":"wp","href":"https:\/\/api.w.org\/{rel}","templated":true}]}}