{"id":12865,"date":"2024-02-07T15:20:28","date_gmt":"2024-02-07T14:20:28","guid":{"rendered":"https:\/\/informationdemocracy.org\/2024\/02\/07\/lintelligence-artificielle-et-ses-implications-pour-lespace-de-linformation-et-de-la-communication-lancement-des-recommandations-politiques-28-fevrier-2024\/"},"modified":"2025-09-21T02:14:24","modified_gmt":"2025-09-21T00:14:24","slug":"lintelligence-artificielle-et-ses-implications-pour-lespace-de-linformation-et-de-la-communication-lancement-des-recommandations-politiques-28-fevrier-2024","status":"publish","type":"post","link":"https:\/\/informationdemocracy.org\/fr\/2024\/02\/07\/lintelligence-artificielle-et-ses-implications-pour-lespace-de-linformation-et-de-la-communication-lancement-des-recommandations-politiques-28-fevrier-2024\/","title":{"rendered":"L\u2019intelligence artificielle et ses implications pour l\u2019espace de l\u2019information et de la communication: Lancement du Policy Brief"},"content":{"rendered":"<p style=\"text-align: justify;\"><span style=\"font-weight: 400;\">Le d\u00e9veloppement et les progr\u00e8s rapides de l&rsquo;intelligence artificielle (IA) continuent de transformer l&rsquo;espace mondial de l&rsquo;information et de la communication \u00e0 un rythme pratiquement in\u00e9dit parmi les innovations technologiques r\u00e9centes. Elle transforme la fa\u00e7on dont nous cr\u00e9ons, diffusons et consommons l&rsquo;information et pose des d\u00e9fis critiques aux processus d\u00e9mocratiques et aux droits fondamentaux. Malgr\u00e9 les premi\u00e8res initiatives internationales et les efforts de r\u00e9glementation tels que la loi europ\u00e9enne sur l&rsquo;IA, ce sont principalement des int\u00e9r\u00eats priv\u00e9s qui fixent actuellement l&rsquo;ordre du jour et d\u00e9cident des r\u00e8gles du jeu, notamment des garde-fous s\u00e9curitaires et \u00e9thiques qu&rsquo;ils choisissent de privil\u00e9gier et de mettre en \u0153uvre. <\/span><\/p>\n<p style=\"text-align: justify;\"><span style=\"font-weight: 400;\">Nous pensons que les institutions d\u00e9mocratiques doivent \u00eatre \u00e0 l&rsquo;origine de l&rsquo;\u00e9laboration et de la mise en \u0153uvre de principes et de r\u00e8gles d\u00e9mocratiques r\u00e9gissant le d\u00e9veloppement, le d\u00e9ploiement et l&rsquo;utilisation de tous les aspects de l&rsquo;IA dans l&rsquo;espace d&rsquo;information. Le Forum sur l&rsquo;information et la d\u00e9mocratie a mis en place un <a href=\"https:\/\/informationdemocracy.org\/artificial-intelligence\/\">groupe de travail<\/a> international dirig\u00e9 par 14 experts afin d&rsquo;\u00e9laborer des recommandations visant \u00e0 sauvegarder notre espace d\u00e9mocratique de l&rsquo;information. <\/span><\/p>\n<p style=\"text-align: justify;\"><span style=\"font-weight: 400;\">Participez au lancement mondial pour d\u00e9couvrir les recommandations adress\u00e9es aux \u00c9tats et aux entreprises, entit\u00e9s et plateformes d&rsquo;IA. Ces mesures garantiront le d\u00e9veloppement et le d\u00e9ploiement s\u00fbrs et responsables des syst\u00e8mes d&rsquo;IA, \u00e9tabliront des r\u00e9gimes de responsabilit\u00e9 appropri\u00e9s, encourageront l&rsquo;IA \u00e9thique et mettront en place des m\u00e9canismes de gouvernance et de surveillance. <\/span><\/p>\n<p style=\"text-align: justify;\"><span style=\"font-weight: 400;\">Les orateurs sont les suivants<\/span><\/p>\n<ul style=\"text-align: justify;\">\n<li style=\"font-weight: 400;\" aria-level=\"1\"><span style=\"font-weight: 400;\"><strong>Christophe Deloire<\/strong>, pr\u00e9sident du Forum sur l&rsquo;information et la d\u00e9mocratie<\/span><\/li>\n<li style=\"font-weight: 400;\" aria-level=\"1\"><span style=\"font-weight: 400;\"><strong>Gabriela Ramos<\/strong>, Sous-directrice g\u00e9n\u00e9rale pour les sciences sociales et humaines, UNESCO<\/span><\/li>\n<li style=\"font-weight: 400;\" aria-level=\"1\"><span style=\"font-weight: 400;\"><strong>Laura Schertel Mendes<\/strong>, avocate et professeur de droit civil, IDP<\/span><\/li>\n<li style=\"font-weight: 400;\" aria-level=\"1\"><span style=\"font-weight: 400;\"><strong>Jonathan Stray<\/strong>, scientifique principal au Berkeley Center for Human-Compatible AI (Centre de Berkeley pour une IA compatible avec l&rsquo;\u00eatre humain)<\/span><\/li>\n<li style=\"font-weight: 400;\" aria-level=\"1\"><span style=\"font-weight: 400;\"><strong>Scott Timcke<\/strong>, Research ICT Africa<\/span><\/li>\n<li style=\"font-weight: 400;\" aria-level=\"1\"><span style=\"font-weight: 400;\"><strong>Marta Cantero Gamito,<\/strong> \u00c9cole de gouvernance transnationale de Florence, IUE<\/span><\/li>\n<\/ul>\n<p style=\"text-align: justify;\"><span style=\"font-weight: 400;\">Le Forum sur l&rsquo;information et la d\u00e9mocratie a le plaisir d&rsquo;organiser cet \u00e9v\u00e9nement, qui comprend un lancement en ligne et des d\u00e9bats locaux dans cinq lieux sur quatre continents, en collaboration avec nos partenaires :<\/span><\/p>\n<ul>\n<li style=\"text-align: justify;\"><a href=\"https:\/\/humancompatible.ai\/\"><span style=\"font-weight: 400;\">Centre pour l&rsquo;intelligence artificielle compatible avec l&rsquo;homme<\/span><\/a><span style=\"font-weight: 400;\"> bas\u00e9 \u00e0 UC Berkeley (\u00c9tats-Unis)<\/span><\/li>\n<li style=\"text-align: justify;\"><span style=\"font-weight: 400;\"><a href=\"https:\/\/www.eui.eu\/en\/academic-units\/school-of-transnational-governance\">\u00c9cole de gouvernance transnationale de Florence<\/a> \u00e0 l&rsquo;Institut universitaire europ\u00e9en (Italie)<\/span><\/li>\n<li style=\"text-align: justify;\"><span style=\"font-weight: 400;\"><a href=\"https:\/\/www.idp.edu.br\/cedis\/\">Centro de Direito, Internet e Sociedade<\/a> &#8211; O Instituto Brasileiro de Ensino, Desenvolvimento e Pesquisa (Br\u00e9sil)<\/span><\/li>\n<li style=\"text-align: justify;\"><span style=\"font-weight: 400;\"><a href=\"https:\/\/researchictafrica.net\/\">Research ICT Africa<\/a> (Afrique du Sud), et<\/span><\/li>\n<li style=\"text-align: justify;\"><span style=\"font-weight: 400;\"><a href=\"https:\/\/www.sciencespo.fr\/psia\/\">\u00c9cole des affaires internationales de SciencesPo Paris<\/a>, Tech and Global Affairs Innovation Lab (France). <\/span><\/li>\n<\/ul>\n","protected":false},"excerpt":{"rendered":"<p>Le d\u00e9veloppement et les progr\u00e8s rapides de l&rsquo;intelligence artificielle (IA) continuent de transformer l&rsquo;espace mondial de l&rsquo;information et de la communication \u00e0 un rythme pratiquement in\u00e9dit parmi les innovations technologiques r\u00e9centes. Elle transforme la fa\u00e7on dont nous cr\u00e9ons, diffusons et consommons l&rsquo;information et pose des d\u00e9fis critiques aux processus d\u00e9mocratiques et aux droits fondamentaux. Malgr\u00e9 [&hellip;]<\/p>\n","protected":false},"author":2,"featured_media":12867,"comment_status":"closed","ping_status":"closed","sticky":false,"template":"","format":"standard","meta":{"_acf_changed":false,"footnotes":""},"categories":[56],"tags":[],"contenu-mis-en-avant":[],"thematic":[67],"workstream":[],"class_list":["post-12865","post","type-post","status-publish","format-standard","has-post-thumbnail","hentry","category-non-classe","thematic-lintelligence-artificielle-et-lespace-dinformation"],"acf":[],"yoast_head":"<!-- This site is optimized with the Yoast SEO plugin v27.4 - https:\/\/yoast.com\/product\/yoast-seo-wordpress\/ -->\n<title>L\u2019intelligence artificielle et ses implications pour l\u2019espace de l\u2019information et de la communication: Lancement du Policy Brief - Forum Information &amp; Democracy<\/title>\n<meta name=\"robots\" content=\"index, follow, max-snippet:-1, max-image-preview:large, max-video-preview:-1\" \/>\n<link rel=\"canonical\" href=\"https:\/\/informationdemocracy.org\/fr\/2024\/02\/07\/lintelligence-artificielle-et-ses-implications-pour-lespace-de-linformation-et-de-la-communication-lancement-des-recommandations-politiques-28-fevrier-2024\/\" \/>\n<meta property=\"og:locale\" content=\"fr_FR\" \/>\n<meta property=\"og:type\" content=\"article\" \/>\n<meta property=\"og:title\" content=\"L\u2019intelligence artificielle et ses implications pour l\u2019espace de l\u2019information et de la communication: Lancement du Policy Brief - Forum Information &amp; Democracy\" \/>\n<meta property=\"og:description\" content=\"Le d\u00e9veloppement et les progr\u00e8s rapides de l&rsquo;intelligence artificielle (IA) continuent de transformer l&rsquo;espace mondial de l&rsquo;information et de la communication \u00e0 un rythme pratiquement in\u00e9dit parmi les innovations technologiques r\u00e9centes. Elle transforme la fa\u00e7on dont nous cr\u00e9ons, diffusons et consommons l&rsquo;information et pose des d\u00e9fis critiques aux processus d\u00e9mocratiques et aux droits fondamentaux. Malgr\u00e9 [&hellip;]\" \/>\n<meta property=\"og:url\" content=\"https:\/\/informationdemocracy.org\/fr\/2024\/02\/07\/lintelligence-artificielle-et-ses-implications-pour-lespace-de-linformation-et-de-la-communication-lancement-des-recommandations-politiques-28-fevrier-2024\/\" \/>\n<meta property=\"og:site_name\" content=\"Forum Information &amp; Democracy\" \/>\n<meta property=\"article:published_time\" content=\"2024-02-07T14:20:28+00:00\" \/>\n<meta property=\"article:modified_time\" content=\"2025-09-21T00:14:24+00:00\" \/>\n<meta property=\"og:image\" content=\"https:\/\/informationdemocracy.org\/wp-content\/uploads\/2024\/02\/Banner-site-web-1.jpg-3.webp\" \/>\n\t<meta property=\"og:image:width\" content=\"1080\" \/>\n\t<meta property=\"og:image:height\" content=\"675\" \/>\n\t<meta property=\"og:image:type\" content=\"image\/webp\" \/>\n<meta name=\"author\" content=\"informationdemocracywebsite\" \/>\n<meta name=\"twitter:card\" content=\"summary_large_image\" \/>\n<meta name=\"twitter:label1\" content=\"\u00c9crit par\" \/>\n\t<meta name=\"twitter:data1\" content=\"informationdemocracywebsite\" \/>\n\t<meta name=\"twitter:label2\" content=\"Dur\u00e9e de lecture estim\u00e9e\" \/>\n\t<meta name=\"twitter:data2\" content=\"2 minutes\" \/>\n<script type=\"application\/ld+json\" class=\"yoast-schema-graph\">{\"@context\":\"https:\\\/\\\/schema.org\",\"@graph\":[{\"@type\":\"Article\",\"@id\":\"https:\\\/\\\/informationdemocracy.org\\\/fr\\\/2024\\\/02\\\/07\\\/lintelligence-artificielle-et-ses-implications-pour-lespace-de-linformation-et-de-la-communication-lancement-des-recommandations-politiques-28-fevrier-2024\\\/#article\",\"isPartOf\":{\"@id\":\"https:\\\/\\\/informationdemocracy.org\\\/fr\\\/2024\\\/02\\\/07\\\/lintelligence-artificielle-et-ses-implications-pour-lespace-de-linformation-et-de-la-communication-lancement-des-recommandations-politiques-28-fevrier-2024\\\/\"},\"author\":{\"name\":\"informationdemocracywebsite\",\"@id\":\"https:\\\/\\\/informationdemocracy.org\\\/fr\\\/#\\\/schema\\\/person\\\/48ea335c80804b99e13cfa6bf4c2f7dd\"},\"headline\":\"L\u2019intelligence artificielle et ses implications pour l\u2019espace de l\u2019information et de la communication: Lancement du Policy Brief\",\"datePublished\":\"2024-02-07T14:20:28+00:00\",\"dateModified\":\"2025-09-21T00:14:24+00:00\",\"mainEntityOfPage\":{\"@id\":\"https:\\\/\\\/informationdemocracy.org\\\/fr\\\/2024\\\/02\\\/07\\\/lintelligence-artificielle-et-ses-implications-pour-lespace-de-linformation-et-de-la-communication-lancement-des-recommandations-politiques-28-fevrier-2024\\\/\"},\"wordCount\":478,\"publisher\":{\"@id\":\"https:\\\/\\\/informationdemocracy.org\\\/fr\\\/#organization\"},\"image\":{\"@id\":\"https:\\\/\\\/informationdemocracy.org\\\/fr\\\/2024\\\/02\\\/07\\\/lintelligence-artificielle-et-ses-implications-pour-lespace-de-linformation-et-de-la-communication-lancement-des-recommandations-politiques-28-fevrier-2024\\\/#primaryimage\"},\"thumbnailUrl\":\"https:\\\/\\\/informationdemocracy.org\\\/wp-content\\\/uploads\\\/2024\\\/02\\\/Banner-site-web-1.jpg-3.webp\",\"inLanguage\":\"fr-FR\"},{\"@type\":\"WebPage\",\"@id\":\"https:\\\/\\\/informationdemocracy.org\\\/fr\\\/2024\\\/02\\\/07\\\/lintelligence-artificielle-et-ses-implications-pour-lespace-de-linformation-et-de-la-communication-lancement-des-recommandations-politiques-28-fevrier-2024\\\/\",\"url\":\"https:\\\/\\\/informationdemocracy.org\\\/fr\\\/2024\\\/02\\\/07\\\/lintelligence-artificielle-et-ses-implications-pour-lespace-de-linformation-et-de-la-communication-lancement-des-recommandations-politiques-28-fevrier-2024\\\/\",\"name\":\"L\u2019intelligence artificielle et ses implications pour l\u2019espace de l\u2019information et de la communication: Lancement du Policy Brief - Forum Information &amp; Democracy\",\"isPartOf\":{\"@id\":\"https:\\\/\\\/informationdemocracy.org\\\/fr\\\/#website\"},\"primaryImageOfPage\":{\"@id\":\"https:\\\/\\\/informationdemocracy.org\\\/fr\\\/2024\\\/02\\\/07\\\/lintelligence-artificielle-et-ses-implications-pour-lespace-de-linformation-et-de-la-communication-lancement-des-recommandations-politiques-28-fevrier-2024\\\/#primaryimage\"},\"image\":{\"@id\":\"https:\\\/\\\/informationdemocracy.org\\\/fr\\\/2024\\\/02\\\/07\\\/lintelligence-artificielle-et-ses-implications-pour-lespace-de-linformation-et-de-la-communication-lancement-des-recommandations-politiques-28-fevrier-2024\\\/#primaryimage\"},\"thumbnailUrl\":\"https:\\\/\\\/informationdemocracy.org\\\/wp-content\\\/uploads\\\/2024\\\/02\\\/Banner-site-web-1.jpg-3.webp\",\"datePublished\":\"2024-02-07T14:20:28+00:00\",\"dateModified\":\"2025-09-21T00:14:24+00:00\",\"breadcrumb\":{\"@id\":\"https:\\\/\\\/informationdemocracy.org\\\/fr\\\/2024\\\/02\\\/07\\\/lintelligence-artificielle-et-ses-implications-pour-lespace-de-linformation-et-de-la-communication-lancement-des-recommandations-politiques-28-fevrier-2024\\\/#breadcrumb\"},\"inLanguage\":\"fr-FR\",\"potentialAction\":[{\"@type\":\"ReadAction\",\"target\":[\"https:\\\/\\\/informationdemocracy.org\\\/fr\\\/2024\\\/02\\\/07\\\/lintelligence-artificielle-et-ses-implications-pour-lespace-de-linformation-et-de-la-communication-lancement-des-recommandations-politiques-28-fevrier-2024\\\/\"]}]},{\"@type\":\"ImageObject\",\"inLanguage\":\"fr-FR\",\"@id\":\"https:\\\/\\\/informationdemocracy.org\\\/fr\\\/2024\\\/02\\\/07\\\/lintelligence-artificielle-et-ses-implications-pour-lespace-de-linformation-et-de-la-communication-lancement-des-recommandations-politiques-28-fevrier-2024\\\/#primaryimage\",\"url\":\"https:\\\/\\\/informationdemocracy.org\\\/wp-content\\\/uploads\\\/2024\\\/02\\\/Banner-site-web-1.jpg-3.webp\",\"contentUrl\":\"https:\\\/\\\/informationdemocracy.org\\\/wp-content\\\/uploads\\\/2024\\\/02\\\/Banner-site-web-1.jpg-3.webp\",\"width\":1080,\"height\":675},{\"@type\":\"BreadcrumbList\",\"@id\":\"https:\\\/\\\/informationdemocracy.org\\\/fr\\\/2024\\\/02\\\/07\\\/lintelligence-artificielle-et-ses-implications-pour-lespace-de-linformation-et-de-la-communication-lancement-des-recommandations-politiques-28-fevrier-2024\\\/#breadcrumb\",\"itemListElement\":[{\"@type\":\"ListItem\",\"position\":1,\"name\":\"Accueil\",\"item\":\"https:\\\/\\\/informationdemocracy.org\\\/fr\\\/\"},{\"@type\":\"ListItem\",\"position\":2,\"name\":\"L\u2019intelligence artificielle et ses implications pour l\u2019espace de l\u2019information et de la communication: Lancement du Policy Brief\"}]},{\"@type\":\"WebSite\",\"@id\":\"https:\\\/\\\/informationdemocracy.org\\\/fr\\\/#website\",\"url\":\"https:\\\/\\\/informationdemocracy.org\\\/fr\\\/\",\"name\":\"Forum on Information & Democracy\",\"description\":\"\",\"publisher\":{\"@id\":\"https:\\\/\\\/informationdemocracy.org\\\/fr\\\/#organization\"},\"potentialAction\":[{\"@type\":\"SearchAction\",\"target\":{\"@type\":\"EntryPoint\",\"urlTemplate\":\"https:\\\/\\\/informationdemocracy.org\\\/fr\\\/?s={search_term_string}\"},\"query-input\":{\"@type\":\"PropertyValueSpecification\",\"valueRequired\":true,\"valueName\":\"search_term_string\"}}],\"inLanguage\":\"fr-FR\"},{\"@type\":\"Organization\",\"@id\":\"https:\\\/\\\/informationdemocracy.org\\\/fr\\\/#organization\",\"name\":\"Forum on Information & Democracy\",\"url\":\"https:\\\/\\\/informationdemocracy.org\\\/fr\\\/\",\"logo\":{\"@type\":\"ImageObject\",\"inLanguage\":\"fr-FR\",\"@id\":\"https:\\\/\\\/informationdemocracy.org\\\/fr\\\/#\\\/schema\\\/logo\\\/image\\\/\",\"url\":\"https:\\\/\\\/informationdemocracy.org\\\/wp-content\\\/uploads\\\/2025\\\/09\\\/Logo.svg\",\"contentUrl\":\"https:\\\/\\\/informationdemocracy.org\\\/wp-content\\\/uploads\\\/2025\\\/09\\\/Logo.svg\",\"width\":168,\"height\":51,\"caption\":\"Forum on Information & Democracy\"},\"image\":{\"@id\":\"https:\\\/\\\/informationdemocracy.org\\\/fr\\\/#\\\/schema\\\/logo\\\/image\\\/\"},\"sameAs\":[\"https:\\\/\\\/www.linkedin.com\\\/company\\\/forum-information-democracy\",\"https:\\\/\\\/www.youtube.com\\\/playlist?list=PL-yF0NqTYQU2B3I97oh3Dv2Dfevd8ThM_\",\"https:\\\/\\\/www.instagram.com\\\/foruminformationdemocracy\\\/\"]},{\"@type\":\"Person\",\"@id\":\"https:\\\/\\\/informationdemocracy.org\\\/fr\\\/#\\\/schema\\\/person\\\/48ea335c80804b99e13cfa6bf4c2f7dd\",\"name\":\"informationdemocracywebsite\",\"image\":{\"@type\":\"ImageObject\",\"inLanguage\":\"fr-FR\",\"@id\":\"https:\\\/\\\/secure.gravatar.com\\\/avatar\\\/33c6a406643df806a5494363b5db420a409e4a8dc49952dd63ae5da7fb946c0c?s=96&d=mm&r=g\",\"url\":\"https:\\\/\\\/secure.gravatar.com\\\/avatar\\\/33c6a406643df806a5494363b5db420a409e4a8dc49952dd63ae5da7fb946c0c?s=96&d=mm&r=g\",\"contentUrl\":\"https:\\\/\\\/secure.gravatar.com\\\/avatar\\\/33c6a406643df806a5494363b5db420a409e4a8dc49952dd63ae5da7fb946c0c?s=96&d=mm&r=g\",\"caption\":\"informationdemocracywebsite\"},\"url\":\"https:\\\/\\\/informationdemocracy.org\\\/fr\\\/author\\\/informationdemocracywebsite\\\/\"}]}<\/script>\n<!-- \/ Yoast SEO plugin. -->","yoast_head_json":{"title":"L\u2019intelligence artificielle et ses implications pour l\u2019espace de l\u2019information et de la communication: Lancement du Policy Brief - Forum Information &amp; Democracy","robots":{"index":"index","follow":"follow","max-snippet":"max-snippet:-1","max-image-preview":"max-image-preview:large","max-video-preview":"max-video-preview:-1"},"canonical":"https:\/\/informationdemocracy.org\/fr\/2024\/02\/07\/lintelligence-artificielle-et-ses-implications-pour-lespace-de-linformation-et-de-la-communication-lancement-des-recommandations-politiques-28-fevrier-2024\/","og_locale":"fr_FR","og_type":"article","og_title":"L\u2019intelligence artificielle et ses implications pour l\u2019espace de l\u2019information et de la communication: Lancement du Policy Brief - Forum Information &amp; Democracy","og_description":"Le d\u00e9veloppement et les progr\u00e8s rapides de l&rsquo;intelligence artificielle (IA) continuent de transformer l&rsquo;espace mondial de l&rsquo;information et de la communication \u00e0 un rythme pratiquement in\u00e9dit parmi les innovations technologiques r\u00e9centes. Elle transforme la fa\u00e7on dont nous cr\u00e9ons, diffusons et consommons l&rsquo;information et pose des d\u00e9fis critiques aux processus d\u00e9mocratiques et aux droits fondamentaux. Malgr\u00e9 [&hellip;]","og_url":"https:\/\/informationdemocracy.org\/fr\/2024\/02\/07\/lintelligence-artificielle-et-ses-implications-pour-lespace-de-linformation-et-de-la-communication-lancement-des-recommandations-politiques-28-fevrier-2024\/","og_site_name":"Forum Information &amp; Democracy","article_published_time":"2024-02-07T14:20:28+00:00","article_modified_time":"2025-09-21T00:14:24+00:00","og_image":[{"width":1080,"height":675,"url":"https:\/\/informationdemocracy.org\/wp-content\/uploads\/2024\/02\/Banner-site-web-1.jpg-3.webp","type":"image\/webp"}],"author":"informationdemocracywebsite","twitter_card":"summary_large_image","twitter_misc":{"\u00c9crit par":"informationdemocracywebsite","Dur\u00e9e de lecture estim\u00e9e":"2 minutes"},"schema":{"@context":"https:\/\/schema.org","@graph":[{"@type":"Article","@id":"https:\/\/informationdemocracy.org\/fr\/2024\/02\/07\/lintelligence-artificielle-et-ses-implications-pour-lespace-de-linformation-et-de-la-communication-lancement-des-recommandations-politiques-28-fevrier-2024\/#article","isPartOf":{"@id":"https:\/\/informationdemocracy.org\/fr\/2024\/02\/07\/lintelligence-artificielle-et-ses-implications-pour-lespace-de-linformation-et-de-la-communication-lancement-des-recommandations-politiques-28-fevrier-2024\/"},"author":{"name":"informationdemocracywebsite","@id":"https:\/\/informationdemocracy.org\/fr\/#\/schema\/person\/48ea335c80804b99e13cfa6bf4c2f7dd"},"headline":"L\u2019intelligence artificielle et ses implications pour l\u2019espace de l\u2019information et de la communication: Lancement du Policy Brief","datePublished":"2024-02-07T14:20:28+00:00","dateModified":"2025-09-21T00:14:24+00:00","mainEntityOfPage":{"@id":"https:\/\/informationdemocracy.org\/fr\/2024\/02\/07\/lintelligence-artificielle-et-ses-implications-pour-lespace-de-linformation-et-de-la-communication-lancement-des-recommandations-politiques-28-fevrier-2024\/"},"wordCount":478,"publisher":{"@id":"https:\/\/informationdemocracy.org\/fr\/#organization"},"image":{"@id":"https:\/\/informationdemocracy.org\/fr\/2024\/02\/07\/lintelligence-artificielle-et-ses-implications-pour-lespace-de-linformation-et-de-la-communication-lancement-des-recommandations-politiques-28-fevrier-2024\/#primaryimage"},"thumbnailUrl":"https:\/\/informationdemocracy.org\/wp-content\/uploads\/2024\/02\/Banner-site-web-1.jpg-3.webp","inLanguage":"fr-FR"},{"@type":"WebPage","@id":"https:\/\/informationdemocracy.org\/fr\/2024\/02\/07\/lintelligence-artificielle-et-ses-implications-pour-lespace-de-linformation-et-de-la-communication-lancement-des-recommandations-politiques-28-fevrier-2024\/","url":"https:\/\/informationdemocracy.org\/fr\/2024\/02\/07\/lintelligence-artificielle-et-ses-implications-pour-lespace-de-linformation-et-de-la-communication-lancement-des-recommandations-politiques-28-fevrier-2024\/","name":"L\u2019intelligence artificielle et ses implications pour l\u2019espace de l\u2019information et de la communication: Lancement du Policy Brief - Forum Information &amp; Democracy","isPartOf":{"@id":"https:\/\/informationdemocracy.org\/fr\/#website"},"primaryImageOfPage":{"@id":"https:\/\/informationdemocracy.org\/fr\/2024\/02\/07\/lintelligence-artificielle-et-ses-implications-pour-lespace-de-linformation-et-de-la-communication-lancement-des-recommandations-politiques-28-fevrier-2024\/#primaryimage"},"image":{"@id":"https:\/\/informationdemocracy.org\/fr\/2024\/02\/07\/lintelligence-artificielle-et-ses-implications-pour-lespace-de-linformation-et-de-la-communication-lancement-des-recommandations-politiques-28-fevrier-2024\/#primaryimage"},"thumbnailUrl":"https:\/\/informationdemocracy.org\/wp-content\/uploads\/2024\/02\/Banner-site-web-1.jpg-3.webp","datePublished":"2024-02-07T14:20:28+00:00","dateModified":"2025-09-21T00:14:24+00:00","breadcrumb":{"@id":"https:\/\/informationdemocracy.org\/fr\/2024\/02\/07\/lintelligence-artificielle-et-ses-implications-pour-lespace-de-linformation-et-de-la-communication-lancement-des-recommandations-politiques-28-fevrier-2024\/#breadcrumb"},"inLanguage":"fr-FR","potentialAction":[{"@type":"ReadAction","target":["https:\/\/informationdemocracy.org\/fr\/2024\/02\/07\/lintelligence-artificielle-et-ses-implications-pour-lespace-de-linformation-et-de-la-communication-lancement-des-recommandations-politiques-28-fevrier-2024\/"]}]},{"@type":"ImageObject","inLanguage":"fr-FR","@id":"https:\/\/informationdemocracy.org\/fr\/2024\/02\/07\/lintelligence-artificielle-et-ses-implications-pour-lespace-de-linformation-et-de-la-communication-lancement-des-recommandations-politiques-28-fevrier-2024\/#primaryimage","url":"https:\/\/informationdemocracy.org\/wp-content\/uploads\/2024\/02\/Banner-site-web-1.jpg-3.webp","contentUrl":"https:\/\/informationdemocracy.org\/wp-content\/uploads\/2024\/02\/Banner-site-web-1.jpg-3.webp","width":1080,"height":675},{"@type":"BreadcrumbList","@id":"https:\/\/informationdemocracy.org\/fr\/2024\/02\/07\/lintelligence-artificielle-et-ses-implications-pour-lespace-de-linformation-et-de-la-communication-lancement-des-recommandations-politiques-28-fevrier-2024\/#breadcrumb","itemListElement":[{"@type":"ListItem","position":1,"name":"Accueil","item":"https:\/\/informationdemocracy.org\/fr\/"},{"@type":"ListItem","position":2,"name":"L\u2019intelligence artificielle et ses implications pour l\u2019espace de l\u2019information et de la communication: Lancement du Policy Brief"}]},{"@type":"WebSite","@id":"https:\/\/informationdemocracy.org\/fr\/#website","url":"https:\/\/informationdemocracy.org\/fr\/","name":"Forum on Information & Democracy","description":"","publisher":{"@id":"https:\/\/informationdemocracy.org\/fr\/#organization"},"potentialAction":[{"@type":"SearchAction","target":{"@type":"EntryPoint","urlTemplate":"https:\/\/informationdemocracy.org\/fr\/?s={search_term_string}"},"query-input":{"@type":"PropertyValueSpecification","valueRequired":true,"valueName":"search_term_string"}}],"inLanguage":"fr-FR"},{"@type":"Organization","@id":"https:\/\/informationdemocracy.org\/fr\/#organization","name":"Forum on Information & Democracy","url":"https:\/\/informationdemocracy.org\/fr\/","logo":{"@type":"ImageObject","inLanguage":"fr-FR","@id":"https:\/\/informationdemocracy.org\/fr\/#\/schema\/logo\/image\/","url":"https:\/\/informationdemocracy.org\/wp-content\/uploads\/2025\/09\/Logo.svg","contentUrl":"https:\/\/informationdemocracy.org\/wp-content\/uploads\/2025\/09\/Logo.svg","width":168,"height":51,"caption":"Forum on Information & Democracy"},"image":{"@id":"https:\/\/informationdemocracy.org\/fr\/#\/schema\/logo\/image\/"},"sameAs":["https:\/\/www.linkedin.com\/company\/forum-information-democracy","https:\/\/www.youtube.com\/playlist?list=PL-yF0NqTYQU2B3I97oh3Dv2Dfevd8ThM_","https:\/\/www.instagram.com\/foruminformationdemocracy\/"]},{"@type":"Person","@id":"https:\/\/informationdemocracy.org\/fr\/#\/schema\/person\/48ea335c80804b99e13cfa6bf4c2f7dd","name":"informationdemocracywebsite","image":{"@type":"ImageObject","inLanguage":"fr-FR","@id":"https:\/\/secure.gravatar.com\/avatar\/33c6a406643df806a5494363b5db420a409e4a8dc49952dd63ae5da7fb946c0c?s=96&d=mm&r=g","url":"https:\/\/secure.gravatar.com\/avatar\/33c6a406643df806a5494363b5db420a409e4a8dc49952dd63ae5da7fb946c0c?s=96&d=mm&r=g","contentUrl":"https:\/\/secure.gravatar.com\/avatar\/33c6a406643df806a5494363b5db420a409e4a8dc49952dd63ae5da7fb946c0c?s=96&d=mm&r=g","caption":"informationdemocracywebsite"},"url":"https:\/\/informationdemocracy.org\/fr\/author\/informationdemocracywebsite\/"}]}},"_links":{"self":[{"href":"https:\/\/informationdemocracy.org\/fr\/wp-json\/wp\/v2\/posts\/12865","targetHints":{"allow":["GET"]}}],"collection":[{"href":"https:\/\/informationdemocracy.org\/fr\/wp-json\/wp\/v2\/posts"}],"about":[{"href":"https:\/\/informationdemocracy.org\/fr\/wp-json\/wp\/v2\/types\/post"}],"author":[{"embeddable":true,"href":"https:\/\/informationdemocracy.org\/fr\/wp-json\/wp\/v2\/users\/2"}],"replies":[{"embeddable":true,"href":"https:\/\/informationdemocracy.org\/fr\/wp-json\/wp\/v2\/comments?post=12865"}],"version-history":[{"count":0,"href":"https:\/\/informationdemocracy.org\/fr\/wp-json\/wp\/v2\/posts\/12865\/revisions"}],"wp:featuredmedia":[{"embeddable":true,"href":"https:\/\/informationdemocracy.org\/fr\/wp-json\/wp\/v2\/media\/12867"}],"wp:attachment":[{"href":"https:\/\/informationdemocracy.org\/fr\/wp-json\/wp\/v2\/media?parent=12865"}],"wp:term":[{"taxonomy":"category","embeddable":true,"href":"https:\/\/informationdemocracy.org\/fr\/wp-json\/wp\/v2\/categories?post=12865"},{"taxonomy":"post_tag","embeddable":true,"href":"https:\/\/informationdemocracy.org\/fr\/wp-json\/wp\/v2\/tags?post=12865"},{"taxonomy":"contenu-mis-en-avant","embeddable":true,"href":"https:\/\/informationdemocracy.org\/fr\/wp-json\/wp\/v2\/contenu-mis-en-avant?post=12865"},{"taxonomy":"thematic","embeddable":true,"href":"https:\/\/informationdemocracy.org\/fr\/wp-json\/wp\/v2\/thematic?post=12865"},{"taxonomy":"workstream","embeddable":true,"href":"https:\/\/informationdemocracy.org\/fr\/wp-json\/wp\/v2\/workstream?post=12865"}],"curies":[{"name":"wp","href":"https:\/\/api.w.org\/{rel}","templated":true}]}}