{"id":12884,"date":"2023-11-13T16:20:24","date_gmt":"2023-11-13T15:20:24","guid":{"rendered":"https:\/\/informationdemocracy.org\/2023\/11\/13\/troisieme-sommet-pour-linformation-et-la-democratie-des-resultats-pour-lintegrite-de-linformation\/"},"modified":"2025-10-31T15:40:01","modified_gmt":"2025-10-31T14:40:01","slug":"troisieme-sommet-pour-linformation-et-la-democratie-des-resultats-pour-lintegrite-de-linformation","status":"publish","type":"post","link":"https:\/\/informationdemocracy.org\/fr\/2023\/11\/13\/troisieme-sommet-pour-linformation-et-la-democratie-des-resultats-pour-lintegrite-de-linformation\/","title":{"rendered":"Troisi\u00e8me Sommet pour l\u2019information et la d\u00e9mocratie: des r\u00e9sultats pour l\u2019int\u00e9grit\u00e9 de l\u2019information<br>"},"content":{"rendered":"\n<p><strong>Les \u00c9tats du Partenariat international pour l&rsquo;information et la d\u00e9mocratie ont tenu leur troisi\u00e8me sommet annuel \u00e0 Paris le 10 novembre 2023. Des progr\u00e8s significatifs ont \u00e9t\u00e9 r\u00e9alis\u00e9s dans la construction d&rsquo;un espace d\u00e9mocratique de l&rsquo;information, \u00e0 quelques semaines d&rsquo;une ann\u00e9e d\u00e9cisive pour la d\u00e9mocratie dans le monde. <\/strong><\/p>\n\n<p>Le Partenariat pour l&rsquo;information et la d\u00e9mocratie, qui r\u00e9unit 52 Etats du monde entier, a tenu son troisi\u00e8me sommet annuel en marge du Forum de Paris sur la paix. Organis\u00e9 par la France avec le soutien du Forum sur l&rsquo;information et la d\u00e9mocratie, organe ind\u00e9pendant de mise en \u0153uvre du Partenariat, le Sommet a r\u00e9uni des ministres et des personnalit\u00e9s de la soci\u00e9t\u00e9 civile telles que Maria Ressa, prix Nobel de la paix 2021.   <\/p>\n\n<p>Dans leur <a href=\"https:\/\/www.diplomatie.gouv.fr\/IMG\/pdf\/3rd_summit_for_information_and_democracy_-_paris_10th_nov._2023_-_final_statement_cle4fb9b4.pdf\">d\u00e9claration<\/a>, les \u00c9tats membres du partenariat se sont engag\u00e9s \u00e0 \u00ab\u00a0renforcer leur coop\u00e9ration dans le cadre du partenariat pour l&rsquo;information et la d\u00e9mocratie et la capacit\u00e9 de tous les \u00c9tats signataires \u00e0 mettre en \u0153uvre des garanties d\u00e9mocratiques dans l&rsquo;espace de l&rsquo;information\u00a0\u00bb. Ils se sont \u00e9galement engag\u00e9s \u00e0 travailler avec le Forum sur l&rsquo;information et la d\u00e9mocratie pour d\u00e9velopper et mettre en \u0153uvre ces garanties. <\/p>\n\n<p><strong>La Moldavie et le Br\u00e9sil rejoignent le partenariat pour l&rsquo;information et la d\u00e9mocratie<\/strong><\/p>\n\n<p>Le Br\u00e9sil a annonc\u00e9 sa signature du PID en septembre dernier. \u00c0 l&rsquo;occasion du sommet, le vice-ministre Carlos M\u00e1rcio Cozendey et le secr\u00e9taire d&rsquo;\u00c9tat au num\u00e9rique Joao Brant ont fait part de leur ferme engagement en faveur du PID.   <\/p>\n\n<p>Le vice-premier ministre et ministre des affaires \u00e9trang\u00e8res de Moldavie, Nicu Popescu, a annonc\u00e9 la signature par son pays du partenariat pour l&rsquo;information et la d\u00e9mocratie. Pour le ministre, le partenariat \u00ab\u00a0repr\u00e9sente une opportunit\u00e9 de d\u00e9fendre nos droits fondamentaux, y compris la libert\u00e9 d&rsquo;expression et d&rsquo;opinion, ainsi que nos valeurs\u00a0\u00bb. <\/p>\n\n<p><strong>Solutions pour lutter contre la d\u00e9sinformation en p\u00e9riode de conflit<\/strong><\/p>\n\n<p>Dans le contexte de la guerre au Moyen-Orient, le Forum sur l&rsquo;information et la d\u00e9mocratie a publi\u00e9 vingt recommandations prioritaires pour <a href=\"\/fr\/?p=6554\">soutenir la paix en sauvegardant l&rsquo;int\u00e9grit\u00e9 de l&rsquo;espace de l&rsquo;information en temps de conflit<\/a>. Ces recommandations ont \u00e9t\u00e9 adress\u00e9es \u00e0 tous les Etats et plateformes du Partenariat. <\/p>\n\n<p>Ils s&rsquo;appuient sur les diff\u00e9rents cadres r\u00e9glementaires publi\u00e9s par le Forum depuis 2020 : sur la<a href=\"https:\/\/informationdemocracy.org\/working-groups\/concrete-solutions-against-the-infodemic\/\"> lutte contre l&rsquo;infod\u00e9mocratie<\/a> (2020) ; sur la <a href=\"https:\/\/informationdemocracy.org\/fr\/groupes-de-travail\/soutenabilite-du-journalisme\/\">soutenabilit\u00e9 \u00e9conomique du journalisme <\/a>(2021) ; sur le <a href=\"https:\/\/informationdemocracy.org\/working-groups\/accountability-regimes\/\">r\u00e9gime de responsabilit\u00e9 des r\u00e9seaux sociaux et de leurs utilisateurs<\/a> (2022) ; sur le <a href=\"https:\/\/informationdemocracy.org\/fr\/pluralisme\/\">pluralisme de l&rsquo;information <\/a>(f\u00e9vrier 2023).<\/p>\n\n<p><strong>Soutien de l&rsquo;\u00c9tat \u00e0 l&rsquo;Observatoire de l&rsquo;information et de la d\u00e9mocratie  <\/strong><\/p>\n\n<p>Suite aux progr\u00e8s r\u00e9alis\u00e9s dans la cr\u00e9ation de l&rsquo;Observatoire sur l&rsquo;information et la d\u00e9mocratie, un \u00e9quivalent du GIEC pour l&rsquo;espace informationnel, un certain nombre de gouvernements ont exprim\u00e9 leur soutien au projet, qui est soutenu par le FDI.  <\/p>\n\n<p>Dans ces remarques, la pr\u00e9sidente du comit\u00e9 de pilotage de l&rsquo;Observatoire, Courtney Radsch, a soulign\u00e9 la n\u00e9cessit\u00e9 d&rsquo;une \u00ab\u00a0approche \u00e9cosyst\u00e9mique\u00a0\u00bb pour lutter contre la d\u00e9sinformation, avant de r\u00e9sumer la mission de l&rsquo;Observatoire : \u00ab\u00a0Nous voulons fournir aux d\u00e9cideurs politiques des \u00e9valuations globales fond\u00e9es sur des preuves de ce que dit la recherche afin de concevoir de meilleures interventions\u00a0\u00bb.<\/p>\n\n<p><strong>Une coalition pour alimenter l&rsquo;agenda des Nations unies<\/strong><\/p>\n\n<p>Les \u00c9tats membres du partenariat se sont \u00e9galement engag\u00e9s \u00e0 \u00ab\u00a0soutenir les efforts du secr\u00e9taire g\u00e9n\u00e9ral des Nations unies visant \u00e0 \u00e9laborer un code de conduite pour l&rsquo;int\u00e9grit\u00e9 de l&rsquo;information sur les plateformes num\u00e9riques et le pacte num\u00e9rique mondial, en tenant compte des principes du partenariat pour l&rsquo;information et la d\u00e9mocratie\u00a0\u00bb.<\/p>\n\n<p>Cet engagement fait notamment suite \u00e0 une r\u00e9union organis\u00e9e par le Forum sur l&rsquo;information et la d\u00e9mocratie sur le code de conduite avec des repr\u00e9sentants des Etats et Melissa Flemming, Secr\u00e9taire g\u00e9n\u00e9rale adjointe des Nations Unies, en septembre 2023.<\/p>\n","protected":false},"excerpt":{"rendered":"<p>Les \u00c9tats du Partenariat international pour l&rsquo;information et la d\u00e9mocratie ont tenu leur troisi\u00e8me sommet annuel \u00e0 Paris le 10 novembre 2023. Des progr\u00e8s significatifs ont \u00e9t\u00e9 r\u00e9alis\u00e9s dans la construction d&rsquo;un espace d\u00e9mocratique de l&rsquo;information, \u00e0 quelques semaines d&rsquo;une ann\u00e9e d\u00e9cisive pour la d\u00e9mocratie dans le monde. Le Partenariat pour l&rsquo;information et la d\u00e9mocratie, [&hellip;]<\/p>\n","protected":false},"author":2,"featured_media":12885,"comment_status":"closed","ping_status":"closed","sticky":false,"template":"","format":"standard","meta":{"_acf_changed":false,"footnotes":""},"categories":[99],"tags":[],"contenu-mis-en-avant":[],"thematic":[],"workstream":[],"class_list":["post-12884","post","type-post","status-publish","format-standard","has-post-thumbnail","hentry","category-sommets"],"acf":[],"yoast_head":"<!-- This site is optimized with the Yoast SEO plugin v27.4 - https:\/\/yoast.com\/product\/yoast-seo-wordpress\/ -->\n<title>Troisi\u00e8me Sommet pour l\u2019information et la d\u00e9mocratie: des r\u00e9sultats pour l\u2019int\u00e9grit\u00e9 de l\u2019information - Forum Information &amp; Democracy<\/title>\n<meta name=\"robots\" content=\"index, follow, max-snippet:-1, max-image-preview:large, max-video-preview:-1\" \/>\n<link rel=\"canonical\" href=\"https:\/\/informationdemocracy.org\/fr\/2023\/11\/13\/troisieme-sommet-pour-linformation-et-la-democratie-des-resultats-pour-lintegrite-de-linformation\/\" \/>\n<meta property=\"og:locale\" content=\"fr_FR\" \/>\n<meta property=\"og:type\" content=\"article\" \/>\n<meta property=\"og:title\" content=\"Troisi\u00e8me Sommet pour l\u2019information et la d\u00e9mocratie: des r\u00e9sultats pour l\u2019int\u00e9grit\u00e9 de l\u2019information - Forum Information &amp; Democracy\" \/>\n<meta property=\"og:description\" content=\"Les \u00c9tats du Partenariat international pour l&rsquo;information et la d\u00e9mocratie ont tenu leur troisi\u00e8me sommet annuel \u00e0 Paris le 10 novembre 2023. Des progr\u00e8s significatifs ont \u00e9t\u00e9 r\u00e9alis\u00e9s dans la construction d&rsquo;un espace d\u00e9mocratique de l&rsquo;information, \u00e0 quelques semaines d&rsquo;une ann\u00e9e d\u00e9cisive pour la d\u00e9mocratie dans le monde. Le Partenariat pour l&rsquo;information et la d\u00e9mocratie, [&hellip;]\" \/>\n<meta property=\"og:url\" content=\"https:\/\/informationdemocracy.org\/fr\/2023\/11\/13\/troisieme-sommet-pour-linformation-et-la-democratie-des-resultats-pour-lintegrite-de-linformation\/\" \/>\n<meta property=\"og:site_name\" content=\"Forum Information &amp; Democracy\" \/>\n<meta property=\"article:published_time\" content=\"2023-11-13T15:20:24+00:00\" \/>\n<meta property=\"article:modified_time\" content=\"2025-10-31T14:40:01+00:00\" \/>\n<meta property=\"og:image\" content=\"https:\/\/informationdemocracy.org\/wp-content\/uploads\/2023\/11\/FORUM-9.jpg-2.webp\" \/>\n\t<meta property=\"og:image:width\" content=\"400\" \/>\n\t<meta property=\"og:image:height\" content=\"250\" \/>\n\t<meta property=\"og:image:type\" content=\"image\/webp\" \/>\n<meta name=\"author\" content=\"informationdemocracywebsite\" \/>\n<meta name=\"twitter:card\" content=\"summary_large_image\" \/>\n<meta name=\"twitter:label1\" content=\"\u00c9crit par\" \/>\n\t<meta name=\"twitter:data1\" content=\"informationdemocracywebsite\" \/>\n\t<meta name=\"twitter:label2\" content=\"Dur\u00e9e de lecture estim\u00e9e\" \/>\n\t<meta name=\"twitter:data2\" content=\"3 minutes\" \/>\n<script type=\"application\/ld+json\" class=\"yoast-schema-graph\">{\"@context\":\"https:\\\/\\\/schema.org\",\"@graph\":[{\"@type\":\"Article\",\"@id\":\"https:\\\/\\\/informationdemocracy.org\\\/fr\\\/2023\\\/11\\\/13\\\/troisieme-sommet-pour-linformation-et-la-democratie-des-resultats-pour-lintegrite-de-linformation\\\/#article\",\"isPartOf\":{\"@id\":\"https:\\\/\\\/informationdemocracy.org\\\/fr\\\/2023\\\/11\\\/13\\\/troisieme-sommet-pour-linformation-et-la-democratie-des-resultats-pour-lintegrite-de-linformation\\\/\"},\"author\":{\"name\":\"informationdemocracywebsite\",\"@id\":\"https:\\\/\\\/informationdemocracy.org\\\/fr\\\/#\\\/schema\\\/person\\\/48ea335c80804b99e13cfa6bf4c2f7dd\"},\"headline\":\"Troisi\u00e8me Sommet pour l\u2019information et la d\u00e9mocratie: des r\u00e9sultats pour l\u2019int\u00e9grit\u00e9 de l\u2019information\",\"datePublished\":\"2023-11-13T15:20:24+00:00\",\"dateModified\":\"2025-10-31T14:40:01+00:00\",\"mainEntityOfPage\":{\"@id\":\"https:\\\/\\\/informationdemocracy.org\\\/fr\\\/2023\\\/11\\\/13\\\/troisieme-sommet-pour-linformation-et-la-democratie-des-resultats-pour-lintegrite-de-linformation\\\/\"},\"wordCount\":710,\"publisher\":{\"@id\":\"https:\\\/\\\/informationdemocracy.org\\\/fr\\\/#organization\"},\"image\":{\"@id\":\"https:\\\/\\\/informationdemocracy.org\\\/fr\\\/2023\\\/11\\\/13\\\/troisieme-sommet-pour-linformation-et-la-democratie-des-resultats-pour-lintegrite-de-linformation\\\/#primaryimage\"},\"thumbnailUrl\":\"https:\\\/\\\/informationdemocracy.org\\\/wp-content\\\/uploads\\\/2023\\\/11\\\/FORUM-9.jpg-2.webp\",\"articleSection\":[\"Sommets\"],\"inLanguage\":\"fr-FR\"},{\"@type\":\"WebPage\",\"@id\":\"https:\\\/\\\/informationdemocracy.org\\\/fr\\\/2023\\\/11\\\/13\\\/troisieme-sommet-pour-linformation-et-la-democratie-des-resultats-pour-lintegrite-de-linformation\\\/\",\"url\":\"https:\\\/\\\/informationdemocracy.org\\\/fr\\\/2023\\\/11\\\/13\\\/troisieme-sommet-pour-linformation-et-la-democratie-des-resultats-pour-lintegrite-de-linformation\\\/\",\"name\":\"Troisi\u00e8me Sommet pour l\u2019information et la d\u00e9mocratie: des r\u00e9sultats pour l\u2019int\u00e9grit\u00e9 de l\u2019information - Forum Information &amp; Democracy\",\"isPartOf\":{\"@id\":\"https:\\\/\\\/informationdemocracy.org\\\/fr\\\/#website\"},\"primaryImageOfPage\":{\"@id\":\"https:\\\/\\\/informationdemocracy.org\\\/fr\\\/2023\\\/11\\\/13\\\/troisieme-sommet-pour-linformation-et-la-democratie-des-resultats-pour-lintegrite-de-linformation\\\/#primaryimage\"},\"image\":{\"@id\":\"https:\\\/\\\/informationdemocracy.org\\\/fr\\\/2023\\\/11\\\/13\\\/troisieme-sommet-pour-linformation-et-la-democratie-des-resultats-pour-lintegrite-de-linformation\\\/#primaryimage\"},\"thumbnailUrl\":\"https:\\\/\\\/informationdemocracy.org\\\/wp-content\\\/uploads\\\/2023\\\/11\\\/FORUM-9.jpg-2.webp\",\"datePublished\":\"2023-11-13T15:20:24+00:00\",\"dateModified\":\"2025-10-31T14:40:01+00:00\",\"breadcrumb\":{\"@id\":\"https:\\\/\\\/informationdemocracy.org\\\/fr\\\/2023\\\/11\\\/13\\\/troisieme-sommet-pour-linformation-et-la-democratie-des-resultats-pour-lintegrite-de-linformation\\\/#breadcrumb\"},\"inLanguage\":\"fr-FR\",\"potentialAction\":[{\"@type\":\"ReadAction\",\"target\":[\"https:\\\/\\\/informationdemocracy.org\\\/fr\\\/2023\\\/11\\\/13\\\/troisieme-sommet-pour-linformation-et-la-democratie-des-resultats-pour-lintegrite-de-linformation\\\/\"]}]},{\"@type\":\"ImageObject\",\"inLanguage\":\"fr-FR\",\"@id\":\"https:\\\/\\\/informationdemocracy.org\\\/fr\\\/2023\\\/11\\\/13\\\/troisieme-sommet-pour-linformation-et-la-democratie-des-resultats-pour-lintegrite-de-linformation\\\/#primaryimage\",\"url\":\"https:\\\/\\\/informationdemocracy.org\\\/wp-content\\\/uploads\\\/2023\\\/11\\\/FORUM-9.jpg-2.webp\",\"contentUrl\":\"https:\\\/\\\/informationdemocracy.org\\\/wp-content\\\/uploads\\\/2023\\\/11\\\/FORUM-9.jpg-2.webp\",\"width\":400,\"height\":250},{\"@type\":\"BreadcrumbList\",\"@id\":\"https:\\\/\\\/informationdemocracy.org\\\/fr\\\/2023\\\/11\\\/13\\\/troisieme-sommet-pour-linformation-et-la-democratie-des-resultats-pour-lintegrite-de-linformation\\\/#breadcrumb\",\"itemListElement\":[{\"@type\":\"ListItem\",\"position\":1,\"name\":\"Accueil\",\"item\":\"https:\\\/\\\/informationdemocracy.org\\\/fr\\\/\"},{\"@type\":\"ListItem\",\"position\":2,\"name\":\"Troisi\u00e8me Sommet pour l\u2019information et la d\u00e9mocratie: des r\u00e9sultats pour l\u2019int\u00e9grit\u00e9 de l\u2019information\"}]},{\"@type\":\"WebSite\",\"@id\":\"https:\\\/\\\/informationdemocracy.org\\\/fr\\\/#website\",\"url\":\"https:\\\/\\\/informationdemocracy.org\\\/fr\\\/\",\"name\":\"Forum on Information & Democracy\",\"description\":\"\",\"publisher\":{\"@id\":\"https:\\\/\\\/informationdemocracy.org\\\/fr\\\/#organization\"},\"potentialAction\":[{\"@type\":\"SearchAction\",\"target\":{\"@type\":\"EntryPoint\",\"urlTemplate\":\"https:\\\/\\\/informationdemocracy.org\\\/fr\\\/?s={search_term_string}\"},\"query-input\":{\"@type\":\"PropertyValueSpecification\",\"valueRequired\":true,\"valueName\":\"search_term_string\"}}],\"inLanguage\":\"fr-FR\"},{\"@type\":\"Organization\",\"@id\":\"https:\\\/\\\/informationdemocracy.org\\\/fr\\\/#organization\",\"name\":\"Forum on Information & Democracy\",\"url\":\"https:\\\/\\\/informationdemocracy.org\\\/fr\\\/\",\"logo\":{\"@type\":\"ImageObject\",\"inLanguage\":\"fr-FR\",\"@id\":\"https:\\\/\\\/informationdemocracy.org\\\/fr\\\/#\\\/schema\\\/logo\\\/image\\\/\",\"url\":\"https:\\\/\\\/informationdemocracy.org\\\/wp-content\\\/uploads\\\/2025\\\/09\\\/Logo.svg\",\"contentUrl\":\"https:\\\/\\\/informationdemocracy.org\\\/wp-content\\\/uploads\\\/2025\\\/09\\\/Logo.svg\",\"width\":168,\"height\":51,\"caption\":\"Forum on Information & Democracy\"},\"image\":{\"@id\":\"https:\\\/\\\/informationdemocracy.org\\\/fr\\\/#\\\/schema\\\/logo\\\/image\\\/\"},\"sameAs\":[\"https:\\\/\\\/www.linkedin.com\\\/company\\\/forum-information-democracy\",\"https:\\\/\\\/www.youtube.com\\\/playlist?list=PL-yF0NqTYQU2B3I97oh3Dv2Dfevd8ThM_\",\"https:\\\/\\\/www.instagram.com\\\/foruminformationdemocracy\\\/\"]},{\"@type\":\"Person\",\"@id\":\"https:\\\/\\\/informationdemocracy.org\\\/fr\\\/#\\\/schema\\\/person\\\/48ea335c80804b99e13cfa6bf4c2f7dd\",\"name\":\"informationdemocracywebsite\",\"image\":{\"@type\":\"ImageObject\",\"inLanguage\":\"fr-FR\",\"@id\":\"https:\\\/\\\/secure.gravatar.com\\\/avatar\\\/33c6a406643df806a5494363b5db420a409e4a8dc49952dd63ae5da7fb946c0c?s=96&d=mm&r=g\",\"url\":\"https:\\\/\\\/secure.gravatar.com\\\/avatar\\\/33c6a406643df806a5494363b5db420a409e4a8dc49952dd63ae5da7fb946c0c?s=96&d=mm&r=g\",\"contentUrl\":\"https:\\\/\\\/secure.gravatar.com\\\/avatar\\\/33c6a406643df806a5494363b5db420a409e4a8dc49952dd63ae5da7fb946c0c?s=96&d=mm&r=g\",\"caption\":\"informationdemocracywebsite\"},\"url\":\"https:\\\/\\\/informationdemocracy.org\\\/fr\\\/author\\\/informationdemocracywebsite\\\/\"}]}<\/script>\n<!-- \/ Yoast SEO plugin. -->","yoast_head_json":{"title":"Troisi\u00e8me Sommet pour l\u2019information et la d\u00e9mocratie: des r\u00e9sultats pour l\u2019int\u00e9grit\u00e9 de l\u2019information - Forum Information &amp; Democracy","robots":{"index":"index","follow":"follow","max-snippet":"max-snippet:-1","max-image-preview":"max-image-preview:large","max-video-preview":"max-video-preview:-1"},"canonical":"https:\/\/informationdemocracy.org\/fr\/2023\/11\/13\/troisieme-sommet-pour-linformation-et-la-democratie-des-resultats-pour-lintegrite-de-linformation\/","og_locale":"fr_FR","og_type":"article","og_title":"Troisi\u00e8me Sommet pour l\u2019information et la d\u00e9mocratie: des r\u00e9sultats pour l\u2019int\u00e9grit\u00e9 de l\u2019information - Forum Information &amp; Democracy","og_description":"Les \u00c9tats du Partenariat international pour l&rsquo;information et la d\u00e9mocratie ont tenu leur troisi\u00e8me sommet annuel \u00e0 Paris le 10 novembre 2023. Des progr\u00e8s significatifs ont \u00e9t\u00e9 r\u00e9alis\u00e9s dans la construction d&rsquo;un espace d\u00e9mocratique de l&rsquo;information, \u00e0 quelques semaines d&rsquo;une ann\u00e9e d\u00e9cisive pour la d\u00e9mocratie dans le monde. Le Partenariat pour l&rsquo;information et la d\u00e9mocratie, [&hellip;]","og_url":"https:\/\/informationdemocracy.org\/fr\/2023\/11\/13\/troisieme-sommet-pour-linformation-et-la-democratie-des-resultats-pour-lintegrite-de-linformation\/","og_site_name":"Forum Information &amp; Democracy","article_published_time":"2023-11-13T15:20:24+00:00","article_modified_time":"2025-10-31T14:40:01+00:00","og_image":[{"width":400,"height":250,"url":"https:\/\/informationdemocracy.org\/wp-content\/uploads\/2023\/11\/FORUM-9.jpg-2.webp","type":"image\/webp"}],"author":"informationdemocracywebsite","twitter_card":"summary_large_image","twitter_misc":{"\u00c9crit par":"informationdemocracywebsite","Dur\u00e9e de lecture estim\u00e9e":"3 minutes"},"schema":{"@context":"https:\/\/schema.org","@graph":[{"@type":"Article","@id":"https:\/\/informationdemocracy.org\/fr\/2023\/11\/13\/troisieme-sommet-pour-linformation-et-la-democratie-des-resultats-pour-lintegrite-de-linformation\/#article","isPartOf":{"@id":"https:\/\/informationdemocracy.org\/fr\/2023\/11\/13\/troisieme-sommet-pour-linformation-et-la-democratie-des-resultats-pour-lintegrite-de-linformation\/"},"author":{"name":"informationdemocracywebsite","@id":"https:\/\/informationdemocracy.org\/fr\/#\/schema\/person\/48ea335c80804b99e13cfa6bf4c2f7dd"},"headline":"Troisi\u00e8me Sommet pour l\u2019information et la d\u00e9mocratie: des r\u00e9sultats pour l\u2019int\u00e9grit\u00e9 de l\u2019information","datePublished":"2023-11-13T15:20:24+00:00","dateModified":"2025-10-31T14:40:01+00:00","mainEntityOfPage":{"@id":"https:\/\/informationdemocracy.org\/fr\/2023\/11\/13\/troisieme-sommet-pour-linformation-et-la-democratie-des-resultats-pour-lintegrite-de-linformation\/"},"wordCount":710,"publisher":{"@id":"https:\/\/informationdemocracy.org\/fr\/#organization"},"image":{"@id":"https:\/\/informationdemocracy.org\/fr\/2023\/11\/13\/troisieme-sommet-pour-linformation-et-la-democratie-des-resultats-pour-lintegrite-de-linformation\/#primaryimage"},"thumbnailUrl":"https:\/\/informationdemocracy.org\/wp-content\/uploads\/2023\/11\/FORUM-9.jpg-2.webp","articleSection":["Sommets"],"inLanguage":"fr-FR"},{"@type":"WebPage","@id":"https:\/\/informationdemocracy.org\/fr\/2023\/11\/13\/troisieme-sommet-pour-linformation-et-la-democratie-des-resultats-pour-lintegrite-de-linformation\/","url":"https:\/\/informationdemocracy.org\/fr\/2023\/11\/13\/troisieme-sommet-pour-linformation-et-la-democratie-des-resultats-pour-lintegrite-de-linformation\/","name":"Troisi\u00e8me Sommet pour l\u2019information et la d\u00e9mocratie: des r\u00e9sultats pour l\u2019int\u00e9grit\u00e9 de l\u2019information - Forum Information &amp; Democracy","isPartOf":{"@id":"https:\/\/informationdemocracy.org\/fr\/#website"},"primaryImageOfPage":{"@id":"https:\/\/informationdemocracy.org\/fr\/2023\/11\/13\/troisieme-sommet-pour-linformation-et-la-democratie-des-resultats-pour-lintegrite-de-linformation\/#primaryimage"},"image":{"@id":"https:\/\/informationdemocracy.org\/fr\/2023\/11\/13\/troisieme-sommet-pour-linformation-et-la-democratie-des-resultats-pour-lintegrite-de-linformation\/#primaryimage"},"thumbnailUrl":"https:\/\/informationdemocracy.org\/wp-content\/uploads\/2023\/11\/FORUM-9.jpg-2.webp","datePublished":"2023-11-13T15:20:24+00:00","dateModified":"2025-10-31T14:40:01+00:00","breadcrumb":{"@id":"https:\/\/informationdemocracy.org\/fr\/2023\/11\/13\/troisieme-sommet-pour-linformation-et-la-democratie-des-resultats-pour-lintegrite-de-linformation\/#breadcrumb"},"inLanguage":"fr-FR","potentialAction":[{"@type":"ReadAction","target":["https:\/\/informationdemocracy.org\/fr\/2023\/11\/13\/troisieme-sommet-pour-linformation-et-la-democratie-des-resultats-pour-lintegrite-de-linformation\/"]}]},{"@type":"ImageObject","inLanguage":"fr-FR","@id":"https:\/\/informationdemocracy.org\/fr\/2023\/11\/13\/troisieme-sommet-pour-linformation-et-la-democratie-des-resultats-pour-lintegrite-de-linformation\/#primaryimage","url":"https:\/\/informationdemocracy.org\/wp-content\/uploads\/2023\/11\/FORUM-9.jpg-2.webp","contentUrl":"https:\/\/informationdemocracy.org\/wp-content\/uploads\/2023\/11\/FORUM-9.jpg-2.webp","width":400,"height":250},{"@type":"BreadcrumbList","@id":"https:\/\/informationdemocracy.org\/fr\/2023\/11\/13\/troisieme-sommet-pour-linformation-et-la-democratie-des-resultats-pour-lintegrite-de-linformation\/#breadcrumb","itemListElement":[{"@type":"ListItem","position":1,"name":"Accueil","item":"https:\/\/informationdemocracy.org\/fr\/"},{"@type":"ListItem","position":2,"name":"Troisi\u00e8me Sommet pour l\u2019information et la d\u00e9mocratie: des r\u00e9sultats pour l\u2019int\u00e9grit\u00e9 de l\u2019information"}]},{"@type":"WebSite","@id":"https:\/\/informationdemocracy.org\/fr\/#website","url":"https:\/\/informationdemocracy.org\/fr\/","name":"Forum on Information & Democracy","description":"","publisher":{"@id":"https:\/\/informationdemocracy.org\/fr\/#organization"},"potentialAction":[{"@type":"SearchAction","target":{"@type":"EntryPoint","urlTemplate":"https:\/\/informationdemocracy.org\/fr\/?s={search_term_string}"},"query-input":{"@type":"PropertyValueSpecification","valueRequired":true,"valueName":"search_term_string"}}],"inLanguage":"fr-FR"},{"@type":"Organization","@id":"https:\/\/informationdemocracy.org\/fr\/#organization","name":"Forum on Information & Democracy","url":"https:\/\/informationdemocracy.org\/fr\/","logo":{"@type":"ImageObject","inLanguage":"fr-FR","@id":"https:\/\/informationdemocracy.org\/fr\/#\/schema\/logo\/image\/","url":"https:\/\/informationdemocracy.org\/wp-content\/uploads\/2025\/09\/Logo.svg","contentUrl":"https:\/\/informationdemocracy.org\/wp-content\/uploads\/2025\/09\/Logo.svg","width":168,"height":51,"caption":"Forum on Information & Democracy"},"image":{"@id":"https:\/\/informationdemocracy.org\/fr\/#\/schema\/logo\/image\/"},"sameAs":["https:\/\/www.linkedin.com\/company\/forum-information-democracy","https:\/\/www.youtube.com\/playlist?list=PL-yF0NqTYQU2B3I97oh3Dv2Dfevd8ThM_","https:\/\/www.instagram.com\/foruminformationdemocracy\/"]},{"@type":"Person","@id":"https:\/\/informationdemocracy.org\/fr\/#\/schema\/person\/48ea335c80804b99e13cfa6bf4c2f7dd","name":"informationdemocracywebsite","image":{"@type":"ImageObject","inLanguage":"fr-FR","@id":"https:\/\/secure.gravatar.com\/avatar\/33c6a406643df806a5494363b5db420a409e4a8dc49952dd63ae5da7fb946c0c?s=96&d=mm&r=g","url":"https:\/\/secure.gravatar.com\/avatar\/33c6a406643df806a5494363b5db420a409e4a8dc49952dd63ae5da7fb946c0c?s=96&d=mm&r=g","contentUrl":"https:\/\/secure.gravatar.com\/avatar\/33c6a406643df806a5494363b5db420a409e4a8dc49952dd63ae5da7fb946c0c?s=96&d=mm&r=g","caption":"informationdemocracywebsite"},"url":"https:\/\/informationdemocracy.org\/fr\/author\/informationdemocracywebsite\/"}]}},"_links":{"self":[{"href":"https:\/\/informationdemocracy.org\/fr\/wp-json\/wp\/v2\/posts\/12884","targetHints":{"allow":["GET"]}}],"collection":[{"href":"https:\/\/informationdemocracy.org\/fr\/wp-json\/wp\/v2\/posts"}],"about":[{"href":"https:\/\/informationdemocracy.org\/fr\/wp-json\/wp\/v2\/types\/post"}],"author":[{"embeddable":true,"href":"https:\/\/informationdemocracy.org\/fr\/wp-json\/wp\/v2\/users\/2"}],"replies":[{"embeddable":true,"href":"https:\/\/informationdemocracy.org\/fr\/wp-json\/wp\/v2\/comments?post=12884"}],"version-history":[{"count":4,"href":"https:\/\/informationdemocracy.org\/fr\/wp-json\/wp\/v2\/posts\/12884\/revisions"}],"predecessor-version":[{"id":13781,"href":"https:\/\/informationdemocracy.org\/fr\/wp-json\/wp\/v2\/posts\/12884\/revisions\/13781"}],"wp:featuredmedia":[{"embeddable":true,"href":"https:\/\/informationdemocracy.org\/fr\/wp-json\/wp\/v2\/media\/12885"}],"wp:attachment":[{"href":"https:\/\/informationdemocracy.org\/fr\/wp-json\/wp\/v2\/media?parent=12884"}],"wp:term":[{"taxonomy":"category","embeddable":true,"href":"https:\/\/informationdemocracy.org\/fr\/wp-json\/wp\/v2\/categories?post=12884"},{"taxonomy":"post_tag","embeddable":true,"href":"https:\/\/informationdemocracy.org\/fr\/wp-json\/wp\/v2\/tags?post=12884"},{"taxonomy":"contenu-mis-en-avant","embeddable":true,"href":"https:\/\/informationdemocracy.org\/fr\/wp-json\/wp\/v2\/contenu-mis-en-avant?post=12884"},{"taxonomy":"thematic","embeddable":true,"href":"https:\/\/informationdemocracy.org\/fr\/wp-json\/wp\/v2\/thematic?post=12884"},{"taxonomy":"workstream","embeddable":true,"href":"https:\/\/informationdemocracy.org\/fr\/wp-json\/wp\/v2\/workstream?post=12884"}],"curies":[{"name":"wp","href":"https:\/\/api.w.org\/{rel}","templated":true}]}}