{"id":12917,"date":"2022-11-10T08:00:00","date_gmt":"2022-11-10T07:00:00","guid":{"rendered":"https:\/\/informationdemocracy.org\/2022\/11\/10\/mobilisation-pour-lobservatoire-sur-linformation-et-la-democratie-au-forum-de-paris-sur-la-paix\/"},"modified":"2025-10-31T15:53:00","modified_gmt":"2025-10-31T14:53:00","slug":"mobilisation-pour-lobservatoire-sur-linformation-et-la-democratie-au-forum-de-paris-sur-la-paix","status":"publish","type":"post","link":"https:\/\/informationdemocracy.org\/fr\/2022\/11\/10\/mobilisation-pour-lobservatoire-sur-linformation-et-la-democratie-au-forum-de-paris-sur-la-paix\/","title":{"rendered":"Mobilisation pour l\u2019Observatoire sur l\u2019information et la d\u00e9mocratie au Forum de Paris sur la Paix"},"content":{"rendered":"\n<p><strong>Lors de la 5\u00e8me \u00e9dition du Forum de Paris sur la Paix, une session pr\u00e9sid\u00e9e par la Secr\u00e9taire d&rsquo;Etat fran\u00e7aise \u00e0 l&rsquo;Europe, Laurence Boone, se mobilisera en faveur de l&rsquo;Observatoire International de l&rsquo;Information et de la D\u00e9mocratie, l&rsquo;\u00e9quivalent pour le chaos informationnel de ce qu&rsquo;est le GIEC pour le r\u00e9chauffement climatique.<\/strong><\/p>\n\n<p>A l&rsquo;occasion du Forum de Paris sur la paix, le 11 novembre 2022, le Forum sur l&rsquo;information et la d\u00e9mocratie organise une session de mobilisation pour le futur \u00ab\u00a0GIEC de l&rsquo;espace informationnel\u00a0\u00bb. Le co-pr\u00e9sident du groupe de pr\u00e9figuration de l&rsquo;Observatoire de l&rsquo;information et de la d\u00e9mocratie, Angel Gurria, et la vice-pr\u00e9sidente du Forum, Nighat Dad, pr\u00e9senteront les objectifs et les prochaines \u00e9tapes de la cr\u00e9ation de cet organisme. La secr\u00e9taire d&rsquo;\u00c9tat fran\u00e7aise charg\u00e9e des affaires europ\u00e9ennes, Laurence Boone, pr\u00e9sidera le panel.    <\/p>\n\n<p>Au cours de cette session, anim\u00e9e par Christophe Deloire, pr\u00e9sident du Forum et secr\u00e9taire g\u00e9n\u00e9ral de Reporters sans fronti\u00e8res (RSF), les participants exprimeront leur soutien \u00e0 la cr\u00e9ation de l&rsquo;Observatoire. Sur la base du rapport publi\u00e9 lors du deuxi\u00e8me Sommet pour l&rsquo;information et la d\u00e9mocratie en septembre 2022 en marge de l&rsquo;Assembl\u00e9e g\u00e9n\u00e9rale des Nations unies \u00e0 New York, le Forum sur l&rsquo;information et la d\u00e9mocratie pr\u00e9sentera les prochaines \u00e9tapes de la cr\u00e9ation de l&rsquo;Observatoire.   <\/p>\n\n<p>Dans le contexte de la prise de contr\u00f4le de Twitter par Elon Musk, les travaux du Forum sur l&rsquo;information et la d\u00e9mocratie permettent d&rsquo;\u00e9laborer des propositions concr\u00e8tes pour \u00e9viter l&rsquo;arbitraire des propri\u00e9taires de plateformes. Les propositions formul\u00e9es sur les <a href=\"https:\/\/informationdemocracy.org\/working-groups\/accountability-regimes\/\">r\u00e9gimes de responsabilit\u00e9 pour les r\u00e9seaux sociaux et leurs utilisateurs<\/a> devraient favoriser l&rsquo;adoption de droits et de devoirs pour les comptes de r\u00e9seaux sociaux. La r\u00e9daction de ces recommandations originales a \u00e9t\u00e9 copr\u00e9sid\u00e9e par Kjersti Loken Stavrum, pr\u00e9sidente du Tinius Trust (groupe Schibsted), et Damian Tambini, professeur associ\u00e9 \u00e0 la London School of Economics.    <\/p>\n\n<p>Du premier engagement des chefs d&rsquo;\u00c9tat et de gouvernement en 2018 sur la D\u00e9claration sur l&rsquo;information et la d\u00e9mocratie au lancement des travaux de l&rsquo;Observatoire en 2021, en passant par l&rsquo;inauguration du Forum sur l&rsquo;information et la d\u00e9mocratie en 2019 et la publication de son premier rapport en 2020, le Forum de Paris sur la paix a permis le d\u00e9veloppement du Partenariat pour l&rsquo;information et la d\u00e9mocratie, sign\u00e9 \u00e0 ce jour par 50 \u00c9tats.  <\/p>\n","protected":false},"excerpt":{"rendered":"<p>Lors de la 5\u00e8me \u00e9dition du Forum de Paris sur la Paix, une session pr\u00e9sid\u00e9e par la Secr\u00e9taire d&rsquo;Etat fran\u00e7aise \u00e0 l&rsquo;Europe, Laurence Boone, se mobilisera en faveur de l&rsquo;Observatoire International de l&rsquo;Information et de la D\u00e9mocratie, l&rsquo;\u00e9quivalent pour le chaos informationnel de ce qu&rsquo;est le GIEC pour le r\u00e9chauffement climatique. A l&rsquo;occasion du Forum [&hellip;]<\/p>\n","protected":false},"author":2,"featured_media":12918,"comment_status":"closed","ping_status":"closed","sticky":false,"template":"","format":"standard","meta":{"_acf_changed":false,"footnotes":""},"categories":[56,99],"tags":[],"contenu-mis-en-avant":[],"thematic":[],"workstream":[],"class_list":["post-12917","post","type-post","status-publish","format-standard","has-post-thumbnail","hentry","category-non-classe","category-sommets"],"acf":[],"yoast_head":"<!-- This site is optimized with the Yoast SEO plugin v27.4 - https:\/\/yoast.com\/product\/yoast-seo-wordpress\/ -->\n<title>Mobilisation pour l\u2019Observatoire sur l\u2019information et la d\u00e9mocratie au Forum de Paris sur la Paix - Forum Information &amp; Democracy<\/title>\n<meta name=\"robots\" content=\"index, follow, max-snippet:-1, max-image-preview:large, max-video-preview:-1\" \/>\n<link rel=\"canonical\" href=\"https:\/\/informationdemocracy.org\/fr\/2022\/11\/10\/mobilisation-pour-lobservatoire-sur-linformation-et-la-democratie-au-forum-de-paris-sur-la-paix\/\" \/>\n<meta property=\"og:locale\" content=\"fr_FR\" \/>\n<meta property=\"og:type\" content=\"article\" \/>\n<meta property=\"og:title\" content=\"Mobilisation pour l\u2019Observatoire sur l\u2019information et la d\u00e9mocratie au Forum de Paris sur la Paix - Forum Information &amp; Democracy\" \/>\n<meta property=\"og:description\" content=\"Lors de la 5\u00e8me \u00e9dition du Forum de Paris sur la Paix, une session pr\u00e9sid\u00e9e par la Secr\u00e9taire d&rsquo;Etat fran\u00e7aise \u00e0 l&rsquo;Europe, Laurence Boone, se mobilisera en faveur de l&rsquo;Observatoire International de l&rsquo;Information et de la D\u00e9mocratie, l&rsquo;\u00e9quivalent pour le chaos informationnel de ce qu&rsquo;est le GIEC pour le r\u00e9chauffement climatique. A l&rsquo;occasion du Forum [&hellip;]\" \/>\n<meta property=\"og:url\" content=\"https:\/\/informationdemocracy.org\/fr\/2022\/11\/10\/mobilisation-pour-lobservatoire-sur-linformation-et-la-democratie-au-forum-de-paris-sur-la-paix\/\" \/>\n<meta property=\"og:site_name\" content=\"Forum Information &amp; Democracy\" \/>\n<meta property=\"article:published_time\" content=\"2022-11-10T07:00:00+00:00\" \/>\n<meta property=\"article:modified_time\" content=\"2025-10-31T14:53:00+00:00\" \/>\n<meta property=\"og:image\" content=\"https:\/\/informationdemocracy.org\/wp-content\/uploads\/2021\/11\/PPF-logo-1024x538.png\" \/>\n<meta name=\"author\" content=\"informationdemocracywebsite\" \/>\n<meta name=\"twitter:card\" content=\"summary_large_image\" \/>\n<meta name=\"twitter:image\" content=\"https:\/\/informationdemocracy.org\/wp-content\/uploads\/2021\/11\/PPF-logo-1024x538.png\" \/>\n<meta name=\"twitter:label1\" content=\"\u00c9crit par\" \/>\n\t<meta name=\"twitter:data1\" content=\"informationdemocracywebsite\" \/>\n\t<meta name=\"twitter:label2\" content=\"Dur\u00e9e de lecture estim\u00e9e\" \/>\n\t<meta name=\"twitter:data2\" content=\"2 minutes\" \/>\n<script type=\"application\/ld+json\" class=\"yoast-schema-graph\">{\"@context\":\"https:\\\/\\\/schema.org\",\"@graph\":[{\"@type\":\"Article\",\"@id\":\"https:\\\/\\\/informationdemocracy.org\\\/fr\\\/2022\\\/11\\\/10\\\/mobilisation-pour-lobservatoire-sur-linformation-et-la-democratie-au-forum-de-paris-sur-la-paix\\\/#article\",\"isPartOf\":{\"@id\":\"https:\\\/\\\/informationdemocracy.org\\\/fr\\\/2022\\\/11\\\/10\\\/mobilisation-pour-lobservatoire-sur-linformation-et-la-democratie-au-forum-de-paris-sur-la-paix\\\/\"},\"author\":{\"name\":\"informationdemocracywebsite\",\"@id\":\"https:\\\/\\\/informationdemocracy.org\\\/fr\\\/#\\\/schema\\\/person\\\/48ea335c80804b99e13cfa6bf4c2f7dd\"},\"headline\":\"Mobilisation pour l\u2019Observatoire sur l\u2019information et la d\u00e9mocratie au Forum de Paris sur la Paix\",\"datePublished\":\"2022-11-10T07:00:00+00:00\",\"dateModified\":\"2025-10-31T14:53:00+00:00\",\"mainEntityOfPage\":{\"@id\":\"https:\\\/\\\/informationdemocracy.org\\\/fr\\\/2022\\\/11\\\/10\\\/mobilisation-pour-lobservatoire-sur-linformation-et-la-democratie-au-forum-de-paris-sur-la-paix\\\/\"},\"wordCount\":456,\"publisher\":{\"@id\":\"https:\\\/\\\/informationdemocracy.org\\\/fr\\\/#organization\"},\"image\":{\"@id\":\"https:\\\/\\\/informationdemocracy.org\\\/fr\\\/2022\\\/11\\\/10\\\/mobilisation-pour-lobservatoire-sur-linformation-et-la-democratie-au-forum-de-paris-sur-la-paix\\\/#primaryimage\"},\"thumbnailUrl\":\"https:\\\/\\\/informationdemocracy.org\\\/wp-content\\\/uploads\\\/2021\\\/11\\\/PPF-logo.png.webp\",\"articleSection\":{\"1\":\"Sommets\"},\"inLanguage\":\"fr-FR\"},{\"@type\":\"WebPage\",\"@id\":\"https:\\\/\\\/informationdemocracy.org\\\/fr\\\/2022\\\/11\\\/10\\\/mobilisation-pour-lobservatoire-sur-linformation-et-la-democratie-au-forum-de-paris-sur-la-paix\\\/\",\"url\":\"https:\\\/\\\/informationdemocracy.org\\\/fr\\\/2022\\\/11\\\/10\\\/mobilisation-pour-lobservatoire-sur-linformation-et-la-democratie-au-forum-de-paris-sur-la-paix\\\/\",\"name\":\"Mobilisation pour l\u2019Observatoire sur l\u2019information et la d\u00e9mocratie au Forum de Paris sur la Paix - Forum Information &amp; Democracy\",\"isPartOf\":{\"@id\":\"https:\\\/\\\/informationdemocracy.org\\\/fr\\\/#website\"},\"primaryImageOfPage\":{\"@id\":\"https:\\\/\\\/informationdemocracy.org\\\/fr\\\/2022\\\/11\\\/10\\\/mobilisation-pour-lobservatoire-sur-linformation-et-la-democratie-au-forum-de-paris-sur-la-paix\\\/#primaryimage\"},\"image\":{\"@id\":\"https:\\\/\\\/informationdemocracy.org\\\/fr\\\/2022\\\/11\\\/10\\\/mobilisation-pour-lobservatoire-sur-linformation-et-la-democratie-au-forum-de-paris-sur-la-paix\\\/#primaryimage\"},\"thumbnailUrl\":\"https:\\\/\\\/informationdemocracy.org\\\/wp-content\\\/uploads\\\/2021\\\/11\\\/PPF-logo.png.webp\",\"datePublished\":\"2022-11-10T07:00:00+00:00\",\"dateModified\":\"2025-10-31T14:53:00+00:00\",\"breadcrumb\":{\"@id\":\"https:\\\/\\\/informationdemocracy.org\\\/fr\\\/2022\\\/11\\\/10\\\/mobilisation-pour-lobservatoire-sur-linformation-et-la-democratie-au-forum-de-paris-sur-la-paix\\\/#breadcrumb\"},\"inLanguage\":\"fr-FR\",\"potentialAction\":[{\"@type\":\"ReadAction\",\"target\":[\"https:\\\/\\\/informationdemocracy.org\\\/fr\\\/2022\\\/11\\\/10\\\/mobilisation-pour-lobservatoire-sur-linformation-et-la-democratie-au-forum-de-paris-sur-la-paix\\\/\"]}]},{\"@type\":\"ImageObject\",\"inLanguage\":\"fr-FR\",\"@id\":\"https:\\\/\\\/informationdemocracy.org\\\/fr\\\/2022\\\/11\\\/10\\\/mobilisation-pour-lobservatoire-sur-linformation-et-la-democratie-au-forum-de-paris-sur-la-paix\\\/#primaryimage\",\"url\":\"https:\\\/\\\/informationdemocracy.org\\\/wp-content\\\/uploads\\\/2021\\\/11\\\/PPF-logo.png.webp\",\"contentUrl\":\"https:\\\/\\\/informationdemocracy.org\\\/wp-content\\\/uploads\\\/2021\\\/11\\\/PPF-logo.png.webp\",\"width\":1080,\"height\":630},{\"@type\":\"BreadcrumbList\",\"@id\":\"https:\\\/\\\/informationdemocracy.org\\\/fr\\\/2022\\\/11\\\/10\\\/mobilisation-pour-lobservatoire-sur-linformation-et-la-democratie-au-forum-de-paris-sur-la-paix\\\/#breadcrumb\",\"itemListElement\":[{\"@type\":\"ListItem\",\"position\":1,\"name\":\"Accueil\",\"item\":\"https:\\\/\\\/informationdemocracy.org\\\/fr\\\/\"},{\"@type\":\"ListItem\",\"position\":2,\"name\":\"Mobilisation pour l\u2019Observatoire sur l\u2019information et la d\u00e9mocratie au Forum de Paris sur la Paix\"}]},{\"@type\":\"WebSite\",\"@id\":\"https:\\\/\\\/informationdemocracy.org\\\/fr\\\/#website\",\"url\":\"https:\\\/\\\/informationdemocracy.org\\\/fr\\\/\",\"name\":\"Forum on Information & Democracy\",\"description\":\"\",\"publisher\":{\"@id\":\"https:\\\/\\\/informationdemocracy.org\\\/fr\\\/#organization\"},\"potentialAction\":[{\"@type\":\"SearchAction\",\"target\":{\"@type\":\"EntryPoint\",\"urlTemplate\":\"https:\\\/\\\/informationdemocracy.org\\\/fr\\\/?s={search_term_string}\"},\"query-input\":{\"@type\":\"PropertyValueSpecification\",\"valueRequired\":true,\"valueName\":\"search_term_string\"}}],\"inLanguage\":\"fr-FR\"},{\"@type\":\"Organization\",\"@id\":\"https:\\\/\\\/informationdemocracy.org\\\/fr\\\/#organization\",\"name\":\"Forum on Information & Democracy\",\"url\":\"https:\\\/\\\/informationdemocracy.org\\\/fr\\\/\",\"logo\":{\"@type\":\"ImageObject\",\"inLanguage\":\"fr-FR\",\"@id\":\"https:\\\/\\\/informationdemocracy.org\\\/fr\\\/#\\\/schema\\\/logo\\\/image\\\/\",\"url\":\"https:\\\/\\\/informationdemocracy.org\\\/wp-content\\\/uploads\\\/2025\\\/09\\\/Logo.svg\",\"contentUrl\":\"https:\\\/\\\/informationdemocracy.org\\\/wp-content\\\/uploads\\\/2025\\\/09\\\/Logo.svg\",\"width\":168,\"height\":51,\"caption\":\"Forum on Information & Democracy\"},\"image\":{\"@id\":\"https:\\\/\\\/informationdemocracy.org\\\/fr\\\/#\\\/schema\\\/logo\\\/image\\\/\"},\"sameAs\":[\"https:\\\/\\\/www.linkedin.com\\\/company\\\/forum-information-democracy\",\"https:\\\/\\\/www.youtube.com\\\/playlist?list=PL-yF0NqTYQU2B3I97oh3Dv2Dfevd8ThM_\",\"https:\\\/\\\/www.instagram.com\\\/foruminformationdemocracy\\\/\"]},{\"@type\":\"Person\",\"@id\":\"https:\\\/\\\/informationdemocracy.org\\\/fr\\\/#\\\/schema\\\/person\\\/48ea335c80804b99e13cfa6bf4c2f7dd\",\"name\":\"informationdemocracywebsite\",\"image\":{\"@type\":\"ImageObject\",\"inLanguage\":\"fr-FR\",\"@id\":\"https:\\\/\\\/secure.gravatar.com\\\/avatar\\\/33c6a406643df806a5494363b5db420a409e4a8dc49952dd63ae5da7fb946c0c?s=96&d=mm&r=g\",\"url\":\"https:\\\/\\\/secure.gravatar.com\\\/avatar\\\/33c6a406643df806a5494363b5db420a409e4a8dc49952dd63ae5da7fb946c0c?s=96&d=mm&r=g\",\"contentUrl\":\"https:\\\/\\\/secure.gravatar.com\\\/avatar\\\/33c6a406643df806a5494363b5db420a409e4a8dc49952dd63ae5da7fb946c0c?s=96&d=mm&r=g\",\"caption\":\"informationdemocracywebsite\"},\"url\":\"https:\\\/\\\/informationdemocracy.org\\\/fr\\\/author\\\/informationdemocracywebsite\\\/\"}]}<\/script>\n<!-- \/ Yoast SEO plugin. -->","yoast_head_json":{"title":"Mobilisation pour l\u2019Observatoire sur l\u2019information et la d\u00e9mocratie au Forum de Paris sur la Paix - Forum Information &amp; Democracy","robots":{"index":"index","follow":"follow","max-snippet":"max-snippet:-1","max-image-preview":"max-image-preview:large","max-video-preview":"max-video-preview:-1"},"canonical":"https:\/\/informationdemocracy.org\/fr\/2022\/11\/10\/mobilisation-pour-lobservatoire-sur-linformation-et-la-democratie-au-forum-de-paris-sur-la-paix\/","og_locale":"fr_FR","og_type":"article","og_title":"Mobilisation pour l\u2019Observatoire sur l\u2019information et la d\u00e9mocratie au Forum de Paris sur la Paix - Forum Information &amp; Democracy","og_description":"Lors de la 5\u00e8me \u00e9dition du Forum de Paris sur la Paix, une session pr\u00e9sid\u00e9e par la Secr\u00e9taire d&rsquo;Etat fran\u00e7aise \u00e0 l&rsquo;Europe, Laurence Boone, se mobilisera en faveur de l&rsquo;Observatoire International de l&rsquo;Information et de la D\u00e9mocratie, l&rsquo;\u00e9quivalent pour le chaos informationnel de ce qu&rsquo;est le GIEC pour le r\u00e9chauffement climatique. A l&rsquo;occasion du Forum [&hellip;]","og_url":"https:\/\/informationdemocracy.org\/fr\/2022\/11\/10\/mobilisation-pour-lobservatoire-sur-linformation-et-la-democratie-au-forum-de-paris-sur-la-paix\/","og_site_name":"Forum Information &amp; Democracy","article_published_time":"2022-11-10T07:00:00+00:00","article_modified_time":"2025-10-31T14:53:00+00:00","og_image":[{"url":"https:\/\/informationdemocracy.org\/wp-content\/uploads\/2021\/11\/PPF-logo-1024x538.png","type":"","width":"","height":""}],"author":"informationdemocracywebsite","twitter_card":"summary_large_image","twitter_image":"https:\/\/informationdemocracy.org\/wp-content\/uploads\/2021\/11\/PPF-logo-1024x538.png","twitter_misc":{"\u00c9crit par":"informationdemocracywebsite","Dur\u00e9e de lecture estim\u00e9e":"2 minutes"},"schema":{"@context":"https:\/\/schema.org","@graph":[{"@type":"Article","@id":"https:\/\/informationdemocracy.org\/fr\/2022\/11\/10\/mobilisation-pour-lobservatoire-sur-linformation-et-la-democratie-au-forum-de-paris-sur-la-paix\/#article","isPartOf":{"@id":"https:\/\/informationdemocracy.org\/fr\/2022\/11\/10\/mobilisation-pour-lobservatoire-sur-linformation-et-la-democratie-au-forum-de-paris-sur-la-paix\/"},"author":{"name":"informationdemocracywebsite","@id":"https:\/\/informationdemocracy.org\/fr\/#\/schema\/person\/48ea335c80804b99e13cfa6bf4c2f7dd"},"headline":"Mobilisation pour l\u2019Observatoire sur l\u2019information et la d\u00e9mocratie au Forum de Paris sur la Paix","datePublished":"2022-11-10T07:00:00+00:00","dateModified":"2025-10-31T14:53:00+00:00","mainEntityOfPage":{"@id":"https:\/\/informationdemocracy.org\/fr\/2022\/11\/10\/mobilisation-pour-lobservatoire-sur-linformation-et-la-democratie-au-forum-de-paris-sur-la-paix\/"},"wordCount":456,"publisher":{"@id":"https:\/\/informationdemocracy.org\/fr\/#organization"},"image":{"@id":"https:\/\/informationdemocracy.org\/fr\/2022\/11\/10\/mobilisation-pour-lobservatoire-sur-linformation-et-la-democratie-au-forum-de-paris-sur-la-paix\/#primaryimage"},"thumbnailUrl":"https:\/\/informationdemocracy.org\/wp-content\/uploads\/2021\/11\/PPF-logo.png.webp","articleSection":{"1":"Sommets"},"inLanguage":"fr-FR"},{"@type":"WebPage","@id":"https:\/\/informationdemocracy.org\/fr\/2022\/11\/10\/mobilisation-pour-lobservatoire-sur-linformation-et-la-democratie-au-forum-de-paris-sur-la-paix\/","url":"https:\/\/informationdemocracy.org\/fr\/2022\/11\/10\/mobilisation-pour-lobservatoire-sur-linformation-et-la-democratie-au-forum-de-paris-sur-la-paix\/","name":"Mobilisation pour l\u2019Observatoire sur l\u2019information et la d\u00e9mocratie au Forum de Paris sur la Paix - Forum Information &amp; Democracy","isPartOf":{"@id":"https:\/\/informationdemocracy.org\/fr\/#website"},"primaryImageOfPage":{"@id":"https:\/\/informationdemocracy.org\/fr\/2022\/11\/10\/mobilisation-pour-lobservatoire-sur-linformation-et-la-democratie-au-forum-de-paris-sur-la-paix\/#primaryimage"},"image":{"@id":"https:\/\/informationdemocracy.org\/fr\/2022\/11\/10\/mobilisation-pour-lobservatoire-sur-linformation-et-la-democratie-au-forum-de-paris-sur-la-paix\/#primaryimage"},"thumbnailUrl":"https:\/\/informationdemocracy.org\/wp-content\/uploads\/2021\/11\/PPF-logo.png.webp","datePublished":"2022-11-10T07:00:00+00:00","dateModified":"2025-10-31T14:53:00+00:00","breadcrumb":{"@id":"https:\/\/informationdemocracy.org\/fr\/2022\/11\/10\/mobilisation-pour-lobservatoire-sur-linformation-et-la-democratie-au-forum-de-paris-sur-la-paix\/#breadcrumb"},"inLanguage":"fr-FR","potentialAction":[{"@type":"ReadAction","target":["https:\/\/informationdemocracy.org\/fr\/2022\/11\/10\/mobilisation-pour-lobservatoire-sur-linformation-et-la-democratie-au-forum-de-paris-sur-la-paix\/"]}]},{"@type":"ImageObject","inLanguage":"fr-FR","@id":"https:\/\/informationdemocracy.org\/fr\/2022\/11\/10\/mobilisation-pour-lobservatoire-sur-linformation-et-la-democratie-au-forum-de-paris-sur-la-paix\/#primaryimage","url":"https:\/\/informationdemocracy.org\/wp-content\/uploads\/2021\/11\/PPF-logo.png.webp","contentUrl":"https:\/\/informationdemocracy.org\/wp-content\/uploads\/2021\/11\/PPF-logo.png.webp","width":1080,"height":630},{"@type":"BreadcrumbList","@id":"https:\/\/informationdemocracy.org\/fr\/2022\/11\/10\/mobilisation-pour-lobservatoire-sur-linformation-et-la-democratie-au-forum-de-paris-sur-la-paix\/#breadcrumb","itemListElement":[{"@type":"ListItem","position":1,"name":"Accueil","item":"https:\/\/informationdemocracy.org\/fr\/"},{"@type":"ListItem","position":2,"name":"Mobilisation pour l\u2019Observatoire sur l\u2019information et la d\u00e9mocratie au Forum de Paris sur la Paix"}]},{"@type":"WebSite","@id":"https:\/\/informationdemocracy.org\/fr\/#website","url":"https:\/\/informationdemocracy.org\/fr\/","name":"Forum on Information & Democracy","description":"","publisher":{"@id":"https:\/\/informationdemocracy.org\/fr\/#organization"},"potentialAction":[{"@type":"SearchAction","target":{"@type":"EntryPoint","urlTemplate":"https:\/\/informationdemocracy.org\/fr\/?s={search_term_string}"},"query-input":{"@type":"PropertyValueSpecification","valueRequired":true,"valueName":"search_term_string"}}],"inLanguage":"fr-FR"},{"@type":"Organization","@id":"https:\/\/informationdemocracy.org\/fr\/#organization","name":"Forum on Information & Democracy","url":"https:\/\/informationdemocracy.org\/fr\/","logo":{"@type":"ImageObject","inLanguage":"fr-FR","@id":"https:\/\/informationdemocracy.org\/fr\/#\/schema\/logo\/image\/","url":"https:\/\/informationdemocracy.org\/wp-content\/uploads\/2025\/09\/Logo.svg","contentUrl":"https:\/\/informationdemocracy.org\/wp-content\/uploads\/2025\/09\/Logo.svg","width":168,"height":51,"caption":"Forum on Information & Democracy"},"image":{"@id":"https:\/\/informationdemocracy.org\/fr\/#\/schema\/logo\/image\/"},"sameAs":["https:\/\/www.linkedin.com\/company\/forum-information-democracy","https:\/\/www.youtube.com\/playlist?list=PL-yF0NqTYQU2B3I97oh3Dv2Dfevd8ThM_","https:\/\/www.instagram.com\/foruminformationdemocracy\/"]},{"@type":"Person","@id":"https:\/\/informationdemocracy.org\/fr\/#\/schema\/person\/48ea335c80804b99e13cfa6bf4c2f7dd","name":"informationdemocracywebsite","image":{"@type":"ImageObject","inLanguage":"fr-FR","@id":"https:\/\/secure.gravatar.com\/avatar\/33c6a406643df806a5494363b5db420a409e4a8dc49952dd63ae5da7fb946c0c?s=96&d=mm&r=g","url":"https:\/\/secure.gravatar.com\/avatar\/33c6a406643df806a5494363b5db420a409e4a8dc49952dd63ae5da7fb946c0c?s=96&d=mm&r=g","contentUrl":"https:\/\/secure.gravatar.com\/avatar\/33c6a406643df806a5494363b5db420a409e4a8dc49952dd63ae5da7fb946c0c?s=96&d=mm&r=g","caption":"informationdemocracywebsite"},"url":"https:\/\/informationdemocracy.org\/fr\/author\/informationdemocracywebsite\/"}]}},"_links":{"self":[{"href":"https:\/\/informationdemocracy.org\/fr\/wp-json\/wp\/v2\/posts\/12917","targetHints":{"allow":["GET"]}}],"collection":[{"href":"https:\/\/informationdemocracy.org\/fr\/wp-json\/wp\/v2\/posts"}],"about":[{"href":"https:\/\/informationdemocracy.org\/fr\/wp-json\/wp\/v2\/types\/post"}],"author":[{"embeddable":true,"href":"https:\/\/informationdemocracy.org\/fr\/wp-json\/wp\/v2\/users\/2"}],"replies":[{"embeddable":true,"href":"https:\/\/informationdemocracy.org\/fr\/wp-json\/wp\/v2\/comments?post=12917"}],"version-history":[{"count":1,"href":"https:\/\/informationdemocracy.org\/fr\/wp-json\/wp\/v2\/posts\/12917\/revisions"}],"predecessor-version":[{"id":13790,"href":"https:\/\/informationdemocracy.org\/fr\/wp-json\/wp\/v2\/posts\/12917\/revisions\/13790"}],"wp:featuredmedia":[{"embeddable":true,"href":"https:\/\/informationdemocracy.org\/fr\/wp-json\/wp\/v2\/media\/12918"}],"wp:attachment":[{"href":"https:\/\/informationdemocracy.org\/fr\/wp-json\/wp\/v2\/media?parent=12917"}],"wp:term":[{"taxonomy":"category","embeddable":true,"href":"https:\/\/informationdemocracy.org\/fr\/wp-json\/wp\/v2\/categories?post=12917"},{"taxonomy":"post_tag","embeddable":true,"href":"https:\/\/informationdemocracy.org\/fr\/wp-json\/wp\/v2\/tags?post=12917"},{"taxonomy":"contenu-mis-en-avant","embeddable":true,"href":"https:\/\/informationdemocracy.org\/fr\/wp-json\/wp\/v2\/contenu-mis-en-avant?post=12917"},{"taxonomy":"thematic","embeddable":true,"href":"https:\/\/informationdemocracy.org\/fr\/wp-json\/wp\/v2\/thematic?post=12917"},{"taxonomy":"workstream","embeddable":true,"href":"https:\/\/informationdemocracy.org\/fr\/wp-json\/wp\/v2\/workstream?post=12917"}],"curies":[{"name":"wp","href":"https:\/\/api.w.org\/{rel}","templated":true}]}}