{"id":12922,"date":"2022-09-23T04:28:36","date_gmt":"2022-09-23T02:28:36","guid":{"rendered":"https:\/\/informationdemocracy.org\/2022\/09\/23\/de-multiples-avancees-lors-du-2eme-sommet-pour-linformation-et-la-democratie\/"},"modified":"2025-10-31T15:55:24","modified_gmt":"2025-10-31T14:55:24","slug":"de-multiples-avancees-lors-du-2eme-sommet-pour-linformation-et-la-democratie","status":"publish","type":"post","link":"https:\/\/informationdemocracy.org\/fr\/2022\/09\/23\/de-multiples-avancees-lors-du-2eme-sommet-pour-linformation-et-la-democratie\/","title":{"rendered":"De multiples avanc\u00e9es lors du 2\u00e8me Sommet pour l\u2019information et la d\u00e9mocratie"},"content":{"rendered":"\n<p><strong>A l&rsquo;ordre du jour du Sommet pour l&rsquo;information et la d\u00e9mocratie, qui s&rsquo;est tenu \u00e0 New York le 22 septembre : nouveaux membres pour le Partenariat pour l&rsquo;information et la d\u00e9mocratie, d\u00e9lib\u00e9ration sur les recommandations du Forum, pr\u00e9sentation de l&rsquo;Observatoire sur l&rsquo;information et la d\u00e9mocratie, engagement des Etats en faveur de l&rsquo;Initiative pour la confiance dans le journalisme (JTI), etc.  <\/strong><\/p>\n\n<p>Pour la deuxi\u00e8me fois, le Sommet pour l&rsquo;information et la d\u00e9mocratie s&rsquo;est tenu \u00e0 New York en marge de l&rsquo;Assembl\u00e9e g\u00e9n\u00e9rale des Nations unies. Le 22 septembre, dix-sept ministres des affaires \u00e9trang\u00e8res et repr\u00e9sentants des pays membres se sont r\u00e9unis pour faire avancer le partenariat pour l&rsquo;information et la d\u00e9mocratie, un processus multilat\u00e9ral qui rassemble une coalition d&rsquo;\u00c9tats pour construire un espace num\u00e9rique d\u00e9mocratique, avec un accent particulier sur le droit \u00e0 l&rsquo;information.   <\/p>\n\n<p>Le sommet \u00e9tait copr\u00e9sid\u00e9 par la ministre fran\u00e7aise des affaires \u00e9trang\u00e8res, Catherine Colonna, et le pr\u00e9sident du Forum sur l&rsquo;information et la d\u00e9mocratie, Christophe Deloire, en pr\u00e9sence de Volker Turk, sous-secr\u00e9taire g\u00e9n\u00e9ral aux politiques des Nations unies.  <\/p>\n\n<p><strong>De nouveaux \u00c9tats annoncent leur adh\u00e9sion au partenariat<\/strong><\/p>\n\n<p>Les \u00c9tats-Unis et l&rsquo;Uruguay ont annonc\u00e9 qu&rsquo;ils rejoignaient le Partenariat pour l&rsquo;information et la d\u00e9mocratie lors du sommet, ce qui porte \u00e0 47 le nombre d&rsquo;\u00c9tats signataires.  <\/p>\n\n<ul class=\"wp-block-list\">\n<li>La liste des signataires comprend l&rsquo;Afrique du Sud, la Cor\u00e9e du Sud, le Canada, le Costa Rica, l&rsquo;Inde, le S\u00e9n\u00e9gal, l&rsquo;Allemagne et la France.<\/li>\n<\/ul>\n\n<ul class=\"wp-block-list\">\n<li>Elizabeth Allen, sous-secr\u00e9taire d&rsquo;\u00c9tat am\u00e9ricaine \u00e0 la diplomatie publique, repr\u00e9sentant Antony Blinken, a assur\u00e9 que les \u00c9tats-Unis \u00ab\u00a0sont tr\u00e8s honor\u00e9s de l&rsquo;occasion qui leur est donn\u00e9e de rejoindre ce partenariat et d&rsquo;explorer de nouvelles possibilit\u00e9s de collaboration. C&rsquo;est gr\u00e2ce \u00e0 des plateformes telles que le partenariat que nous nous r\u00e9unissons, innovons, construisons un consensus et travaillons \u00e0 la cr\u00e9ation d&rsquo;un \u00e9cosyst\u00e8me de l&rsquo;information et de la communication plus d\u00e9mocratique\u00a0\u00bb.<\/li>\n\n\n\n<li>A propos de l&rsquo;adh\u00e9sion des Etats-Unis, Christophe Deloire a d\u00e9clar\u00e9 : \u00ab\u00a0L&rsquo;adh\u00e9sion des \u00c9tats-Unis au Partenariat sur l&rsquo;information et la d\u00e9mocratie est une avanc\u00e9e significative qui renforcera cet effort multilat\u00e9ral, et il est crucial que les \u00c9tats-Unis continuent d&rsquo;apporter une contribution majeure \u00e0 l&rsquo;\u00e9tablissement de principes d\u00e9mocratiques pour la sph\u00e8re publique\u00a0\u00bb.<\/li>\n<\/ul>\n\n<p class=\"has-text-align-center\"><a href=\"https:\/\/informationdemocracy.org\/international-partnership-on-information-democracy\/\">Lire le partenariat<\/a><\/p>\n\n<p><strong>Cr\u00e9ation de l&rsquo;Observatoire sur l&rsquo;information et la d\u00e9mocratie<\/strong><\/p>\n\n<p>Comme annonc\u00e9 lors du premier sommet, le Forum sur l&rsquo;information et la d\u00e9mocratie, un organe de mise en \u0153uvre dirig\u00e9 par la soci\u00e9t\u00e9 civile, a publi\u00e9 des plans pour la cr\u00e9ation de l&rsquo;Observatoire sur l&rsquo;information et la d\u00e9mocratie, qui produira des \u00e9valuations p\u00e9riodiques de la structure de l&rsquo;espace de l&rsquo;information et de la communication et de son impact sur la d\u00e9mocratie.<\/p>\n\n<ul class=\"wp-block-list\">\n<li>Le comit\u00e9 de pilotage du groupe de pr\u00e9figuration \u00e9tait copr\u00e9sid\u00e9 par Shoshana Zuboff, auteur de <em>L&rsquo;\u00e2ge du capitalisme de surveillance<\/em>, et Angel Gurria, ancien secr\u00e9taire g\u00e9n\u00e9ral de l&rsquo;OCDE. Il compte parmi ses membres la laur\u00e9ate du prix Nobel de la paix Maria Ressa.   <\/li>\n\n\n\n<li>L&rsquo;Observatoire produira des m\u00e9ta-\u00e9tudes sur l&rsquo;espace d&rsquo;information, il sera une interface entre le monde de la recherche et les d\u00e9cideurs politiques, et pourrait \u00e0 terme devenir une agence de notation pour les plateformes num\u00e9riques.  <\/li>\n\n\n\n<li>Un comit\u00e9 de pilotage de haut niveau et un groupe consultatif seront constitu\u00e9s, r\u00e9unissant les gouvernements, les r\u00e9gulateurs, les chercheurs, la soci\u00e9t\u00e9 civile et les acteurs priv\u00e9s.<\/li>\n\n\n\n<li>La gouvernance sera pr\u00e9sent\u00e9e lors de la prochaine \u00e9dition du Forum de Paris sur la paix en novembre.  <\/li>\n\n\n\n<li>Le premier cycle de travail devrait permettre la publication d&rsquo;un premier rapport d&rsquo;\u00e9valuation d&rsquo;ici la fin de l&rsquo;ann\u00e9e 2024.  <\/li>\n<\/ul>\n\n<p class=\"has-text-align-center\"><a href=\"https:\/\/informationdemocracy.org\/wp-content\/uploads\/2022\/09\/ID_Report-Observatory_Sept22.pdf\" target=\"_blank\" rel=\"noreferrer noopener\">Lisez l&rsquo;\u00e9tude de faisabilit\u00e9 de l&rsquo;Observatoire<\/a><\/p>\n\n<p><strong>Lors du sommet, le Forum a publi\u00e9 ses recommandations sur les r\u00e9gimes de responsabilit\u00e9 pour les comptes de r\u00e9seaux sociaux et leurs utilisateurs.  <\/strong><\/p>\n\n<ul class=\"wp-block-list\">\n<li>Copr\u00e9sid\u00e9 par Damian Tambini, professeur \u00e9m\u00e9rite \u00e0 la London School of Economics, et Kjersti Loken Stavrum, PDG du Tinius Trust, le rapport appelle \u00e0 l&rsquo;\u00e9tablissement de droits et de devoirs pour les utilisateurs.<\/li>\n\n\n\n<li>Le rapport se concentre sur l&rsquo;\u00e9tablissement de r\u00e8gles pour les r\u00e9seaux sociaux, un r\u00e9gime g\u00e9n\u00e9rique pour les titulaires de comptes et des r\u00e9gimes sp\u00e9cifiques pour, entre autres, les journalistes et les influenceurs.  <\/li>\n\n\n\n<li>Le rapport pr\u00e9voit une \u00e9chelle de sanctions pour les utilisateurs en fonction d&rsquo;un comportement sp\u00e9cifique.<\/li>\n\n\n\n<li>Enfin, il recommande la cr\u00e9ation d&rsquo;une architecture au niveau national et international pour la mise en \u0153uvre de ces r\u00e9gimes de responsabilit\u00e9.  <\/li>\n<\/ul>\n\n<p class=\"has-text-align-center\"><a href=\"https:\/\/informationdemocracy.org\/wp-content\/uploads\/2022\/09\/ID_Report-on-Accountability-regime_Sept22.pdf\" target=\"_blank\" rel=\"noreferrer noopener\">Lire le rapport  <\/a><\/p>\n\n<p><strong>Pluralisme dans les algorithmes d&rsquo;indexation et de curation<\/strong><\/p>\n\n<p>Le Forum a annonc\u00e9 le lancement de son nouveau groupe de travail consacr\u00e9 au pluralisme de l&rsquo;information dans les algorithmes d&rsquo;indexation et de curation, qui devrait rendre ses conclusions d&rsquo;ici la fin de l&rsquo;ann\u00e9e 2022.  <\/p>\n\n<ul class=\"wp-block-list\">\n<li>Le groupe sera pr\u00e9sid\u00e9 par Pier Luigi Parcu, directeur du Centre europ\u00e9en pour le pluralisme et la libert\u00e9 des m\u00e9dias \u00e0 l&rsquo;universit\u00e9 de Florence (Italie).  <\/li>\n\n\n\n<li>Il \u00e9laborera des recommandations visant \u00e0 renforcer la r\u00e9glementation actuelle et future en mati\u00e8re de protection des donn\u00e9es personnelles et de la vie priv\u00e9e dans le contexte des algorithmes de curation et d&rsquo;indexation, ainsi que des recommandations visant \u00e0 am\u00e9liorer le pluralisme des nouvelles et de l&rsquo;information et \u00e0 permettre le choix des utilisateurs.<\/li>\n<\/ul>\n\n<p class=\"has-text-align-center\"><a href=\"https:\/\/informationdemocracy.org\/pluralism\/\">En savoir plus sur le groupe de travail<\/a><\/p>\n\n<p><strong>D\u00e9claration de soutien \u00e0 l&rsquo;initiative fiduciaire pour le journalisme (JTI)<\/strong><\/p>\n\n<ul class=\"wp-block-list\">\n<li>Onze \u00c9tats du Partenariat ont sign\u00e9 une <a href=\"https:\/\/informationdemocracy.org\/wp-content\/uploads\/2023\/02\/Pledge_JTI.pdf\" target=\"_blank\" rel=\"noreferrer noopener\">d\u00e9claration de<\/a> soutien \u00e0 l&rsquo;Initiative pour la Confiance dans le Journalisme, un m\u00e9canisme d&rsquo;autor\u00e9gulation visant \u00e0 promouvoir des m\u00e9dias \u00e9thiques et ind\u00e9pendants qui mettent en \u0153uvre une m\u00e9thodologie journalistique.  <\/li>\n\n\n\n<li>Ces \u00c9tats appellent toutes les parties prenantes \u00e0 soutenir l&rsquo;initiative fiduciaire pour le journalisme afin de promouvoir des m\u00e9dias libres, ind\u00e9pendants, pluralistes et financi\u00e8rement viables.<\/li>\n<\/ul>\n\n<p class=\"has-text-align-center\"><a href=\"https:\/\/www.journalismtrustinitiative.org\/\" target=\"_blank\" rel=\"noreferrer noopener\">Site web de l&rsquo;Initiative pour la confiance dans le journalisme (JTI)<\/a><\/p>\n","protected":false},"excerpt":{"rendered":"<p>A l&rsquo;ordre du jour du Sommet pour l&rsquo;information et la d\u00e9mocratie, qui s&rsquo;est tenu \u00e0 New York le 22 septembre : nouveaux membres pour le Partenariat pour l&rsquo;information et la d\u00e9mocratie, d\u00e9lib\u00e9ration sur les recommandations du Forum, pr\u00e9sentation de l&rsquo;Observatoire sur l&rsquo;information et la d\u00e9mocratie, engagement des Etats en faveur de l&rsquo;Initiative pour la confiance [&hellip;]<\/p>\n","protected":false},"author":2,"featured_media":12923,"comment_status":"closed","ping_status":"closed","sticky":false,"template":"","format":"standard","meta":{"_acf_changed":false,"footnotes":""},"categories":[56,99],"tags":[],"contenu-mis-en-avant":[],"thematic":[],"workstream":[],"class_list":["post-12922","post","type-post","status-publish","format-standard","has-post-thumbnail","hentry","category-non-classe","category-sommets"],"acf":[],"yoast_head":"<!-- This site is optimized with the Yoast SEO plugin v27.4 - https:\/\/yoast.com\/product\/yoast-seo-wordpress\/ -->\n<title>De multiples avanc\u00e9es lors du 2\u00e8me Sommet pour l\u2019information et la d\u00e9mocratie - Forum Information &amp; Democracy<\/title>\n<meta name=\"robots\" content=\"index, follow, max-snippet:-1, max-image-preview:large, max-video-preview:-1\" \/>\n<link rel=\"canonical\" href=\"https:\/\/informationdemocracy.org\/fr\/2022\/09\/23\/de-multiples-avancees-lors-du-2eme-sommet-pour-linformation-et-la-democratie\/\" \/>\n<meta property=\"og:locale\" content=\"fr_FR\" \/>\n<meta property=\"og:type\" content=\"article\" \/>\n<meta property=\"og:title\" content=\"De multiples avanc\u00e9es lors du 2\u00e8me Sommet pour l\u2019information et la d\u00e9mocratie - Forum Information &amp; Democracy\" \/>\n<meta property=\"og:description\" content=\"A l&rsquo;ordre du jour du Sommet pour l&rsquo;information et la d\u00e9mocratie, qui s&rsquo;est tenu \u00e0 New York le 22 septembre : nouveaux membres pour le Partenariat pour l&rsquo;information et la d\u00e9mocratie, d\u00e9lib\u00e9ration sur les recommandations du Forum, pr\u00e9sentation de l&rsquo;Observatoire sur l&rsquo;information et la d\u00e9mocratie, engagement des Etats en faveur de l&rsquo;Initiative pour la confiance [&hellip;]\" \/>\n<meta property=\"og:url\" content=\"https:\/\/informationdemocracy.org\/fr\/2022\/09\/23\/de-multiples-avancees-lors-du-2eme-sommet-pour-linformation-et-la-democratie\/\" \/>\n<meta property=\"og:site_name\" content=\"Forum Information &amp; Democracy\" \/>\n<meta property=\"article:published_time\" content=\"2022-09-23T02:28:36+00:00\" \/>\n<meta property=\"article:modified_time\" content=\"2025-10-31T14:55:24+00:00\" \/>\n<meta property=\"og:image\" content=\"https:\/\/informationdemocracy.org\/wp-content\/uploads\/2022\/09\/WhatsApp-Image-2022-09-22-at-20.15.31.jpeg.webp\" \/>\n\t<meta property=\"og:image:width\" content=\"1080\" \/>\n\t<meta property=\"og:image:height\" content=\"675\" \/>\n\t<meta property=\"og:image:type\" content=\"image\/webp\" \/>\n<meta name=\"author\" content=\"informationdemocracywebsite\" \/>\n<meta name=\"twitter:card\" content=\"summary_large_image\" \/>\n<meta name=\"twitter:image\" content=\"https:\/\/informationdemocracy.org\/wp-content\/uploads\/2022\/09\/WhatsApp-Image-2022-09-22-at-20.15.31-1024x684.jpeg\" \/>\n<meta name=\"twitter:label1\" content=\"\u00c9crit par\" \/>\n\t<meta name=\"twitter:data1\" content=\"informationdemocracywebsite\" \/>\n\t<meta name=\"twitter:label2\" content=\"Dur\u00e9e de lecture estim\u00e9e\" \/>\n\t<meta name=\"twitter:data2\" content=\"5 minutes\" \/>\n<script type=\"application\/ld+json\" class=\"yoast-schema-graph\">{\"@context\":\"https:\\\/\\\/schema.org\",\"@graph\":[{\"@type\":\"Article\",\"@id\":\"https:\\\/\\\/informationdemocracy.org\\\/fr\\\/2022\\\/09\\\/23\\\/de-multiples-avancees-lors-du-2eme-sommet-pour-linformation-et-la-democratie\\\/#article\",\"isPartOf\":{\"@id\":\"https:\\\/\\\/informationdemocracy.org\\\/fr\\\/2022\\\/09\\\/23\\\/de-multiples-avancees-lors-du-2eme-sommet-pour-linformation-et-la-democratie\\\/\"},\"author\":{\"name\":\"informationdemocracywebsite\",\"@id\":\"https:\\\/\\\/informationdemocracy.org\\\/fr\\\/#\\\/schema\\\/person\\\/48ea335c80804b99e13cfa6bf4c2f7dd\"},\"headline\":\"De multiples avanc\u00e9es lors du 2\u00e8me Sommet pour l\u2019information et la d\u00e9mocratie\",\"datePublished\":\"2022-09-23T02:28:36+00:00\",\"dateModified\":\"2025-10-31T14:55:24+00:00\",\"mainEntityOfPage\":{\"@id\":\"https:\\\/\\\/informationdemocracy.org\\\/fr\\\/2022\\\/09\\\/23\\\/de-multiples-avancees-lors-du-2eme-sommet-pour-linformation-et-la-democratie\\\/\"},\"wordCount\":1076,\"publisher\":{\"@id\":\"https:\\\/\\\/informationdemocracy.org\\\/fr\\\/#organization\"},\"image\":{\"@id\":\"https:\\\/\\\/informationdemocracy.org\\\/fr\\\/2022\\\/09\\\/23\\\/de-multiples-avancees-lors-du-2eme-sommet-pour-linformation-et-la-democratie\\\/#primaryimage\"},\"thumbnailUrl\":\"https:\\\/\\\/informationdemocracy.org\\\/wp-content\\\/uploads\\\/2022\\\/09\\\/WhatsApp-Image-2022-09-22-at-20.15.31.jpeg.webp\",\"articleSection\":{\"1\":\"Sommets\"},\"inLanguage\":\"fr-FR\"},{\"@type\":\"WebPage\",\"@id\":\"https:\\\/\\\/informationdemocracy.org\\\/fr\\\/2022\\\/09\\\/23\\\/de-multiples-avancees-lors-du-2eme-sommet-pour-linformation-et-la-democratie\\\/\",\"url\":\"https:\\\/\\\/informationdemocracy.org\\\/fr\\\/2022\\\/09\\\/23\\\/de-multiples-avancees-lors-du-2eme-sommet-pour-linformation-et-la-democratie\\\/\",\"name\":\"De multiples avanc\u00e9es lors du 2\u00e8me Sommet pour l\u2019information et la d\u00e9mocratie - Forum Information &amp; Democracy\",\"isPartOf\":{\"@id\":\"https:\\\/\\\/informationdemocracy.org\\\/fr\\\/#website\"},\"primaryImageOfPage\":{\"@id\":\"https:\\\/\\\/informationdemocracy.org\\\/fr\\\/2022\\\/09\\\/23\\\/de-multiples-avancees-lors-du-2eme-sommet-pour-linformation-et-la-democratie\\\/#primaryimage\"},\"image\":{\"@id\":\"https:\\\/\\\/informationdemocracy.org\\\/fr\\\/2022\\\/09\\\/23\\\/de-multiples-avancees-lors-du-2eme-sommet-pour-linformation-et-la-democratie\\\/#primaryimage\"},\"thumbnailUrl\":\"https:\\\/\\\/informationdemocracy.org\\\/wp-content\\\/uploads\\\/2022\\\/09\\\/WhatsApp-Image-2022-09-22-at-20.15.31.jpeg.webp\",\"datePublished\":\"2022-09-23T02:28:36+00:00\",\"dateModified\":\"2025-10-31T14:55:24+00:00\",\"breadcrumb\":{\"@id\":\"https:\\\/\\\/informationdemocracy.org\\\/fr\\\/2022\\\/09\\\/23\\\/de-multiples-avancees-lors-du-2eme-sommet-pour-linformation-et-la-democratie\\\/#breadcrumb\"},\"inLanguage\":\"fr-FR\",\"potentialAction\":[{\"@type\":\"ReadAction\",\"target\":[\"https:\\\/\\\/informationdemocracy.org\\\/fr\\\/2022\\\/09\\\/23\\\/de-multiples-avancees-lors-du-2eme-sommet-pour-linformation-et-la-democratie\\\/\"]}]},{\"@type\":\"ImageObject\",\"inLanguage\":\"fr-FR\",\"@id\":\"https:\\\/\\\/informationdemocracy.org\\\/fr\\\/2022\\\/09\\\/23\\\/de-multiples-avancees-lors-du-2eme-sommet-pour-linformation-et-la-democratie\\\/#primaryimage\",\"url\":\"https:\\\/\\\/informationdemocracy.org\\\/wp-content\\\/uploads\\\/2022\\\/09\\\/WhatsApp-Image-2022-09-22-at-20.15.31.jpeg.webp\",\"contentUrl\":\"https:\\\/\\\/informationdemocracy.org\\\/wp-content\\\/uploads\\\/2022\\\/09\\\/WhatsApp-Image-2022-09-22-at-20.15.31.jpeg.webp\",\"width\":1080,\"height\":675},{\"@type\":\"BreadcrumbList\",\"@id\":\"https:\\\/\\\/informationdemocracy.org\\\/fr\\\/2022\\\/09\\\/23\\\/de-multiples-avancees-lors-du-2eme-sommet-pour-linformation-et-la-democratie\\\/#breadcrumb\",\"itemListElement\":[{\"@type\":\"ListItem\",\"position\":1,\"name\":\"Accueil\",\"item\":\"https:\\\/\\\/informationdemocracy.org\\\/fr\\\/\"},{\"@type\":\"ListItem\",\"position\":2,\"name\":\"De multiples avanc\u00e9es lors du 2\u00e8me Sommet pour l\u2019information et la d\u00e9mocratie\"}]},{\"@type\":\"WebSite\",\"@id\":\"https:\\\/\\\/informationdemocracy.org\\\/fr\\\/#website\",\"url\":\"https:\\\/\\\/informationdemocracy.org\\\/fr\\\/\",\"name\":\"Forum on Information & Democracy\",\"description\":\"\",\"publisher\":{\"@id\":\"https:\\\/\\\/informationdemocracy.org\\\/fr\\\/#organization\"},\"potentialAction\":[{\"@type\":\"SearchAction\",\"target\":{\"@type\":\"EntryPoint\",\"urlTemplate\":\"https:\\\/\\\/informationdemocracy.org\\\/fr\\\/?s={search_term_string}\"},\"query-input\":{\"@type\":\"PropertyValueSpecification\",\"valueRequired\":true,\"valueName\":\"search_term_string\"}}],\"inLanguage\":\"fr-FR\"},{\"@type\":\"Organization\",\"@id\":\"https:\\\/\\\/informationdemocracy.org\\\/fr\\\/#organization\",\"name\":\"Forum on Information & Democracy\",\"url\":\"https:\\\/\\\/informationdemocracy.org\\\/fr\\\/\",\"logo\":{\"@type\":\"ImageObject\",\"inLanguage\":\"fr-FR\",\"@id\":\"https:\\\/\\\/informationdemocracy.org\\\/fr\\\/#\\\/schema\\\/logo\\\/image\\\/\",\"url\":\"https:\\\/\\\/informationdemocracy.org\\\/wp-content\\\/uploads\\\/2025\\\/09\\\/Logo.svg\",\"contentUrl\":\"https:\\\/\\\/informationdemocracy.org\\\/wp-content\\\/uploads\\\/2025\\\/09\\\/Logo.svg\",\"width\":168,\"height\":51,\"caption\":\"Forum on Information & Democracy\"},\"image\":{\"@id\":\"https:\\\/\\\/informationdemocracy.org\\\/fr\\\/#\\\/schema\\\/logo\\\/image\\\/\"},\"sameAs\":[\"https:\\\/\\\/www.linkedin.com\\\/company\\\/forum-information-democracy\",\"https:\\\/\\\/www.youtube.com\\\/playlist?list=PL-yF0NqTYQU2B3I97oh3Dv2Dfevd8ThM_\",\"https:\\\/\\\/www.instagram.com\\\/foruminformationdemocracy\\\/\"]},{\"@type\":\"Person\",\"@id\":\"https:\\\/\\\/informationdemocracy.org\\\/fr\\\/#\\\/schema\\\/person\\\/48ea335c80804b99e13cfa6bf4c2f7dd\",\"name\":\"informationdemocracywebsite\",\"image\":{\"@type\":\"ImageObject\",\"inLanguage\":\"fr-FR\",\"@id\":\"https:\\\/\\\/secure.gravatar.com\\\/avatar\\\/33c6a406643df806a5494363b5db420a409e4a8dc49952dd63ae5da7fb946c0c?s=96&d=mm&r=g\",\"url\":\"https:\\\/\\\/secure.gravatar.com\\\/avatar\\\/33c6a406643df806a5494363b5db420a409e4a8dc49952dd63ae5da7fb946c0c?s=96&d=mm&r=g\",\"contentUrl\":\"https:\\\/\\\/secure.gravatar.com\\\/avatar\\\/33c6a406643df806a5494363b5db420a409e4a8dc49952dd63ae5da7fb946c0c?s=96&d=mm&r=g\",\"caption\":\"informationdemocracywebsite\"},\"url\":\"https:\\\/\\\/informationdemocracy.org\\\/fr\\\/author\\\/informationdemocracywebsite\\\/\"}]}<\/script>\n<!-- \/ Yoast SEO plugin. -->","yoast_head_json":{"title":"De multiples avanc\u00e9es lors du 2\u00e8me Sommet pour l\u2019information et la d\u00e9mocratie - Forum Information &amp; Democracy","robots":{"index":"index","follow":"follow","max-snippet":"max-snippet:-1","max-image-preview":"max-image-preview:large","max-video-preview":"max-video-preview:-1"},"canonical":"https:\/\/informationdemocracy.org\/fr\/2022\/09\/23\/de-multiples-avancees-lors-du-2eme-sommet-pour-linformation-et-la-democratie\/","og_locale":"fr_FR","og_type":"article","og_title":"De multiples avanc\u00e9es lors du 2\u00e8me Sommet pour l\u2019information et la d\u00e9mocratie - Forum Information &amp; Democracy","og_description":"A l&rsquo;ordre du jour du Sommet pour l&rsquo;information et la d\u00e9mocratie, qui s&rsquo;est tenu \u00e0 New York le 22 septembre : nouveaux membres pour le Partenariat pour l&rsquo;information et la d\u00e9mocratie, d\u00e9lib\u00e9ration sur les recommandations du Forum, pr\u00e9sentation de l&rsquo;Observatoire sur l&rsquo;information et la d\u00e9mocratie, engagement des Etats en faveur de l&rsquo;Initiative pour la confiance [&hellip;]","og_url":"https:\/\/informationdemocracy.org\/fr\/2022\/09\/23\/de-multiples-avancees-lors-du-2eme-sommet-pour-linformation-et-la-democratie\/","og_site_name":"Forum Information &amp; Democracy","article_published_time":"2022-09-23T02:28:36+00:00","article_modified_time":"2025-10-31T14:55:24+00:00","og_image":[{"width":1080,"height":675,"url":"https:\/\/informationdemocracy.org\/wp-content\/uploads\/2022\/09\/WhatsApp-Image-2022-09-22-at-20.15.31.jpeg.webp","type":"image\/webp"}],"author":"informationdemocracywebsite","twitter_card":"summary_large_image","twitter_image":"https:\/\/informationdemocracy.org\/wp-content\/uploads\/2022\/09\/WhatsApp-Image-2022-09-22-at-20.15.31-1024x684.jpeg","twitter_misc":{"\u00c9crit par":"informationdemocracywebsite","Dur\u00e9e de lecture estim\u00e9e":"5 minutes"},"schema":{"@context":"https:\/\/schema.org","@graph":[{"@type":"Article","@id":"https:\/\/informationdemocracy.org\/fr\/2022\/09\/23\/de-multiples-avancees-lors-du-2eme-sommet-pour-linformation-et-la-democratie\/#article","isPartOf":{"@id":"https:\/\/informationdemocracy.org\/fr\/2022\/09\/23\/de-multiples-avancees-lors-du-2eme-sommet-pour-linformation-et-la-democratie\/"},"author":{"name":"informationdemocracywebsite","@id":"https:\/\/informationdemocracy.org\/fr\/#\/schema\/person\/48ea335c80804b99e13cfa6bf4c2f7dd"},"headline":"De multiples avanc\u00e9es lors du 2\u00e8me Sommet pour l\u2019information et la d\u00e9mocratie","datePublished":"2022-09-23T02:28:36+00:00","dateModified":"2025-10-31T14:55:24+00:00","mainEntityOfPage":{"@id":"https:\/\/informationdemocracy.org\/fr\/2022\/09\/23\/de-multiples-avancees-lors-du-2eme-sommet-pour-linformation-et-la-democratie\/"},"wordCount":1076,"publisher":{"@id":"https:\/\/informationdemocracy.org\/fr\/#organization"},"image":{"@id":"https:\/\/informationdemocracy.org\/fr\/2022\/09\/23\/de-multiples-avancees-lors-du-2eme-sommet-pour-linformation-et-la-democratie\/#primaryimage"},"thumbnailUrl":"https:\/\/informationdemocracy.org\/wp-content\/uploads\/2022\/09\/WhatsApp-Image-2022-09-22-at-20.15.31.jpeg.webp","articleSection":{"1":"Sommets"},"inLanguage":"fr-FR"},{"@type":"WebPage","@id":"https:\/\/informationdemocracy.org\/fr\/2022\/09\/23\/de-multiples-avancees-lors-du-2eme-sommet-pour-linformation-et-la-democratie\/","url":"https:\/\/informationdemocracy.org\/fr\/2022\/09\/23\/de-multiples-avancees-lors-du-2eme-sommet-pour-linformation-et-la-democratie\/","name":"De multiples avanc\u00e9es lors du 2\u00e8me Sommet pour l\u2019information et la d\u00e9mocratie - Forum Information &amp; Democracy","isPartOf":{"@id":"https:\/\/informationdemocracy.org\/fr\/#website"},"primaryImageOfPage":{"@id":"https:\/\/informationdemocracy.org\/fr\/2022\/09\/23\/de-multiples-avancees-lors-du-2eme-sommet-pour-linformation-et-la-democratie\/#primaryimage"},"image":{"@id":"https:\/\/informationdemocracy.org\/fr\/2022\/09\/23\/de-multiples-avancees-lors-du-2eme-sommet-pour-linformation-et-la-democratie\/#primaryimage"},"thumbnailUrl":"https:\/\/informationdemocracy.org\/wp-content\/uploads\/2022\/09\/WhatsApp-Image-2022-09-22-at-20.15.31.jpeg.webp","datePublished":"2022-09-23T02:28:36+00:00","dateModified":"2025-10-31T14:55:24+00:00","breadcrumb":{"@id":"https:\/\/informationdemocracy.org\/fr\/2022\/09\/23\/de-multiples-avancees-lors-du-2eme-sommet-pour-linformation-et-la-democratie\/#breadcrumb"},"inLanguage":"fr-FR","potentialAction":[{"@type":"ReadAction","target":["https:\/\/informationdemocracy.org\/fr\/2022\/09\/23\/de-multiples-avancees-lors-du-2eme-sommet-pour-linformation-et-la-democratie\/"]}]},{"@type":"ImageObject","inLanguage":"fr-FR","@id":"https:\/\/informationdemocracy.org\/fr\/2022\/09\/23\/de-multiples-avancees-lors-du-2eme-sommet-pour-linformation-et-la-democratie\/#primaryimage","url":"https:\/\/informationdemocracy.org\/wp-content\/uploads\/2022\/09\/WhatsApp-Image-2022-09-22-at-20.15.31.jpeg.webp","contentUrl":"https:\/\/informationdemocracy.org\/wp-content\/uploads\/2022\/09\/WhatsApp-Image-2022-09-22-at-20.15.31.jpeg.webp","width":1080,"height":675},{"@type":"BreadcrumbList","@id":"https:\/\/informationdemocracy.org\/fr\/2022\/09\/23\/de-multiples-avancees-lors-du-2eme-sommet-pour-linformation-et-la-democratie\/#breadcrumb","itemListElement":[{"@type":"ListItem","position":1,"name":"Accueil","item":"https:\/\/informationdemocracy.org\/fr\/"},{"@type":"ListItem","position":2,"name":"De multiples avanc\u00e9es lors du 2\u00e8me Sommet pour l\u2019information et la d\u00e9mocratie"}]},{"@type":"WebSite","@id":"https:\/\/informationdemocracy.org\/fr\/#website","url":"https:\/\/informationdemocracy.org\/fr\/","name":"Forum on Information & Democracy","description":"","publisher":{"@id":"https:\/\/informationdemocracy.org\/fr\/#organization"},"potentialAction":[{"@type":"SearchAction","target":{"@type":"EntryPoint","urlTemplate":"https:\/\/informationdemocracy.org\/fr\/?s={search_term_string}"},"query-input":{"@type":"PropertyValueSpecification","valueRequired":true,"valueName":"search_term_string"}}],"inLanguage":"fr-FR"},{"@type":"Organization","@id":"https:\/\/informationdemocracy.org\/fr\/#organization","name":"Forum on Information & Democracy","url":"https:\/\/informationdemocracy.org\/fr\/","logo":{"@type":"ImageObject","inLanguage":"fr-FR","@id":"https:\/\/informationdemocracy.org\/fr\/#\/schema\/logo\/image\/","url":"https:\/\/informationdemocracy.org\/wp-content\/uploads\/2025\/09\/Logo.svg","contentUrl":"https:\/\/informationdemocracy.org\/wp-content\/uploads\/2025\/09\/Logo.svg","width":168,"height":51,"caption":"Forum on Information & Democracy"},"image":{"@id":"https:\/\/informationdemocracy.org\/fr\/#\/schema\/logo\/image\/"},"sameAs":["https:\/\/www.linkedin.com\/company\/forum-information-democracy","https:\/\/www.youtube.com\/playlist?list=PL-yF0NqTYQU2B3I97oh3Dv2Dfevd8ThM_","https:\/\/www.instagram.com\/foruminformationdemocracy\/"]},{"@type":"Person","@id":"https:\/\/informationdemocracy.org\/fr\/#\/schema\/person\/48ea335c80804b99e13cfa6bf4c2f7dd","name":"informationdemocracywebsite","image":{"@type":"ImageObject","inLanguage":"fr-FR","@id":"https:\/\/secure.gravatar.com\/avatar\/33c6a406643df806a5494363b5db420a409e4a8dc49952dd63ae5da7fb946c0c?s=96&d=mm&r=g","url":"https:\/\/secure.gravatar.com\/avatar\/33c6a406643df806a5494363b5db420a409e4a8dc49952dd63ae5da7fb946c0c?s=96&d=mm&r=g","contentUrl":"https:\/\/secure.gravatar.com\/avatar\/33c6a406643df806a5494363b5db420a409e4a8dc49952dd63ae5da7fb946c0c?s=96&d=mm&r=g","caption":"informationdemocracywebsite"},"url":"https:\/\/informationdemocracy.org\/fr\/author\/informationdemocracywebsite\/"}]}},"_links":{"self":[{"href":"https:\/\/informationdemocracy.org\/fr\/wp-json\/wp\/v2\/posts\/12922","targetHints":{"allow":["GET"]}}],"collection":[{"href":"https:\/\/informationdemocracy.org\/fr\/wp-json\/wp\/v2\/posts"}],"about":[{"href":"https:\/\/informationdemocracy.org\/fr\/wp-json\/wp\/v2\/types\/post"}],"author":[{"embeddable":true,"href":"https:\/\/informationdemocracy.org\/fr\/wp-json\/wp\/v2\/users\/2"}],"replies":[{"embeddable":true,"href":"https:\/\/informationdemocracy.org\/fr\/wp-json\/wp\/v2\/comments?post=12922"}],"version-history":[{"count":1,"href":"https:\/\/informationdemocracy.org\/fr\/wp-json\/wp\/v2\/posts\/12922\/revisions"}],"predecessor-version":[{"id":13792,"href":"https:\/\/informationdemocracy.org\/fr\/wp-json\/wp\/v2\/posts\/12922\/revisions\/13792"}],"wp:featuredmedia":[{"embeddable":true,"href":"https:\/\/informationdemocracy.org\/fr\/wp-json\/wp\/v2\/media\/12923"}],"wp:attachment":[{"href":"https:\/\/informationdemocracy.org\/fr\/wp-json\/wp\/v2\/media?parent=12922"}],"wp:term":[{"taxonomy":"category","embeddable":true,"href":"https:\/\/informationdemocracy.org\/fr\/wp-json\/wp\/v2\/categories?post=12922"},{"taxonomy":"post_tag","embeddable":true,"href":"https:\/\/informationdemocracy.org\/fr\/wp-json\/wp\/v2\/tags?post=12922"},{"taxonomy":"contenu-mis-en-avant","embeddable":true,"href":"https:\/\/informationdemocracy.org\/fr\/wp-json\/wp\/v2\/contenu-mis-en-avant?post=12922"},{"taxonomy":"thematic","embeddable":true,"href":"https:\/\/informationdemocracy.org\/fr\/wp-json\/wp\/v2\/thematic?post=12922"},{"taxonomy":"workstream","embeddable":true,"href":"https:\/\/informationdemocracy.org\/fr\/wp-json\/wp\/v2\/workstream?post=12922"}],"curies":[{"name":"wp","href":"https:\/\/api.w.org\/{rel}","templated":true}]}}