{"id":12928,"date":"2022-09-19T13:12:24","date_gmt":"2022-09-19T11:12:24","guid":{"rendered":"https:\/\/informationdemocracy.org\/2022\/09\/19\/le-second-sommet-pour-linformation-et-la-democratie-se-reunit-a-new-york-le-22-septembre-2022\/"},"modified":"2025-10-31T15:55:30","modified_gmt":"2025-10-31T14:55:30","slug":"le-second-sommet-pour-linformation-et-la-democratie-se-reunit-a-new-york-le-22-septembre-2022","status":"publish","type":"post","link":"https:\/\/informationdemocracy.org\/fr\/2022\/09\/19\/le-second-sommet-pour-linformation-et-la-democratie-se-reunit-a-new-york-le-22-septembre-2022\/","title":{"rendered":"Le second sommet pour l\u2019information et la d\u00e9mocratie se r\u00e9unit \u00e0 New York le 22 septembre 2022"},"content":{"rendered":"<p><b style=\"font-size: 14px;\">Le deuxi\u00e8me sommet minist\u00e9riel du Partenariat pour l&rsquo;information et la d\u00e9mocratie se tiendra le 22 septembre 2022, en marge de l&rsquo;Assembl\u00e9e g\u00e9n\u00e9rale des Nations unies. Des ministres des \u00c9tats membres du Partenariat pour l&rsquo;information et la d\u00e9mocratie et des personnalit\u00e9s de la soci\u00e9t\u00e9 civile telles que Maria Ressa, prix Nobel de la paix 2021, participeront \u00e0 cette r\u00e9union. <\/b><\/p>\n<p><b style=\"font-size: 14px;\"><span style=\"font-weight: 400;\">Le Partenariat pour l&rsquo;information et la d\u00e9mocratie, actuellement endoss\u00e9 par 45 \u00c9tats, est le cadre d&rsquo;une r\u00e9flexion multilat\u00e9rale sur la mise en \u0153uvre des garanties d\u00e9mocratiques dans l&rsquo;espace mondial de la communication et de l&rsquo;information. Apr\u00e8s une premi\u00e8re \u00e9dition en 2021 d\u00e9j\u00e0 en marge de l&rsquo;Assembl\u00e9e g\u00e9n\u00e9rale des Nations Unies, la deuxi\u00e8me \u00e9dition du Sommet r\u00e9unira, entre autres, les ministres des Affaires \u00e9trang\u00e8res des \u00c9tats du Partenariat et des repr\u00e9sentants de la soci\u00e9t\u00e9 civile. Le Sommet sera ouvert par les remarques de la ministre fran\u00e7aise des Affaires \u00e9trang\u00e8res, Catherine Colonna, et du pr\u00e9sident du Forum sur l&rsquo;information et la d\u00e9mocratie, Christophe Deloire.  <\/span><\/b><br \/><b><\/b><\/p>\n<p><b style=\"font-size: 14px;\"><span style=\"font-weight: 400;\"><\/span><\/b><\/p>\n<ul>\n<li dir=\"ltr\" aria-level=\"1\">\n<p dir=\"ltr\" role=\"presentation\"><strong>Les nouveaux \u00c9tats annonceront publiquement leur adh\u00e9sion au <a href=\"https:\/\/informationdemocracy.org\/principles\/#partnership\">Partenariat sur l&rsquo;information et la d\u00e9mocratie<\/a> lors du Sommet. <\/strong><span>Avant le sommet, le nombre de pays signataires s&rsquo;\u00e9l\u00e8ve \u00e0 45 pays (30 pays au moment du lancement du Partenariat sur l&rsquo;information et la d\u00e9mocratie en septembre 2019).<\/span><span><\/span><\/p>\n<\/li>\n<\/ul>\n<p><span><\/span><\/p>\n<ul>\n<li dir=\"ltr\" aria-level=\"1\">\n<p dir=\"ltr\" role=\"presentation\"><strong>Le prochain <a href=\"https:\/\/informationdemocracy.org\/working-groups\/ioid\/\">Observatoire sur l&rsquo;information et la d\u00e9mocratie<\/a> sera pr\u00e9sent\u00e9  <\/strong><span>par Shoshana Zuboff, auteur de L&rsquo;\u00e2ge du capitalisme de surveillance. Professeur \u00e9m\u00e9rite \u00e0 la Harvard Business School, elle copr\u00e9side le groupe de pr\u00e9figuration de l&rsquo;Observatoire avec Angel Gurr\u00eda, ancien secr\u00e9taire g\u00e9n\u00e9ral de l&rsquo;OCDE. <\/span><\/p>\n<\/li>\n<\/ul>\n<p><span><\/span><\/p>\n<ul>\n<li dir=\"ltr\" aria-level=\"1\">\n<p dir=\"ltr\" role=\"presentation\"><strong>Les recommandations du rapport <em><a href=\"https:\/\/informationdemocracy.org\/working-groups\/concrete-solutions-against-the-infodemic\/\">Comment en finir avec l&rsquo;infod\u00e9mocratie<\/a><\/em> (2020) seront discut\u00e9es par les ministres<\/strong><span>Le rapport a \u00e9t\u00e9 pr\u00e9sent\u00e9 par Maria Ressa, laur\u00e9ate du prix Nobel de la paix 2021, qui a copr\u00e9sid\u00e9 son groupe de travail. Le rapport propose 250 recommandations en mati\u00e8re de r\u00e9glementation et d&rsquo;autor\u00e9glementation. <\/span><\/p>\n<\/li>\n<\/ul>\n<p><span><\/span><\/p>\n<ul>\n<li dir=\"ltr\" aria-level=\"1\">\n<p dir=\"ltr\" role=\"presentation\"><strong>La proposition de<em> <a href=\"https:\/\/informationdemocracy.org\/working-groups\/sustainability-of-journalism\/\">Un nouveau pacte pour le journalisme<\/a><\/em> (2021) sera discut\u00e9e par les ministres<\/strong><span>Les \u00c9tats seront invit\u00e9s \u00e0 soutenir le d\u00e9veloppement de l&rsquo;Initiative fiduciaire pour le journalisme (JTI), un m\u00e9canisme d&rsquo;autor\u00e9gulation qui promeut la fiabilit\u00e9 de l&rsquo;information. Les \u00c9tats seront invit\u00e9s \u00e0 soutenir le d\u00e9veloppement de l&rsquo;Initiative pour la Confiance dans le Journalisme (JTI), un m\u00e9canisme d&rsquo;autor\u00e9gulation visant \u00e0 promouvoir la fiabilit\u00e9 de l&rsquo;information. <\/span><\/p>\n<\/li>\n<\/ul>\n<p><span><\/span><\/p>\n<ul>\n<li dir=\"ltr\" aria-level=\"1\">\n<p dir=\"ltr\" role=\"presentation\"><strong>Le Forum publiera les recommandations de son groupe de travail sur les <a href=\"https:\/\/informationdemocracy.org\/working-groups\/accountability-regimes\/\">r\u00e9gimes de responsabilit\u00e9<\/a><\/strong><span><strong> pour les r\u00e9seaux sociaux et leurs utilisateurs.<\/strong> <\/span><span>Ce rapport sera pr\u00e9sent\u00e9 aux Etats par Damian Tambini, chercheur \u00e0 la London School of Economics et co-pr\u00e9sident du groupe de travail. <\/span> <\/p>\n<\/li>\n<\/ul>\n<p><span><\/span><\/p>\n<ul>\n<li dir=\"ltr\" aria-level=\"1\">\n<p dir=\"ltr\" role=\"presentation\"><strong>Le Forum annoncera le lancement de son groupe de travail sur le pluralisme dans les algorithmes d&rsquo;indexation et de curation.<\/strong><\/p>\n<\/li>\n<\/ul>\n<p><span style=\"font-size: 14px;\"><\/span><span style=\"font-weight: 400;\">En rassemblant les d\u00e9mocraties autour de recommandations et de solutions concr\u00e8tes pour la mise en \u0153uvre de garanties d\u00e9mocratiques dans l&rsquo;espace num\u00e9rique, le sommet permettra de mieux coordonner les efforts visant \u00e0 construire un espace num\u00e9rique d\u00e9mocratique.<\/span><\/p>\n<p><span style=\"font-weight: 400;\"><\/span><\/p>\n<p><span style=\"font-weight: 400;\"><\/span><\/p>\n<p>[\/et_pb_text][\/et_pb_column][\/et_pb_row][et_pb_row _builder_version=\u00a0\u00bb4.14.9&Prime; _module_preset=\u00a0\u00bbdefault\u00a0\u00bb global_colors_info=\u00a0\u00bb{}\u00a0\u00bb][et_pb_column type=\u00a0\u00bb4_4&Prime; _builder_version=\u00a0\u00bb4.14.9&Prime; _module_preset=\u00a0\u00bbdefault\u00a0\u00bb global_colors_info=\u00a0\u00bb{}\u00a0\u00bb][et_pb_divider divider_style=\u00a0\u00bbgroove\u00a0\u00bb _builder_version=\u00a0\u00bb4.14.9&Prime; _module_preset=\u00a0\u00bbdefault\u00a0\u00bb global_colors_info=\u00a0\u00bb{}\u00a0\u00bb][\/et_pb_divider][\/et_pb_column][\/et_pb_row][et_pb_row _builder_version=\u00a0\u00bb4.14.9&Prime; _module_preset=\u00a0\u00bbdefault\u00a0\u00bb global_colors_info=\u00a0\u00bb{}\u00a0\u00bb][et_pb_column type=\u00a0\u00bb4_4&Prime; _builder_version=\u00a0\u00bb4.14.9&Prime; _module_preset=\u00a0\u00bbdefault\u00a0\u00bb global_colors_info=\u00a0\u00bb{}\u00a0\u00bb][et_pb_text _builder_version=\u00a0\u00bb4.14.9&Prime; _module_preset=\u00a0\u00bbdefault\u00a0\u00bb global_colors_info=\u00a0\u00bb{}\u00a0\u00bb]<\/p>\n<p><b>\u00c0 propos de l&rsquo;Initiative internationale sur l&rsquo;information et la d\u00e9mocratie<\/b><span style=\"font-weight: 400;\"><\/span><\/p>\n<p><span style=\"font-weight: 400;\"><\/span><\/p>\n<p><span style=\"font-weight: 400;\">Lanc\u00e9e par Reporters sans fronti\u00e8res (RSF) en 2018, l&rsquo;Initiative internationale sur l&rsquo;information et la d\u00e9mocratie vise \u00e0 mettre en \u0153uvre des garanties d\u00e9mocratiques dans l&rsquo;espace de l&rsquo;information et de la communication.  <\/span><\/p>\n<p><span style=\"font-weight: 400;\">En moins de quatre ans, l&rsquo;initiative a abouti \u00e0 :  <\/span><span style=\"font-weight: 400;\"><\/span><\/p>\n<ol>\n<li style=\"font-weight: 400;\" aria-level=\"1\"><span style=\"font-weight: 400;\">La publication en 2018 de la D\u00e9claration sur l&rsquo;information et la d\u00e9mocratie par une commission compos\u00e9e de plusieurs laur\u00e9ats du prix Nobel, de journalistes et d&rsquo;experts en nouvelles technologies ;<\/span><\/li>\n<li style=\"font-weight: 400;\" aria-level=\"1\"><span style=\"font-weight: 400;\">La pr\u00e9sentation de ses orientations et propositions dans les grands forums internationaux, dont le G7 des chefs d&rsquo;Etat et de gouvernement \u00e0 Biarritz (France) en 2019, et plus r\u00e9cemment le G7 Media \u00e0 Bonn (Allemagne) ;<\/span><\/li>\n<li style=\"font-weight: 400;\" aria-level=\"1\"><span style=\"font-weight: 400;\">En marge de l&rsquo;Assembl\u00e9e g\u00e9n\u00e9rale des Nations unies en 2019, la signature du Partenariat international sur l&rsquo;information et la d\u00e9mocratie qui r\u00e9unit d\u00e9sormais 45 pays du monde autour de principes communs ;<\/span><\/li>\n<li style=\"font-weight: 400;\" aria-level=\"1\"><span style=\"font-weight: 400;\">La cr\u00e9ation de l&rsquo;entit\u00e9 charg\u00e9e de la mise en \u0153uvre du partenariat, le Forum sur l&rsquo;information et la d\u00e9mocratie, par 12 organisations de la soci\u00e9t\u00e9 civile et centres de recherche ;<\/span><\/li>\n<li style=\"font-weight: 400;\" aria-level=\"1\"><span style=\"font-weight: 400;\">La production de 350 recommandations aux gouvernements sur <\/span><i><span style=\"font-weight: 400;\">Comment mettre fin \u00e0 l&rsquo;infod\u00e9mie<\/span><\/i><span style=\"font-weight: 400;\"> (2020) et <\/span><i><span style=\"font-weight: 400;\">Un nouveau pacte pour le journalisme <\/span><\/i><span style=\"font-weight: 400;\">(2021), qui ont \u00e9t\u00e9 largement int\u00e9gr\u00e9es dans les projets de l\u00e9gislation europ\u00e9enne ;<\/span><\/li>\n<li style=\"font-weight: 400;\" aria-level=\"1\"><span style=\"font-weight: 400;\">Le rassemblement d&rsquo;une coalition internationale de 43 organisations de la soci\u00e9t\u00e9 civile et de la recherche pour promouvoir les principes d\u00e9mocratiques dans l&rsquo;espace num\u00e9rique.  <\/span><\/li>\n<li style=\"font-weight: 400;\" aria-level=\"1\"><span style=\"font-weight: 400;\">L&rsquo;organisation de sommets annuels r\u00e9unissant les Etats du Partenariat au niveau minist\u00e9riel et des repr\u00e9sentants de la soci\u00e9t\u00e9 civile et du monde de la recherche, dans une approche de multilat\u00e9ralisme des d\u00e9mocraties<\/span><\/li>\n<\/ol>\n","protected":false},"excerpt":{"rendered":"<p>Le deuxi\u00e8me sommet minist\u00e9riel du Partenariat pour l&rsquo;information et la d\u00e9mocratie se tiendra le 22 septembre 2022, en marge de l&rsquo;Assembl\u00e9e g\u00e9n\u00e9rale des Nations unies. Des ministres des \u00c9tats membres du Partenariat pour l&rsquo;information et la d\u00e9mocratie et des personnalit\u00e9s de la soci\u00e9t\u00e9 civile telles que Maria Ressa, prix Nobel de la paix 2021, participeront [&hellip;]<\/p>\n","protected":false},"author":2,"featured_media":12929,"comment_status":"closed","ping_status":"closed","sticky":false,"template":"","format":"standard","meta":{"_acf_changed":false,"footnotes":""},"categories":[56,99],"tags":[],"contenu-mis-en-avant":[],"thematic":[],"workstream":[],"class_list":["post-12928","post","type-post","status-publish","format-standard","has-post-thumbnail","hentry","category-non-classe","category-sommets"],"acf":[],"yoast_head":"<!-- This site is optimized with the Yoast SEO plugin v27.4 - https:\/\/yoast.com\/product\/yoast-seo-wordpress\/ -->\n<title>Le second sommet pour l\u2019information et la d\u00e9mocratie se r\u00e9unit \u00e0 New York le 22 septembre 2022 - Forum Information &amp; Democracy<\/title>\n<meta name=\"robots\" content=\"index, follow, max-snippet:-1, max-image-preview:large, max-video-preview:-1\" \/>\n<link rel=\"canonical\" href=\"https:\/\/informationdemocracy.org\/fr\/2022\/09\/19\/le-second-sommet-pour-linformation-et-la-democratie-se-reunit-a-new-york-le-22-septembre-2022\/\" \/>\n<meta property=\"og:locale\" content=\"fr_FR\" \/>\n<meta property=\"og:type\" content=\"article\" \/>\n<meta property=\"og:title\" content=\"Le deuxi\u00e8me sommet sur l&#039;information et la d\u00e9mocratie se tiendra \u00e0 New York le 22 septembre 2022.\" \/>\n<meta property=\"og:description\" content=\"Le deuxi\u00e8me sommet minist\u00e9riel du Partenariat pour l&#039;information et la d\u00e9mocratie se tiendra le 22 septembre 2022, en marge de l&#039;Assembl\u00e9e g\u00e9n\u00e9rale des Nations unies. Des ministres des \u00c9tats membres du Partenariat pour l&#039;information et la d\u00e9mocratie et des personnalit\u00e9s de la soci\u00e9t\u00e9 civile telles que Maria Ressa, prix Nobel de la paix 2021, participeront \u00e0 cette r\u00e9union.\" \/>\n<meta property=\"og:url\" content=\"https:\/\/informationdemocracy.org\/fr\/2022\/09\/19\/le-second-sommet-pour-linformation-et-la-democratie-se-reunit-a-new-york-le-22-septembre-2022\/\" \/>\n<meta property=\"og:site_name\" content=\"Forum Information &amp; Democracy\" \/>\n<meta property=\"article:published_time\" content=\"2022-09-19T11:12:24+00:00\" \/>\n<meta property=\"article:modified_time\" content=\"2025-10-31T14:55:30+00:00\" \/>\n<meta property=\"og:image\" content=\"https:\/\/informationdemocracy.org\/wp-content\/uploads\/2022\/09\/Summit_Visuel-1-2.png\" \/>\n<meta name=\"author\" content=\"informationdemocracywebsite\" \/>\n<meta name=\"twitter:card\" content=\"summary_large_image\" \/>\n<meta name=\"twitter:title\" content=\"Le deuxi\u00e8me sommet sur l&#039;information et la d\u00e9mocratie se tiendra \u00e0 New York le 22 septembre 2022.\" \/>\n<meta name=\"twitter:description\" content=\"Le deuxi\u00e8me sommet minist\u00e9riel du Partenariat pour l&#039;information et la d\u00e9mocratie se tiendra le 22 septembre 2022, en marge de l&#039;Assembl\u00e9e g\u00e9n\u00e9rale des Nations unies. Des ministres des \u00c9tats membres du Partenariat pour l&#039;information et la d\u00e9mocratie et des personnalit\u00e9s de la soci\u00e9t\u00e9 civile telles que Maria Ressa, prix Nobel de la paix 2021, participeront \u00e0 cette r\u00e9union.\" \/>\n<meta name=\"twitter:image\" content=\"https:\/\/informationdemocracy.org\/wp-content\/uploads\/2022\/09\/Summit_Visuel-1-2.png\" \/>\n<meta name=\"twitter:label1\" content=\"\u00c9crit par\" \/>\n\t<meta name=\"twitter:data1\" content=\"informationdemocracywebsite\" \/>\n\t<meta name=\"twitter:label2\" content=\"Dur\u00e9e de lecture estim\u00e9e\" \/>\n\t<meta name=\"twitter:data2\" content=\"4 minutes\" \/>\n<script type=\"application\/ld+json\" class=\"yoast-schema-graph\">{\"@context\":\"https:\\\/\\\/schema.org\",\"@graph\":[{\"@type\":\"Article\",\"@id\":\"https:\\\/\\\/informationdemocracy.org\\\/fr\\\/2022\\\/09\\\/19\\\/le-second-sommet-pour-linformation-et-la-democratie-se-reunit-a-new-york-le-22-septembre-2022\\\/#article\",\"isPartOf\":{\"@id\":\"https:\\\/\\\/informationdemocracy.org\\\/fr\\\/2022\\\/09\\\/19\\\/le-second-sommet-pour-linformation-et-la-democratie-se-reunit-a-new-york-le-22-septembre-2022\\\/\"},\"author\":{\"name\":\"informationdemocracywebsite\",\"@id\":\"https:\\\/\\\/informationdemocracy.org\\\/fr\\\/#\\\/schema\\\/person\\\/48ea335c80804b99e13cfa6bf4c2f7dd\"},\"headline\":\"Le second sommet pour l\u2019information et la d\u00e9mocratie se r\u00e9unit \u00e0 New York le 22 septembre 2022\",\"datePublished\":\"2022-09-19T11:12:24+00:00\",\"dateModified\":\"2025-10-31T14:55:30+00:00\",\"mainEntityOfPage\":{\"@id\":\"https:\\\/\\\/informationdemocracy.org\\\/fr\\\/2022\\\/09\\\/19\\\/le-second-sommet-pour-linformation-et-la-democratie-se-reunit-a-new-york-le-22-septembre-2022\\\/\"},\"wordCount\":946,\"publisher\":{\"@id\":\"https:\\\/\\\/informationdemocracy.org\\\/fr\\\/#organization\"},\"image\":{\"@id\":\"https:\\\/\\\/informationdemocracy.org\\\/fr\\\/2022\\\/09\\\/19\\\/le-second-sommet-pour-linformation-et-la-democratie-se-reunit-a-new-york-le-22-septembre-2022\\\/#primaryimage\"},\"thumbnailUrl\":\"https:\\\/\\\/informationdemocracy.org\\\/wp-content\\\/uploads\\\/2022\\\/09\\\/Summit_Visuel-1-2.png.webp\",\"articleSection\":{\"1\":\"Sommets\"},\"inLanguage\":\"fr-FR\"},{\"@type\":\"WebPage\",\"@id\":\"https:\\\/\\\/informationdemocracy.org\\\/fr\\\/2022\\\/09\\\/19\\\/le-second-sommet-pour-linformation-et-la-democratie-se-reunit-a-new-york-le-22-septembre-2022\\\/\",\"url\":\"https:\\\/\\\/informationdemocracy.org\\\/fr\\\/2022\\\/09\\\/19\\\/le-second-sommet-pour-linformation-et-la-democratie-se-reunit-a-new-york-le-22-septembre-2022\\\/\",\"name\":\"Le second sommet pour l\u2019information et la d\u00e9mocratie se r\u00e9unit \u00e0 New York le 22 septembre 2022 - Forum Information &amp; Democracy\",\"isPartOf\":{\"@id\":\"https:\\\/\\\/informationdemocracy.org\\\/fr\\\/#website\"},\"primaryImageOfPage\":{\"@id\":\"https:\\\/\\\/informationdemocracy.org\\\/fr\\\/2022\\\/09\\\/19\\\/le-second-sommet-pour-linformation-et-la-democratie-se-reunit-a-new-york-le-22-septembre-2022\\\/#primaryimage\"},\"image\":{\"@id\":\"https:\\\/\\\/informationdemocracy.org\\\/fr\\\/2022\\\/09\\\/19\\\/le-second-sommet-pour-linformation-et-la-democratie-se-reunit-a-new-york-le-22-septembre-2022\\\/#primaryimage\"},\"thumbnailUrl\":\"https:\\\/\\\/informationdemocracy.org\\\/wp-content\\\/uploads\\\/2022\\\/09\\\/Summit_Visuel-1-2.png.webp\",\"datePublished\":\"2022-09-19T11:12:24+00:00\",\"dateModified\":\"2025-10-31T14:55:30+00:00\",\"breadcrumb\":{\"@id\":\"https:\\\/\\\/informationdemocracy.org\\\/fr\\\/2022\\\/09\\\/19\\\/le-second-sommet-pour-linformation-et-la-democratie-se-reunit-a-new-york-le-22-septembre-2022\\\/#breadcrumb\"},\"inLanguage\":\"fr-FR\",\"potentialAction\":[{\"@type\":\"ReadAction\",\"target\":[\"https:\\\/\\\/informationdemocracy.org\\\/fr\\\/2022\\\/09\\\/19\\\/le-second-sommet-pour-linformation-et-la-democratie-se-reunit-a-new-york-le-22-septembre-2022\\\/\"]}]},{\"@type\":\"ImageObject\",\"inLanguage\":\"fr-FR\",\"@id\":\"https:\\\/\\\/informationdemocracy.org\\\/fr\\\/2022\\\/09\\\/19\\\/le-second-sommet-pour-linformation-et-la-democratie-se-reunit-a-new-york-le-22-septembre-2022\\\/#primaryimage\",\"url\":\"https:\\\/\\\/informationdemocracy.org\\\/wp-content\\\/uploads\\\/2022\\\/09\\\/Summit_Visuel-1-2.png.webp\",\"contentUrl\":\"https:\\\/\\\/informationdemocracy.org\\\/wp-content\\\/uploads\\\/2022\\\/09\\\/Summit_Visuel-1-2.png.webp\",\"width\":1024,\"height\":576},{\"@type\":\"BreadcrumbList\",\"@id\":\"https:\\\/\\\/informationdemocracy.org\\\/fr\\\/2022\\\/09\\\/19\\\/le-second-sommet-pour-linformation-et-la-democratie-se-reunit-a-new-york-le-22-septembre-2022\\\/#breadcrumb\",\"itemListElement\":[{\"@type\":\"ListItem\",\"position\":1,\"name\":\"Accueil\",\"item\":\"https:\\\/\\\/informationdemocracy.org\\\/fr\\\/\"},{\"@type\":\"ListItem\",\"position\":2,\"name\":\"Le second sommet pour l\u2019information et la d\u00e9mocratie se r\u00e9unit \u00e0 New York le 22 septembre 2022\"}]},{\"@type\":\"WebSite\",\"@id\":\"https:\\\/\\\/informationdemocracy.org\\\/fr\\\/#website\",\"url\":\"https:\\\/\\\/informationdemocracy.org\\\/fr\\\/\",\"name\":\"Forum on Information & Democracy\",\"description\":\"\",\"publisher\":{\"@id\":\"https:\\\/\\\/informationdemocracy.org\\\/fr\\\/#organization\"},\"potentialAction\":[{\"@type\":\"SearchAction\",\"target\":{\"@type\":\"EntryPoint\",\"urlTemplate\":\"https:\\\/\\\/informationdemocracy.org\\\/fr\\\/?s={search_term_string}\"},\"query-input\":{\"@type\":\"PropertyValueSpecification\",\"valueRequired\":true,\"valueName\":\"search_term_string\"}}],\"inLanguage\":\"fr-FR\"},{\"@type\":\"Organization\",\"@id\":\"https:\\\/\\\/informationdemocracy.org\\\/fr\\\/#organization\",\"name\":\"Forum on Information & Democracy\",\"url\":\"https:\\\/\\\/informationdemocracy.org\\\/fr\\\/\",\"logo\":{\"@type\":\"ImageObject\",\"inLanguage\":\"fr-FR\",\"@id\":\"https:\\\/\\\/informationdemocracy.org\\\/fr\\\/#\\\/schema\\\/logo\\\/image\\\/\",\"url\":\"https:\\\/\\\/informationdemocracy.org\\\/wp-content\\\/uploads\\\/2025\\\/09\\\/Logo.svg\",\"contentUrl\":\"https:\\\/\\\/informationdemocracy.org\\\/wp-content\\\/uploads\\\/2025\\\/09\\\/Logo.svg\",\"width\":168,\"height\":51,\"caption\":\"Forum on Information & Democracy\"},\"image\":{\"@id\":\"https:\\\/\\\/informationdemocracy.org\\\/fr\\\/#\\\/schema\\\/logo\\\/image\\\/\"},\"sameAs\":[\"https:\\\/\\\/www.linkedin.com\\\/company\\\/forum-information-democracy\",\"https:\\\/\\\/www.youtube.com\\\/playlist?list=PL-yF0NqTYQU2B3I97oh3Dv2Dfevd8ThM_\",\"https:\\\/\\\/www.instagram.com\\\/foruminformationdemocracy\\\/\"]},{\"@type\":\"Person\",\"@id\":\"https:\\\/\\\/informationdemocracy.org\\\/fr\\\/#\\\/schema\\\/person\\\/48ea335c80804b99e13cfa6bf4c2f7dd\",\"name\":\"informationdemocracywebsite\",\"image\":{\"@type\":\"ImageObject\",\"inLanguage\":\"fr-FR\",\"@id\":\"https:\\\/\\\/secure.gravatar.com\\\/avatar\\\/33c6a406643df806a5494363b5db420a409e4a8dc49952dd63ae5da7fb946c0c?s=96&d=mm&r=g\",\"url\":\"https:\\\/\\\/secure.gravatar.com\\\/avatar\\\/33c6a406643df806a5494363b5db420a409e4a8dc49952dd63ae5da7fb946c0c?s=96&d=mm&r=g\",\"contentUrl\":\"https:\\\/\\\/secure.gravatar.com\\\/avatar\\\/33c6a406643df806a5494363b5db420a409e4a8dc49952dd63ae5da7fb946c0c?s=96&d=mm&r=g\",\"caption\":\"informationdemocracywebsite\"},\"url\":\"https:\\\/\\\/informationdemocracy.org\\\/fr\\\/author\\\/informationdemocracywebsite\\\/\"}]}<\/script>\n<!-- \/ Yoast SEO plugin. -->","yoast_head_json":{"title":"Le second sommet pour l\u2019information et la d\u00e9mocratie se r\u00e9unit \u00e0 New York le 22 septembre 2022 - Forum Information &amp; Democracy","robots":{"index":"index","follow":"follow","max-snippet":"max-snippet:-1","max-image-preview":"max-image-preview:large","max-video-preview":"max-video-preview:-1"},"canonical":"https:\/\/informationdemocracy.org\/fr\/2022\/09\/19\/le-second-sommet-pour-linformation-et-la-democratie-se-reunit-a-new-york-le-22-septembre-2022\/","og_locale":"fr_FR","og_type":"article","og_title":"Le deuxi\u00e8me sommet sur l'information et la d\u00e9mocratie se tiendra \u00e0 New York le 22 septembre 2022.","og_description":"Le deuxi\u00e8me sommet minist\u00e9riel du Partenariat pour l'information et la d\u00e9mocratie se tiendra le 22 septembre 2022, en marge de l'Assembl\u00e9e g\u00e9n\u00e9rale des Nations unies. Des ministres des \u00c9tats membres du Partenariat pour l'information et la d\u00e9mocratie et des personnalit\u00e9s de la soci\u00e9t\u00e9 civile telles que Maria Ressa, prix Nobel de la paix 2021, participeront \u00e0 cette r\u00e9union.","og_url":"https:\/\/informationdemocracy.org\/fr\/2022\/09\/19\/le-second-sommet-pour-linformation-et-la-democratie-se-reunit-a-new-york-le-22-septembre-2022\/","og_site_name":"Forum Information &amp; Democracy","article_published_time":"2022-09-19T11:12:24+00:00","article_modified_time":"2025-10-31T14:55:30+00:00","og_image":[{"url":"https:\/\/informationdemocracy.org\/wp-content\/uploads\/2022\/09\/Summit_Visuel-1-2.png","type":"","width":"","height":""}],"author":"informationdemocracywebsite","twitter_card":"summary_large_image","twitter_title":"Le deuxi\u00e8me sommet sur l'information et la d\u00e9mocratie se tiendra \u00e0 New York le 22 septembre 2022.","twitter_description":"Le deuxi\u00e8me sommet minist\u00e9riel du Partenariat pour l'information et la d\u00e9mocratie se tiendra le 22 septembre 2022, en marge de l'Assembl\u00e9e g\u00e9n\u00e9rale des Nations unies. Des ministres des \u00c9tats membres du Partenariat pour l'information et la d\u00e9mocratie et des personnalit\u00e9s de la soci\u00e9t\u00e9 civile telles que Maria Ressa, prix Nobel de la paix 2021, participeront \u00e0 cette r\u00e9union.","twitter_image":"https:\/\/informationdemocracy.org\/wp-content\/uploads\/2022\/09\/Summit_Visuel-1-2.png","twitter_misc":{"\u00c9crit par":"informationdemocracywebsite","Dur\u00e9e de lecture estim\u00e9e":"4 minutes"},"schema":{"@context":"https:\/\/schema.org","@graph":[{"@type":"Article","@id":"https:\/\/informationdemocracy.org\/fr\/2022\/09\/19\/le-second-sommet-pour-linformation-et-la-democratie-se-reunit-a-new-york-le-22-septembre-2022\/#article","isPartOf":{"@id":"https:\/\/informationdemocracy.org\/fr\/2022\/09\/19\/le-second-sommet-pour-linformation-et-la-democratie-se-reunit-a-new-york-le-22-septembre-2022\/"},"author":{"name":"informationdemocracywebsite","@id":"https:\/\/informationdemocracy.org\/fr\/#\/schema\/person\/48ea335c80804b99e13cfa6bf4c2f7dd"},"headline":"Le second sommet pour l\u2019information et la d\u00e9mocratie se r\u00e9unit \u00e0 New York le 22 septembre 2022","datePublished":"2022-09-19T11:12:24+00:00","dateModified":"2025-10-31T14:55:30+00:00","mainEntityOfPage":{"@id":"https:\/\/informationdemocracy.org\/fr\/2022\/09\/19\/le-second-sommet-pour-linformation-et-la-democratie-se-reunit-a-new-york-le-22-septembre-2022\/"},"wordCount":946,"publisher":{"@id":"https:\/\/informationdemocracy.org\/fr\/#organization"},"image":{"@id":"https:\/\/informationdemocracy.org\/fr\/2022\/09\/19\/le-second-sommet-pour-linformation-et-la-democratie-se-reunit-a-new-york-le-22-septembre-2022\/#primaryimage"},"thumbnailUrl":"https:\/\/informationdemocracy.org\/wp-content\/uploads\/2022\/09\/Summit_Visuel-1-2.png.webp","articleSection":{"1":"Sommets"},"inLanguage":"fr-FR"},{"@type":"WebPage","@id":"https:\/\/informationdemocracy.org\/fr\/2022\/09\/19\/le-second-sommet-pour-linformation-et-la-democratie-se-reunit-a-new-york-le-22-septembre-2022\/","url":"https:\/\/informationdemocracy.org\/fr\/2022\/09\/19\/le-second-sommet-pour-linformation-et-la-democratie-se-reunit-a-new-york-le-22-septembre-2022\/","name":"Le second sommet pour l\u2019information et la d\u00e9mocratie se r\u00e9unit \u00e0 New York le 22 septembre 2022 - Forum Information &amp; Democracy","isPartOf":{"@id":"https:\/\/informationdemocracy.org\/fr\/#website"},"primaryImageOfPage":{"@id":"https:\/\/informationdemocracy.org\/fr\/2022\/09\/19\/le-second-sommet-pour-linformation-et-la-democratie-se-reunit-a-new-york-le-22-septembre-2022\/#primaryimage"},"image":{"@id":"https:\/\/informationdemocracy.org\/fr\/2022\/09\/19\/le-second-sommet-pour-linformation-et-la-democratie-se-reunit-a-new-york-le-22-septembre-2022\/#primaryimage"},"thumbnailUrl":"https:\/\/informationdemocracy.org\/wp-content\/uploads\/2022\/09\/Summit_Visuel-1-2.png.webp","datePublished":"2022-09-19T11:12:24+00:00","dateModified":"2025-10-31T14:55:30+00:00","breadcrumb":{"@id":"https:\/\/informationdemocracy.org\/fr\/2022\/09\/19\/le-second-sommet-pour-linformation-et-la-democratie-se-reunit-a-new-york-le-22-septembre-2022\/#breadcrumb"},"inLanguage":"fr-FR","potentialAction":[{"@type":"ReadAction","target":["https:\/\/informationdemocracy.org\/fr\/2022\/09\/19\/le-second-sommet-pour-linformation-et-la-democratie-se-reunit-a-new-york-le-22-septembre-2022\/"]}]},{"@type":"ImageObject","inLanguage":"fr-FR","@id":"https:\/\/informationdemocracy.org\/fr\/2022\/09\/19\/le-second-sommet-pour-linformation-et-la-democratie-se-reunit-a-new-york-le-22-septembre-2022\/#primaryimage","url":"https:\/\/informationdemocracy.org\/wp-content\/uploads\/2022\/09\/Summit_Visuel-1-2.png.webp","contentUrl":"https:\/\/informationdemocracy.org\/wp-content\/uploads\/2022\/09\/Summit_Visuel-1-2.png.webp","width":1024,"height":576},{"@type":"BreadcrumbList","@id":"https:\/\/informationdemocracy.org\/fr\/2022\/09\/19\/le-second-sommet-pour-linformation-et-la-democratie-se-reunit-a-new-york-le-22-septembre-2022\/#breadcrumb","itemListElement":[{"@type":"ListItem","position":1,"name":"Accueil","item":"https:\/\/informationdemocracy.org\/fr\/"},{"@type":"ListItem","position":2,"name":"Le second sommet pour l\u2019information et la d\u00e9mocratie se r\u00e9unit \u00e0 New York le 22 septembre 2022"}]},{"@type":"WebSite","@id":"https:\/\/informationdemocracy.org\/fr\/#website","url":"https:\/\/informationdemocracy.org\/fr\/","name":"Forum on Information & Democracy","description":"","publisher":{"@id":"https:\/\/informationdemocracy.org\/fr\/#organization"},"potentialAction":[{"@type":"SearchAction","target":{"@type":"EntryPoint","urlTemplate":"https:\/\/informationdemocracy.org\/fr\/?s={search_term_string}"},"query-input":{"@type":"PropertyValueSpecification","valueRequired":true,"valueName":"search_term_string"}}],"inLanguage":"fr-FR"},{"@type":"Organization","@id":"https:\/\/informationdemocracy.org\/fr\/#organization","name":"Forum on Information & Democracy","url":"https:\/\/informationdemocracy.org\/fr\/","logo":{"@type":"ImageObject","inLanguage":"fr-FR","@id":"https:\/\/informationdemocracy.org\/fr\/#\/schema\/logo\/image\/","url":"https:\/\/informationdemocracy.org\/wp-content\/uploads\/2025\/09\/Logo.svg","contentUrl":"https:\/\/informationdemocracy.org\/wp-content\/uploads\/2025\/09\/Logo.svg","width":168,"height":51,"caption":"Forum on Information & Democracy"},"image":{"@id":"https:\/\/informationdemocracy.org\/fr\/#\/schema\/logo\/image\/"},"sameAs":["https:\/\/www.linkedin.com\/company\/forum-information-democracy","https:\/\/www.youtube.com\/playlist?list=PL-yF0NqTYQU2B3I97oh3Dv2Dfevd8ThM_","https:\/\/www.instagram.com\/foruminformationdemocracy\/"]},{"@type":"Person","@id":"https:\/\/informationdemocracy.org\/fr\/#\/schema\/person\/48ea335c80804b99e13cfa6bf4c2f7dd","name":"informationdemocracywebsite","image":{"@type":"ImageObject","inLanguage":"fr-FR","@id":"https:\/\/secure.gravatar.com\/avatar\/33c6a406643df806a5494363b5db420a409e4a8dc49952dd63ae5da7fb946c0c?s=96&d=mm&r=g","url":"https:\/\/secure.gravatar.com\/avatar\/33c6a406643df806a5494363b5db420a409e4a8dc49952dd63ae5da7fb946c0c?s=96&d=mm&r=g","contentUrl":"https:\/\/secure.gravatar.com\/avatar\/33c6a406643df806a5494363b5db420a409e4a8dc49952dd63ae5da7fb946c0c?s=96&d=mm&r=g","caption":"informationdemocracywebsite"},"url":"https:\/\/informationdemocracy.org\/fr\/author\/informationdemocracywebsite\/"}]}},"_links":{"self":[{"href":"https:\/\/informationdemocracy.org\/fr\/wp-json\/wp\/v2\/posts\/12928","targetHints":{"allow":["GET"]}}],"collection":[{"href":"https:\/\/informationdemocracy.org\/fr\/wp-json\/wp\/v2\/posts"}],"about":[{"href":"https:\/\/informationdemocracy.org\/fr\/wp-json\/wp\/v2\/types\/post"}],"author":[{"embeddable":true,"href":"https:\/\/informationdemocracy.org\/fr\/wp-json\/wp\/v2\/users\/2"}],"replies":[{"embeddable":true,"href":"https:\/\/informationdemocracy.org\/fr\/wp-json\/wp\/v2\/comments?post=12928"}],"version-history":[{"count":1,"href":"https:\/\/informationdemocracy.org\/fr\/wp-json\/wp\/v2\/posts\/12928\/revisions"}],"predecessor-version":[{"id":13793,"href":"https:\/\/informationdemocracy.org\/fr\/wp-json\/wp\/v2\/posts\/12928\/revisions\/13793"}],"wp:featuredmedia":[{"embeddable":true,"href":"https:\/\/informationdemocracy.org\/fr\/wp-json\/wp\/v2\/media\/12929"}],"wp:attachment":[{"href":"https:\/\/informationdemocracy.org\/fr\/wp-json\/wp\/v2\/media?parent=12928"}],"wp:term":[{"taxonomy":"category","embeddable":true,"href":"https:\/\/informationdemocracy.org\/fr\/wp-json\/wp\/v2\/categories?post=12928"},{"taxonomy":"post_tag","embeddable":true,"href":"https:\/\/informationdemocracy.org\/fr\/wp-json\/wp\/v2\/tags?post=12928"},{"taxonomy":"contenu-mis-en-avant","embeddable":true,"href":"https:\/\/informationdemocracy.org\/fr\/wp-json\/wp\/v2\/contenu-mis-en-avant?post=12928"},{"taxonomy":"thematic","embeddable":true,"href":"https:\/\/informationdemocracy.org\/fr\/wp-json\/wp\/v2\/thematic?post=12928"},{"taxonomy":"workstream","embeddable":true,"href":"https:\/\/informationdemocracy.org\/fr\/wp-json\/wp\/v2\/workstream?post=12928"}],"curies":[{"name":"wp","href":"https:\/\/api.w.org\/{rel}","templated":true}]}}