{"id":12932,"date":"2022-02-09T18:15:25","date_gmt":"2022-02-09T17:15:25","guid":{"rendered":"https:\/\/informationdemocracy.org\/2022\/02\/09\/le-forum-sur-linformation-et-la-democratie-et-reporters-sans-frontieres-rsf-signent-un-protocole-daccord-avec-le-fonds-international-pour-les-medias-dinteret-public-ifpim\/"},"modified":"2025-09-21T02:27:19","modified_gmt":"2025-09-21T00:27:19","slug":"le-forum-sur-linformation-et-la-democratie-et-reporters-sans-frontieres-rsf-signent-un-protocole-daccord-avec-le-fonds-international-pour-les-medias-dinteret-public-ifpim","status":"publish","type":"post","link":"https:\/\/informationdemocracy.org\/fr\/2022\/02\/09\/le-forum-sur-linformation-et-la-democratie-et-reporters-sans-frontieres-rsf-signent-un-protocole-daccord-avec-le-fonds-international-pour-les-medias-dinteret-public-ifpim\/","title":{"rendered":"Le Forum sur l\u2019information et la d\u00e9mocratie et Reporters sans fronti\u00e8res (RSF) signent un protocole d\u2019accord avec le Fonds International pour les M\u00e9dias d\u2019Int\u00e9r\u00eat Public (IFPIM)<br>"},"content":{"rendered":"\n<p><strong>Tallinn, Estonie<\/strong> &#8211; Deux des initiatives internationales les plus ambitieuses mises en place pour faire face \u00e0 l&rsquo;extinction potentielle des m\u00e9dias et soutenir le droit \u00e0 l&rsquo;information dans le monde entier ont sign\u00e9 aujourd&rsquo;hui un protocole d&rsquo;accord en vue d&rsquo;une collaboration plus \u00e9troite.<\/p>\n\n<p>Le Fonds international pour les m\u00e9dias d&rsquo;int\u00e9r\u00eat public <a><strong>Fonds international pour les m\u00e9dias d&rsquo;int\u00e9r\u00eat public<\/strong><\/a> (le Fonds) et <a href=\"https:\/\/rsf.org\/en\"><strong>Reporters sans fronti\u00e8res<\/strong><\/a> (RSF), le<strong> <\/strong><a href=\"https:\/\/informationdemocracy.org\/\"><strong>Forum sur l&rsquo;information et la d\u00e9mocratie<\/strong><\/a> (le Forum), ont convenu de \u00ab\u00a0d\u00e9velopper des relations de travail et des synergies aussi \u00e9troites que possible entre les trois organisations\u00a0\u00bb.  <\/p>\n\n<p>Les trois organisations ont sign\u00e9 le protocole d&rsquo;accord lors de la <a href=\"https:\/\/mfctallinn.humanrightsestonia.ee\/\"><strong>Conf\u00e9rence mondiale pour la libert\u00e9 des m\u00e9dias<\/strong><\/a> \u00e0 Tallinn, en Estonie (9-10 f\u00e9vrier), o\u00f9 elles ont discut\u00e9 de l&rsquo;aggravation des menaces pesant sur la libert\u00e9 et la viabilit\u00e9 des m\u00e9dias ind\u00e9pendants dans le monde. Cette relation renforc\u00e9e s&rsquo;appuie sur les collaborations existantes entre les trois organisations et pr\u00e9voit le partage de plateformes et d&rsquo;outils de plaidoyer.   <\/p>\n\n<p>Christophe Deloire, secr\u00e9taire g\u00e9n\u00e9ral de RSF, a d\u00e9clar\u00e9 : \u00ab\u00a0Le changement de paradigme de l&rsquo;\u00e9cosyst\u00e8me de l&rsquo;information est si crucial que nous devons renouveler la pens\u00e9e, les ambitions et les strat\u00e9gies mondiales de mani\u00e8re innovante et inclusive. Il est essentiel que des organisations comme la n\u00f4tre collaborent \u00e0 un moment o\u00f9 le journalisme ind\u00e9pendant est en danger. Il est de notre devoir urgent de cr\u00e9er les conditions d&rsquo;un avenir positif pour le droit \u00e0 l&rsquo;information.  <\/p>\n\n<p>Camille Grenier, responsable des op\u00e9rations pour le Forum sur l&rsquo;information et la d\u00e9mocratie, a d\u00e9clar\u00e9 : Dans son rapport intitul\u00e9 <em>\u00ab\u00a0Un nouveau pacte pour le journalisme\u00a0\u00bb, <\/em>le Forum a appel\u00e9 les gouvernements \u00e0 consacrer jusqu&rsquo;\u00e0 1 % de leur aide publique au d\u00e9veloppement (APD) aux m\u00e9dias ind\u00e9pendants ; l&rsquo;IFPIM est un m\u00e9canisme concret pour contribuer \u00e0 cet objectif.  <\/p>\n\n<p>James Deane, cofondateur et directeur par int\u00e9rim du Fonds international pour les m\u00e9dias d&rsquo;int\u00e9r\u00eat public, a d\u00e9clar\u00e9 : \u00ab\u00a0La collaboration est essentielle : \u00ab\u00a0La collaboration est essentielle. Le mod\u00e8le \u00e9conomique des m\u00e9dias ind\u00e9pendants dans le monde entier est en panne. Si la communaut\u00e9 internationale ne s&rsquo;unit pas pour aider les m\u00e9dias \u00e0 \u00e9voluer et \u00e0 trouver de nouveaux moyens de rendre l&rsquo;information de qualit\u00e9 payante, nous assisterons \u00e0 un ph\u00e9nom\u00e8ne d&rsquo;extinction qui affaiblira les soci\u00e9t\u00e9s d\u00e9mocratiques partout dans le monde.<\/p>\n\n<p>La nouvelle collaboration comprend<\/p>\n\n<ul class=\"wp-block-list\"><li>Collaborer plus \u00e9troitement \u00e0 des initiatives de plaidoyer au niveau mondial, notamment le <em>New Deal for Journalism<\/em> du Forum, une strat\u00e9gie visant \u00e0 soutenir le journalisme ind\u00e9pendant dans le monde entier. Cette strat\u00e9gie inclut le Fonds en tant que solution pour augmenter les niveaux d&rsquo;aide au d\u00e9veloppement des m\u00e9dias dans le monde.   <\/li><li>Le Fonds utilise l&rsquo;Initiative fiduciaire pour le journalisme (JTI) d\u00e9velopp\u00e9e par RSF et ses partenaires comme un m\u00e9canisme cl\u00e9 de diligence raisonnable pour informer et guider ses d\u00e9cisions quant aux organisations de m\u00e9dias qu&rsquo;il soutiendra dans les pays \u00e0 revenu faible et interm\u00e9diaire.<\/li><li>Le Fonds accepte formellement d&rsquo;utiliser le classement de la libert\u00e9 de la presse de RSF pour guider son travail, la localisation de son si\u00e8ge r\u00e9gional et la composition de son conseil consultatif.  <\/li><\/ul>\n\n<p>La relation plus \u00e9troite inscrite dans le protocole d&rsquo;accord s&rsquo;appuie sur les collaborations existantes entre les trois organisations. Chacune a d\u00e9fendu les int\u00e9r\u00eats des autres ; le Forum et RSF ont \u00e9t\u00e9 membres du comit\u00e9 consultatif du Fonds ; et la copr\u00e9sidente du Fonds, Maria Ressa, s&rsquo;est fortement impliqu\u00e9e dans l&rsquo;initiative sur l&rsquo;information et la d\u00e9mocratie lanc\u00e9e par RSF. <\/p>\n","protected":false},"excerpt":{"rendered":"<p>Tallinn, Estonie &#8211; Deux des initiatives internationales les plus ambitieuses mises en place pour faire face \u00e0 l&rsquo;extinction potentielle des m\u00e9dias et soutenir le droit \u00e0 l&rsquo;information dans le monde entier ont sign\u00e9 aujourd&rsquo;hui un protocole d&rsquo;accord en vue d&rsquo;une collaboration plus \u00e9troite. Le Fonds international pour les m\u00e9dias d&rsquo;int\u00e9r\u00eat public Fonds international pour les [&hellip;]<\/p>\n","protected":false},"author":2,"featured_media":12931,"comment_status":"closed","ping_status":"open","sticky":false,"template":"","format":"standard","meta":{"_acf_changed":false,"footnotes":""},"categories":[56],"tags":[],"contenu-mis-en-avant":[],"thematic":[],"workstream":[],"class_list":["post-12932","post","type-post","status-publish","format-standard","has-post-thumbnail","hentry","category-non-classe"],"acf":[],"yoast_head":"<!-- This site is optimized with the Yoast SEO plugin v27.4 - https:\/\/yoast.com\/product\/yoast-seo-wordpress\/ -->\n<title>Le Forum sur l\u2019information et la d\u00e9mocratie et Reporters sans fronti\u00e8res (RSF) signent un protocole d\u2019accord avec le Fonds International pour les M\u00e9dias d\u2019Int\u00e9r\u00eat Public (IFPIM) - Forum Information &amp; Democracy<\/title>\n<meta name=\"robots\" content=\"index, follow, max-snippet:-1, max-image-preview:large, max-video-preview:-1\" \/>\n<link rel=\"canonical\" href=\"https:\/\/informationdemocracy.org\/fr\/2022\/02\/09\/le-forum-sur-linformation-et-la-democratie-et-reporters-sans-frontieres-rsf-signent-un-protocole-daccord-avec-le-fonds-international-pour-les-medias-dinteret-public-ifpim\/\" \/>\n<meta property=\"og:locale\" content=\"fr_FR\" \/>\n<meta property=\"og:type\" content=\"article\" \/>\n<meta property=\"og:title\" content=\"Le Forum sur l\u2019information et la d\u00e9mocratie et Reporters sans fronti\u00e8res (RSF) signent un protocole d\u2019accord avec le Fonds International pour les M\u00e9dias d\u2019Int\u00e9r\u00eat Public (IFPIM) - Forum Information &amp; Democracy\" \/>\n<meta property=\"og:description\" content=\"Tallinn, Estonie &#8211; Deux des initiatives internationales les plus ambitieuses mises en place pour faire face \u00e0 l&rsquo;extinction potentielle des m\u00e9dias et soutenir le droit \u00e0 l&rsquo;information dans le monde entier ont sign\u00e9 aujourd&rsquo;hui un protocole d&rsquo;accord en vue d&rsquo;une collaboration plus \u00e9troite. Le Fonds international pour les m\u00e9dias d&rsquo;int\u00e9r\u00eat public Fonds international pour les [&hellip;]\" \/>\n<meta property=\"og:url\" content=\"https:\/\/informationdemocracy.org\/fr\/2022\/02\/09\/le-forum-sur-linformation-et-la-democratie-et-reporters-sans-frontieres-rsf-signent-un-protocole-daccord-avec-le-fonds-international-pour-les-medias-dinteret-public-ifpim\/\" \/>\n<meta property=\"og:site_name\" content=\"Forum Information &amp; Democracy\" \/>\n<meta property=\"article:published_time\" content=\"2022-02-09T17:15:25+00:00\" \/>\n<meta property=\"article:modified_time\" content=\"2025-09-21T00:27:19+00:00\" \/>\n<meta property=\"og:image\" content=\"https:\/\/informationdemocracy.org\/wp-content\/uploads\/2022\/02\/WhatsApp-Image-2022-02-09-at-19.11.32.jpeg\" \/>\n\t<meta property=\"og:image:width\" content=\"1600\" \/>\n\t<meta property=\"og:image:height\" content=\"900\" \/>\n\t<meta property=\"og:image:type\" content=\"image\/jpeg\" \/>\n<meta name=\"author\" content=\"informationdemocracywebsite\" \/>\n<meta name=\"twitter:card\" content=\"summary_large_image\" \/>\n<meta name=\"twitter:image\" content=\"https:\/\/informationdemocracy.org\/wp-content\/uploads\/2022\/02\/WhatsApp-Image-2022-02-09-at-19.11.32.jpeg\" \/>\n<meta name=\"twitter:label1\" content=\"\u00c9crit par\" \/>\n\t<meta name=\"twitter:data1\" content=\"informationdemocracywebsite\" \/>\n\t<meta name=\"twitter:label2\" content=\"Dur\u00e9e de lecture estim\u00e9e\" \/>\n\t<meta name=\"twitter:data2\" content=\"3 minutes\" \/>\n<script type=\"application\/ld+json\" class=\"yoast-schema-graph\">{\"@context\":\"https:\\\/\\\/schema.org\",\"@graph\":[{\"@type\":\"Article\",\"@id\":\"https:\\\/\\\/informationdemocracy.org\\\/fr\\\/2022\\\/02\\\/09\\\/le-forum-sur-linformation-et-la-democratie-et-reporters-sans-frontieres-rsf-signent-un-protocole-daccord-avec-le-fonds-international-pour-les-medias-dinteret-public-ifpim\\\/#article\",\"isPartOf\":{\"@id\":\"https:\\\/\\\/informationdemocracy.org\\\/fr\\\/2022\\\/02\\\/09\\\/le-forum-sur-linformation-et-la-democratie-et-reporters-sans-frontieres-rsf-signent-un-protocole-daccord-avec-le-fonds-international-pour-les-medias-dinteret-public-ifpim\\\/\"},\"author\":{\"name\":\"informationdemocracywebsite\",\"@id\":\"https:\\\/\\\/informationdemocracy.org\\\/fr\\\/#\\\/schema\\\/person\\\/48ea335c80804b99e13cfa6bf4c2f7dd\"},\"headline\":\"Le Forum sur l\u2019information et la d\u00e9mocratie et Reporters sans fronti\u00e8res (RSF) signent un protocole d\u2019accord avec le Fonds International pour les M\u00e9dias d\u2019Int\u00e9r\u00eat Public (IFPIM)\",\"datePublished\":\"2022-02-09T17:15:25+00:00\",\"dateModified\":\"2025-09-21T00:27:19+00:00\",\"mainEntityOfPage\":{\"@id\":\"https:\\\/\\\/informationdemocracy.org\\\/fr\\\/2022\\\/02\\\/09\\\/le-forum-sur-linformation-et-la-democratie-et-reporters-sans-frontieres-rsf-signent-un-protocole-daccord-avec-le-fonds-international-pour-les-medias-dinteret-public-ifpim\\\/\"},\"wordCount\":675,\"publisher\":{\"@id\":\"https:\\\/\\\/informationdemocracy.org\\\/fr\\\/#organization\"},\"image\":{\"@id\":\"https:\\\/\\\/informationdemocracy.org\\\/fr\\\/2022\\\/02\\\/09\\\/le-forum-sur-linformation-et-la-democratie-et-reporters-sans-frontieres-rsf-signent-un-protocole-daccord-avec-le-fonds-international-pour-les-medias-dinteret-public-ifpim\\\/#primaryimage\"},\"thumbnailUrl\":\"https:\\\/\\\/informationdemocracy.org\\\/wp-content\\\/uploads\\\/2022\\\/02\\\/WhatsApp-Image-2022-02-09-at-19.11.32.jpeg\",\"inLanguage\":\"fr-FR\"},{\"@type\":\"WebPage\",\"@id\":\"https:\\\/\\\/informationdemocracy.org\\\/fr\\\/2022\\\/02\\\/09\\\/le-forum-sur-linformation-et-la-democratie-et-reporters-sans-frontieres-rsf-signent-un-protocole-daccord-avec-le-fonds-international-pour-les-medias-dinteret-public-ifpim\\\/\",\"url\":\"https:\\\/\\\/informationdemocracy.org\\\/fr\\\/2022\\\/02\\\/09\\\/le-forum-sur-linformation-et-la-democratie-et-reporters-sans-frontieres-rsf-signent-un-protocole-daccord-avec-le-fonds-international-pour-les-medias-dinteret-public-ifpim\\\/\",\"name\":\"Le Forum sur l\u2019information et la d\u00e9mocratie et Reporters sans fronti\u00e8res (RSF) signent un protocole d\u2019accord avec le Fonds International pour les M\u00e9dias d\u2019Int\u00e9r\u00eat Public (IFPIM) - Forum Information &amp; Democracy\",\"isPartOf\":{\"@id\":\"https:\\\/\\\/informationdemocracy.org\\\/fr\\\/#website\"},\"primaryImageOfPage\":{\"@id\":\"https:\\\/\\\/informationdemocracy.org\\\/fr\\\/2022\\\/02\\\/09\\\/le-forum-sur-linformation-et-la-democratie-et-reporters-sans-frontieres-rsf-signent-un-protocole-daccord-avec-le-fonds-international-pour-les-medias-dinteret-public-ifpim\\\/#primaryimage\"},\"image\":{\"@id\":\"https:\\\/\\\/informationdemocracy.org\\\/fr\\\/2022\\\/02\\\/09\\\/le-forum-sur-linformation-et-la-democratie-et-reporters-sans-frontieres-rsf-signent-un-protocole-daccord-avec-le-fonds-international-pour-les-medias-dinteret-public-ifpim\\\/#primaryimage\"},\"thumbnailUrl\":\"https:\\\/\\\/informationdemocracy.org\\\/wp-content\\\/uploads\\\/2022\\\/02\\\/WhatsApp-Image-2022-02-09-at-19.11.32.jpeg\",\"datePublished\":\"2022-02-09T17:15:25+00:00\",\"dateModified\":\"2025-09-21T00:27:19+00:00\",\"breadcrumb\":{\"@id\":\"https:\\\/\\\/informationdemocracy.org\\\/fr\\\/2022\\\/02\\\/09\\\/le-forum-sur-linformation-et-la-democratie-et-reporters-sans-frontieres-rsf-signent-un-protocole-daccord-avec-le-fonds-international-pour-les-medias-dinteret-public-ifpim\\\/#breadcrumb\"},\"inLanguage\":\"fr-FR\",\"potentialAction\":[{\"@type\":\"ReadAction\",\"target\":[\"https:\\\/\\\/informationdemocracy.org\\\/fr\\\/2022\\\/02\\\/09\\\/le-forum-sur-linformation-et-la-democratie-et-reporters-sans-frontieres-rsf-signent-un-protocole-daccord-avec-le-fonds-international-pour-les-medias-dinteret-public-ifpim\\\/\"]}]},{\"@type\":\"ImageObject\",\"inLanguage\":\"fr-FR\",\"@id\":\"https:\\\/\\\/informationdemocracy.org\\\/fr\\\/2022\\\/02\\\/09\\\/le-forum-sur-linformation-et-la-democratie-et-reporters-sans-frontieres-rsf-signent-un-protocole-daccord-avec-le-fonds-international-pour-les-medias-dinteret-public-ifpim\\\/#primaryimage\",\"url\":\"https:\\\/\\\/informationdemocracy.org\\\/wp-content\\\/uploads\\\/2022\\\/02\\\/WhatsApp-Image-2022-02-09-at-19.11.32.jpeg\",\"contentUrl\":\"https:\\\/\\\/informationdemocracy.org\\\/wp-content\\\/uploads\\\/2022\\\/02\\\/WhatsApp-Image-2022-02-09-at-19.11.32.jpeg\",\"width\":1600,\"height\":900},{\"@type\":\"BreadcrumbList\",\"@id\":\"https:\\\/\\\/informationdemocracy.org\\\/fr\\\/2022\\\/02\\\/09\\\/le-forum-sur-linformation-et-la-democratie-et-reporters-sans-frontieres-rsf-signent-un-protocole-daccord-avec-le-fonds-international-pour-les-medias-dinteret-public-ifpim\\\/#breadcrumb\",\"itemListElement\":[{\"@type\":\"ListItem\",\"position\":1,\"name\":\"Accueil\",\"item\":\"https:\\\/\\\/informationdemocracy.org\\\/fr\\\/\"},{\"@type\":\"ListItem\",\"position\":2,\"name\":\"Le Forum sur l\u2019information et la d\u00e9mocratie et Reporters sans fronti\u00e8res (RSF) signent un protocole d\u2019accord avec le Fonds International pour les M\u00e9dias d\u2019Int\u00e9r\u00eat Public (IFPIM)\"}]},{\"@type\":\"WebSite\",\"@id\":\"https:\\\/\\\/informationdemocracy.org\\\/fr\\\/#website\",\"url\":\"https:\\\/\\\/informationdemocracy.org\\\/fr\\\/\",\"name\":\"Forum on Information & Democracy\",\"description\":\"\",\"publisher\":{\"@id\":\"https:\\\/\\\/informationdemocracy.org\\\/fr\\\/#organization\"},\"potentialAction\":[{\"@type\":\"SearchAction\",\"target\":{\"@type\":\"EntryPoint\",\"urlTemplate\":\"https:\\\/\\\/informationdemocracy.org\\\/fr\\\/?s={search_term_string}\"},\"query-input\":{\"@type\":\"PropertyValueSpecification\",\"valueRequired\":true,\"valueName\":\"search_term_string\"}}],\"inLanguage\":\"fr-FR\"},{\"@type\":\"Organization\",\"@id\":\"https:\\\/\\\/informationdemocracy.org\\\/fr\\\/#organization\",\"name\":\"Forum on Information & Democracy\",\"url\":\"https:\\\/\\\/informationdemocracy.org\\\/fr\\\/\",\"logo\":{\"@type\":\"ImageObject\",\"inLanguage\":\"fr-FR\",\"@id\":\"https:\\\/\\\/informationdemocracy.org\\\/fr\\\/#\\\/schema\\\/logo\\\/image\\\/\",\"url\":\"https:\\\/\\\/informationdemocracy.org\\\/wp-content\\\/uploads\\\/2025\\\/09\\\/Logo.svg\",\"contentUrl\":\"https:\\\/\\\/informationdemocracy.org\\\/wp-content\\\/uploads\\\/2025\\\/09\\\/Logo.svg\",\"width\":168,\"height\":51,\"caption\":\"Forum on Information & Democracy\"},\"image\":{\"@id\":\"https:\\\/\\\/informationdemocracy.org\\\/fr\\\/#\\\/schema\\\/logo\\\/image\\\/\"},\"sameAs\":[\"https:\\\/\\\/www.linkedin.com\\\/company\\\/forum-information-democracy\",\"https:\\\/\\\/www.youtube.com\\\/playlist?list=PL-yF0NqTYQU2B3I97oh3Dv2Dfevd8ThM_\",\"https:\\\/\\\/www.instagram.com\\\/foruminformationdemocracy\\\/\"]},{\"@type\":\"Person\",\"@id\":\"https:\\\/\\\/informationdemocracy.org\\\/fr\\\/#\\\/schema\\\/person\\\/48ea335c80804b99e13cfa6bf4c2f7dd\",\"name\":\"informationdemocracywebsite\",\"image\":{\"@type\":\"ImageObject\",\"inLanguage\":\"fr-FR\",\"@id\":\"https:\\\/\\\/secure.gravatar.com\\\/avatar\\\/33c6a406643df806a5494363b5db420a409e4a8dc49952dd63ae5da7fb946c0c?s=96&d=mm&r=g\",\"url\":\"https:\\\/\\\/secure.gravatar.com\\\/avatar\\\/33c6a406643df806a5494363b5db420a409e4a8dc49952dd63ae5da7fb946c0c?s=96&d=mm&r=g\",\"contentUrl\":\"https:\\\/\\\/secure.gravatar.com\\\/avatar\\\/33c6a406643df806a5494363b5db420a409e4a8dc49952dd63ae5da7fb946c0c?s=96&d=mm&r=g\",\"caption\":\"informationdemocracywebsite\"},\"url\":\"https:\\\/\\\/informationdemocracy.org\\\/fr\\\/author\\\/informationdemocracywebsite\\\/\"}]}<\/script>\n<!-- \/ Yoast SEO plugin. -->","yoast_head_json":{"title":"Le Forum sur l\u2019information et la d\u00e9mocratie et Reporters sans fronti\u00e8res (RSF) signent un protocole d\u2019accord avec le Fonds International pour les M\u00e9dias d\u2019Int\u00e9r\u00eat Public (IFPIM) - Forum Information &amp; Democracy","robots":{"index":"index","follow":"follow","max-snippet":"max-snippet:-1","max-image-preview":"max-image-preview:large","max-video-preview":"max-video-preview:-1"},"canonical":"https:\/\/informationdemocracy.org\/fr\/2022\/02\/09\/le-forum-sur-linformation-et-la-democratie-et-reporters-sans-frontieres-rsf-signent-un-protocole-daccord-avec-le-fonds-international-pour-les-medias-dinteret-public-ifpim\/","og_locale":"fr_FR","og_type":"article","og_title":"Le Forum sur l\u2019information et la d\u00e9mocratie et Reporters sans fronti\u00e8res (RSF) signent un protocole d\u2019accord avec le Fonds International pour les M\u00e9dias d\u2019Int\u00e9r\u00eat Public (IFPIM) - Forum Information &amp; Democracy","og_description":"Tallinn, Estonie &#8211; Deux des initiatives internationales les plus ambitieuses mises en place pour faire face \u00e0 l&rsquo;extinction potentielle des m\u00e9dias et soutenir le droit \u00e0 l&rsquo;information dans le monde entier ont sign\u00e9 aujourd&rsquo;hui un protocole d&rsquo;accord en vue d&rsquo;une collaboration plus \u00e9troite. Le Fonds international pour les m\u00e9dias d&rsquo;int\u00e9r\u00eat public Fonds international pour les [&hellip;]","og_url":"https:\/\/informationdemocracy.org\/fr\/2022\/02\/09\/le-forum-sur-linformation-et-la-democratie-et-reporters-sans-frontieres-rsf-signent-un-protocole-daccord-avec-le-fonds-international-pour-les-medias-dinteret-public-ifpim\/","og_site_name":"Forum Information &amp; Democracy","article_published_time":"2022-02-09T17:15:25+00:00","article_modified_time":"2025-09-21T00:27:19+00:00","og_image":[{"width":1600,"height":900,"url":"https:\/\/informationdemocracy.org\/wp-content\/uploads\/2022\/02\/WhatsApp-Image-2022-02-09-at-19.11.32.jpeg","type":"image\/jpeg"}],"author":"informationdemocracywebsite","twitter_card":"summary_large_image","twitter_image":"https:\/\/informationdemocracy.org\/wp-content\/uploads\/2022\/02\/WhatsApp-Image-2022-02-09-at-19.11.32.jpeg","twitter_misc":{"\u00c9crit par":"informationdemocracywebsite","Dur\u00e9e de lecture estim\u00e9e":"3 minutes"},"schema":{"@context":"https:\/\/schema.org","@graph":[{"@type":"Article","@id":"https:\/\/informationdemocracy.org\/fr\/2022\/02\/09\/le-forum-sur-linformation-et-la-democratie-et-reporters-sans-frontieres-rsf-signent-un-protocole-daccord-avec-le-fonds-international-pour-les-medias-dinteret-public-ifpim\/#article","isPartOf":{"@id":"https:\/\/informationdemocracy.org\/fr\/2022\/02\/09\/le-forum-sur-linformation-et-la-democratie-et-reporters-sans-frontieres-rsf-signent-un-protocole-daccord-avec-le-fonds-international-pour-les-medias-dinteret-public-ifpim\/"},"author":{"name":"informationdemocracywebsite","@id":"https:\/\/informationdemocracy.org\/fr\/#\/schema\/person\/48ea335c80804b99e13cfa6bf4c2f7dd"},"headline":"Le Forum sur l\u2019information et la d\u00e9mocratie et Reporters sans fronti\u00e8res (RSF) signent un protocole d\u2019accord avec le Fonds International pour les M\u00e9dias d\u2019Int\u00e9r\u00eat Public (IFPIM)","datePublished":"2022-02-09T17:15:25+00:00","dateModified":"2025-09-21T00:27:19+00:00","mainEntityOfPage":{"@id":"https:\/\/informationdemocracy.org\/fr\/2022\/02\/09\/le-forum-sur-linformation-et-la-democratie-et-reporters-sans-frontieres-rsf-signent-un-protocole-daccord-avec-le-fonds-international-pour-les-medias-dinteret-public-ifpim\/"},"wordCount":675,"publisher":{"@id":"https:\/\/informationdemocracy.org\/fr\/#organization"},"image":{"@id":"https:\/\/informationdemocracy.org\/fr\/2022\/02\/09\/le-forum-sur-linformation-et-la-democratie-et-reporters-sans-frontieres-rsf-signent-un-protocole-daccord-avec-le-fonds-international-pour-les-medias-dinteret-public-ifpim\/#primaryimage"},"thumbnailUrl":"https:\/\/informationdemocracy.org\/wp-content\/uploads\/2022\/02\/WhatsApp-Image-2022-02-09-at-19.11.32.jpeg","inLanguage":"fr-FR"},{"@type":"WebPage","@id":"https:\/\/informationdemocracy.org\/fr\/2022\/02\/09\/le-forum-sur-linformation-et-la-democratie-et-reporters-sans-frontieres-rsf-signent-un-protocole-daccord-avec-le-fonds-international-pour-les-medias-dinteret-public-ifpim\/","url":"https:\/\/informationdemocracy.org\/fr\/2022\/02\/09\/le-forum-sur-linformation-et-la-democratie-et-reporters-sans-frontieres-rsf-signent-un-protocole-daccord-avec-le-fonds-international-pour-les-medias-dinteret-public-ifpim\/","name":"Le Forum sur l\u2019information et la d\u00e9mocratie et Reporters sans fronti\u00e8res (RSF) signent un protocole d\u2019accord avec le Fonds International pour les M\u00e9dias d\u2019Int\u00e9r\u00eat Public (IFPIM) - Forum Information &amp; Democracy","isPartOf":{"@id":"https:\/\/informationdemocracy.org\/fr\/#website"},"primaryImageOfPage":{"@id":"https:\/\/informationdemocracy.org\/fr\/2022\/02\/09\/le-forum-sur-linformation-et-la-democratie-et-reporters-sans-frontieres-rsf-signent-un-protocole-daccord-avec-le-fonds-international-pour-les-medias-dinteret-public-ifpim\/#primaryimage"},"image":{"@id":"https:\/\/informationdemocracy.org\/fr\/2022\/02\/09\/le-forum-sur-linformation-et-la-democratie-et-reporters-sans-frontieres-rsf-signent-un-protocole-daccord-avec-le-fonds-international-pour-les-medias-dinteret-public-ifpim\/#primaryimage"},"thumbnailUrl":"https:\/\/informationdemocracy.org\/wp-content\/uploads\/2022\/02\/WhatsApp-Image-2022-02-09-at-19.11.32.jpeg","datePublished":"2022-02-09T17:15:25+00:00","dateModified":"2025-09-21T00:27:19+00:00","breadcrumb":{"@id":"https:\/\/informationdemocracy.org\/fr\/2022\/02\/09\/le-forum-sur-linformation-et-la-democratie-et-reporters-sans-frontieres-rsf-signent-un-protocole-daccord-avec-le-fonds-international-pour-les-medias-dinteret-public-ifpim\/#breadcrumb"},"inLanguage":"fr-FR","potentialAction":[{"@type":"ReadAction","target":["https:\/\/informationdemocracy.org\/fr\/2022\/02\/09\/le-forum-sur-linformation-et-la-democratie-et-reporters-sans-frontieres-rsf-signent-un-protocole-daccord-avec-le-fonds-international-pour-les-medias-dinteret-public-ifpim\/"]}]},{"@type":"ImageObject","inLanguage":"fr-FR","@id":"https:\/\/informationdemocracy.org\/fr\/2022\/02\/09\/le-forum-sur-linformation-et-la-democratie-et-reporters-sans-frontieres-rsf-signent-un-protocole-daccord-avec-le-fonds-international-pour-les-medias-dinteret-public-ifpim\/#primaryimage","url":"https:\/\/informationdemocracy.org\/wp-content\/uploads\/2022\/02\/WhatsApp-Image-2022-02-09-at-19.11.32.jpeg","contentUrl":"https:\/\/informationdemocracy.org\/wp-content\/uploads\/2022\/02\/WhatsApp-Image-2022-02-09-at-19.11.32.jpeg","width":1600,"height":900},{"@type":"BreadcrumbList","@id":"https:\/\/informationdemocracy.org\/fr\/2022\/02\/09\/le-forum-sur-linformation-et-la-democratie-et-reporters-sans-frontieres-rsf-signent-un-protocole-daccord-avec-le-fonds-international-pour-les-medias-dinteret-public-ifpim\/#breadcrumb","itemListElement":[{"@type":"ListItem","position":1,"name":"Accueil","item":"https:\/\/informationdemocracy.org\/fr\/"},{"@type":"ListItem","position":2,"name":"Le Forum sur l\u2019information et la d\u00e9mocratie et Reporters sans fronti\u00e8res (RSF) signent un protocole d\u2019accord avec le Fonds International pour les M\u00e9dias d\u2019Int\u00e9r\u00eat Public (IFPIM)"}]},{"@type":"WebSite","@id":"https:\/\/informationdemocracy.org\/fr\/#website","url":"https:\/\/informationdemocracy.org\/fr\/","name":"Forum on Information & Democracy","description":"","publisher":{"@id":"https:\/\/informationdemocracy.org\/fr\/#organization"},"potentialAction":[{"@type":"SearchAction","target":{"@type":"EntryPoint","urlTemplate":"https:\/\/informationdemocracy.org\/fr\/?s={search_term_string}"},"query-input":{"@type":"PropertyValueSpecification","valueRequired":true,"valueName":"search_term_string"}}],"inLanguage":"fr-FR"},{"@type":"Organization","@id":"https:\/\/informationdemocracy.org\/fr\/#organization","name":"Forum on Information & Democracy","url":"https:\/\/informationdemocracy.org\/fr\/","logo":{"@type":"ImageObject","inLanguage":"fr-FR","@id":"https:\/\/informationdemocracy.org\/fr\/#\/schema\/logo\/image\/","url":"https:\/\/informationdemocracy.org\/wp-content\/uploads\/2025\/09\/Logo.svg","contentUrl":"https:\/\/informationdemocracy.org\/wp-content\/uploads\/2025\/09\/Logo.svg","width":168,"height":51,"caption":"Forum on Information & Democracy"},"image":{"@id":"https:\/\/informationdemocracy.org\/fr\/#\/schema\/logo\/image\/"},"sameAs":["https:\/\/www.linkedin.com\/company\/forum-information-democracy","https:\/\/www.youtube.com\/playlist?list=PL-yF0NqTYQU2B3I97oh3Dv2Dfevd8ThM_","https:\/\/www.instagram.com\/foruminformationdemocracy\/"]},{"@type":"Person","@id":"https:\/\/informationdemocracy.org\/fr\/#\/schema\/person\/48ea335c80804b99e13cfa6bf4c2f7dd","name":"informationdemocracywebsite","image":{"@type":"ImageObject","inLanguage":"fr-FR","@id":"https:\/\/secure.gravatar.com\/avatar\/33c6a406643df806a5494363b5db420a409e4a8dc49952dd63ae5da7fb946c0c?s=96&d=mm&r=g","url":"https:\/\/secure.gravatar.com\/avatar\/33c6a406643df806a5494363b5db420a409e4a8dc49952dd63ae5da7fb946c0c?s=96&d=mm&r=g","contentUrl":"https:\/\/secure.gravatar.com\/avatar\/33c6a406643df806a5494363b5db420a409e4a8dc49952dd63ae5da7fb946c0c?s=96&d=mm&r=g","caption":"informationdemocracywebsite"},"url":"https:\/\/informationdemocracy.org\/fr\/author\/informationdemocracywebsite\/"}]}},"_links":{"self":[{"href":"https:\/\/informationdemocracy.org\/fr\/wp-json\/wp\/v2\/posts\/12932","targetHints":{"allow":["GET"]}}],"collection":[{"href":"https:\/\/informationdemocracy.org\/fr\/wp-json\/wp\/v2\/posts"}],"about":[{"href":"https:\/\/informationdemocracy.org\/fr\/wp-json\/wp\/v2\/types\/post"}],"author":[{"embeddable":true,"href":"https:\/\/informationdemocracy.org\/fr\/wp-json\/wp\/v2\/users\/2"}],"replies":[{"embeddable":true,"href":"https:\/\/informationdemocracy.org\/fr\/wp-json\/wp\/v2\/comments?post=12932"}],"version-history":[{"count":0,"href":"https:\/\/informationdemocracy.org\/fr\/wp-json\/wp\/v2\/posts\/12932\/revisions"}],"wp:featuredmedia":[{"embeddable":true,"href":"https:\/\/informationdemocracy.org\/fr\/wp-json\/wp\/v2\/media\/12931"}],"wp:attachment":[{"href":"https:\/\/informationdemocracy.org\/fr\/wp-json\/wp\/v2\/media?parent=12932"}],"wp:term":[{"taxonomy":"category","embeddable":true,"href":"https:\/\/informationdemocracy.org\/fr\/wp-json\/wp\/v2\/categories?post=12932"},{"taxonomy":"post_tag","embeddable":true,"href":"https:\/\/informationdemocracy.org\/fr\/wp-json\/wp\/v2\/tags?post=12932"},{"taxonomy":"contenu-mis-en-avant","embeddable":true,"href":"https:\/\/informationdemocracy.org\/fr\/wp-json\/wp\/v2\/contenu-mis-en-avant?post=12932"},{"taxonomy":"thematic","embeddable":true,"href":"https:\/\/informationdemocracy.org\/fr\/wp-json\/wp\/v2\/thematic?post=12932"},{"taxonomy":"workstream","embeddable":true,"href":"https:\/\/informationdemocracy.org\/fr\/wp-json\/wp\/v2\/workstream?post=12932"}],"curies":[{"name":"wp","href":"https:\/\/api.w.org\/{rel}","templated":true}]}}