{"id":13135,"date":"2025-09-11T10:28:44","date_gmt":"2025-09-11T08:28:44","guid":{"rendered":"https:\/\/informationdemocracy.org\/2025\/09\/30\/regulatory-approaches-and-safeguarding-encryption-latest-insights-from-policy-discussions-on-private-messaging-platforms\/"},"modified":"2025-09-30T10:37:24","modified_gmt":"2025-09-30T08:37:24","slug":"cadres-reglementaires-et-protection-du-chiffrement-tendances-recentes-du-debat-sur-les-messageries-privees","status":"publish","type":"post","link":"https:\/\/informationdemocracy.org\/fr\/2025\/09\/11\/cadres-reglementaires-et-protection-du-chiffrement-tendances-recentes-du-debat-sur-les-messageries-privees\/","title":{"rendered":"Cadres r\u00e9glementaires et protection du chiffrement &#8211; tendances r\u00e9centes du d\u00e9bat sur les messageries priv\u00e9es"},"content":{"rendered":"\n<p><em>Le 11 septembre 2025, le Partenariat pour l\u2019Information et la D\u00e9mocratie a tenu la troisi\u00e8me r\u00e9union de son groupe de travail sur le th\u00e8me\u00a0<strong>\u00ab Renforcer l\u2019int\u00e9grit\u00e9 de l\u2019information sur les plateformes de messagerie priv\u00e9e \u00bb<\/strong>, dirig\u00e9 par l\u2019Ukraine et le Luxembourg. La discussion a port\u00e9 sur des approches politiques concr\u00e8tes visant \u00e0 promouvoir l\u2019int\u00e9grit\u00e9 de l\u2019information sur ces plateformes.<\/em><\/p>\n\n\n\n<p><\/p>\n\n\n\n<h3 class=\"wp-block-heading\">Vers une approche r\u00e9glementaire<\/h3>\n\n\n\n<p>Un questionnaire adress\u00e9 aux \u00c9tats membres du Partenariat pour l\u2019Information et la D\u00e9mocratie, ainsi que des discussions avec la Commission europ\u00e9enne, ont r\u00e9v\u00e9l\u00e9 que les plateformes de messagerie priv\u00e9e demeurent un&nbsp;<strong>angle mort r\u00e9glementaire<\/strong>, malgr\u00e9 leur importance croissante dans l\u2019acc\u00e8s \u00e0 l\u2019information et leur r\u00f4le dans la diffusion de d\u00e9sinformation et de contenus ill\u00e9gaux.<\/p>\n\n\n\n<p>La r\u00e9union a permis de pr\u00e9senter et de discuter&nbsp;<strong>des premi\u00e8res recommandations r\u00e9glementaires<\/strong>, mettant l\u2019accent sur la n\u00e9cessit\u00e9 de r\u00e9guler&nbsp;<strong>les fonctionnalit\u00e9s plut\u00f4t que les plateformes elles-m\u00eames<\/strong>, l\u2019importance de d\u00e9finir des proc\u00e9dures pour distinguer les espaces priv\u00e9s et publics, et la protection du&nbsp;<strong>chiffrement de bout en bout<\/strong>, caract\u00e9ristique essentielle pour la vie priv\u00e9e, la protection des sources journalistiques et de la soci\u00e9t\u00e9 civile. Ces recommandations visent \u00e0 \u00e9tablir un cadre permettant de cr\u00e9er des&nbsp;<strong>r\u00e9gimes de responsabilit\u00e9<\/strong>&nbsp;pour les plateformes de messagerie priv\u00e9e, tout en reconnaissant leur nature \u00e9volutive.<\/p>\n\n\n\n<p><\/p>\n\n\n\n<h3 class=\"wp-block-heading\">Enseignements des approches en mati\u00e8re d\u2019\u00e9ducation aux m\u00e9dias<\/h3>\n\n\n\n<p>Bien que peu de cadres en mati\u00e8re d\u2019\u00e9ducation aux m\u00e9dias soient sp\u00e9cifiquement con\u00e7us pour r\u00e9pondre aux d\u00e9fis des plateformes de messagerie priv\u00e9e, ces approches permettent \u00e9galement d\u2019acqu\u00e9rir des comp\u00e9tences pour interagir de mani\u00e8re critique avec ces plateformes. L\u2019exemple de l\u2019Irlande a mis en \u00e9vidence&nbsp;<strong>la n\u00e9cessit\u00e9 d\u2019un apprentissage tout au long de la vie<\/strong>&nbsp;et l\u2019importance de partenaires locaux et fiables. L\u2019exemple ukrainien a montr\u00e9 des strat\u00e9gies visant \u00e0&nbsp;<strong>favoriser l\u2019engagement des jeunes par la cr\u00e9ativit\u00e9<\/strong>, m\u00eame en p\u00e9riode de conflit.<\/p>\n\n\n\n<p><\/p>\n\n\n\n<h3 class=\"wp-block-heading\">Le mythe du contournement du chiffrement<\/h3>\n\n\n\n<p>Enfin, la r\u00e9union a abord\u00e9 les&nbsp;<strong>id\u00e9es re\u00e7ues autour du contournement du chiffrement<\/strong>. Dans le cadre de la lutte contre les contenus d\u2019abus sexuels sur mineurs, il est r\u00e9guli\u00e8rement sugg\u00e9r\u00e9 de scanner les contenus tout en pr\u00e9tendant ne pas porter atteinte au chiffrement, comme c\u2019est le cas dans le d\u00e9bat actuel sur le projet de&nbsp;<strong>r\u00e8glement europ\u00e9en pour pr\u00e9venir et combattre les abus sexuels sur mineurs<\/strong>. La r\u00e9union a permis de&nbsp;<strong>d\u00e9mystifier ces propositions<\/strong>&nbsp;: le scanning c\u00f4t\u00e9 client, par exemple, ouvre la porte \u00e0 des fuites de s\u00e9curit\u00e9 et \u00e0 l\u2019acc\u00e8s \u00e0 des contenus priv\u00e9s, rendant le chiffrement de bout en bout inefficace. Exiger un scanning ou un signalement proactif des contenus est techniquement incompatible avec les services chiffr\u00e9s et ne devrait pas leur \u00eatre impos\u00e9.<\/p>\n\n\n\n<p><\/p>\n\n\n\n<p>La troisi\u00e8me r\u00e9union a soulign\u00e9 la n\u00e9cessit\u00e9&nbsp;<strong>d\u2019approches globales<\/strong>&nbsp;pour aborder la question des plateformes de messagerie priv\u00e9e, en reconnaissant comment certains acteurs peuvent exploiter les divisions dans la soci\u00e9t\u00e9 pour diffuser de la d\u00e9sinformation. Elle a r\u00e9affirm\u00e9 l\u2019importance que toute approche r\u00e9glementaire ou politique&nbsp;<strong>garantisse le chiffrement de bout en bout<\/strong>, vital pour la vie priv\u00e9e, la s\u00e9curit\u00e9 et les droits humains.<\/p>\n\n\n\n<p><\/p>\n","protected":false},"excerpt":{"rendered":"<p>Le 11 septembre 2025, le Partenariat pour l\u2019Information et la D\u00e9mocratie a tenu la troisi\u00e8me r\u00e9union de son groupe de travail sur le th\u00e8me\u00a0\u00ab Renforcer l\u2019int\u00e9grit\u00e9 de l\u2019information sur les plateformes de messagerie priv\u00e9e \u00bb, dirig\u00e9 par l\u2019Ukraine et le Luxembourg. La discussion a port\u00e9 sur des approches politiques concr\u00e8tes visant \u00e0 promouvoir l\u2019int\u00e9grit\u00e9 de [&hellip;]<\/p>\n","protected":false},"author":2,"featured_media":13136,"comment_status":"closed","ping_status":"closed","sticky":false,"template":"","format":"standard","meta":{"_acf_changed":false,"footnotes":""},"categories":[82],"tags":[],"contenu-mis-en-avant":[],"thematic":[69,70],"workstream":[39],"class_list":["post-13135","post","type-post","status-publish","format-standard","has-post-thumbnail","hentry","category-workstream-private-platforms","thematic-fiabilite-des-informations-en-ligne","thematic-transparence-et-responsabilite-des-big-tech","workstream-private-messaging-platforms"],"acf":[],"yoast_head":"<!-- This site is optimized with the Yoast SEO plugin v27.4 - https:\/\/yoast.com\/product\/yoast-seo-wordpress\/ -->\n<title>Cadres r\u00e9glementaires et protection du chiffrement - tendances r\u00e9centes du d\u00e9bat sur les messageries priv\u00e9es - Forum Information &amp; Democracy<\/title>\n<meta name=\"robots\" content=\"index, follow, max-snippet:-1, max-image-preview:large, max-video-preview:-1\" \/>\n<link rel=\"canonical\" href=\"https:\/\/informationdemocracy.org\/fr\/2025\/09\/11\/cadres-reglementaires-et-protection-du-chiffrement-tendances-recentes-du-debat-sur-les-messageries-privees\/\" \/>\n<meta property=\"og:locale\" content=\"fr_FR\" \/>\n<meta property=\"og:type\" content=\"article\" \/>\n<meta property=\"og:title\" content=\"Cadres r\u00e9glementaires et protection du chiffrement - tendances r\u00e9centes du d\u00e9bat sur les messageries priv\u00e9es - Forum Information &amp; Democracy\" \/>\n<meta property=\"og:description\" content=\"Le 11 septembre 2025, le Partenariat pour l\u2019Information et la D\u00e9mocratie a tenu la troisi\u00e8me r\u00e9union de son groupe de travail sur le th\u00e8me\u00a0\u00ab Renforcer l\u2019int\u00e9grit\u00e9 de l\u2019information sur les plateformes de messagerie priv\u00e9e \u00bb, dirig\u00e9 par l\u2019Ukraine et le Luxembourg. La discussion a port\u00e9 sur des approches politiques concr\u00e8tes visant \u00e0 promouvoir l\u2019int\u00e9grit\u00e9 de [&hellip;]\" \/>\n<meta property=\"og:url\" content=\"https:\/\/informationdemocracy.org\/fr\/2025\/09\/11\/cadres-reglementaires-et-protection-du-chiffrement-tendances-recentes-du-debat-sur-les-messageries-privees\/\" \/>\n<meta property=\"og:site_name\" content=\"Forum Information &amp; Democracy\" \/>\n<meta property=\"article:published_time\" content=\"2025-09-11T08:28:44+00:00\" \/>\n<meta property=\"article:modified_time\" content=\"2025-09-30T08:37:24+00:00\" \/>\n<meta property=\"og:image\" content=\"https:\/\/informationdemocracy.org\/wp-content\/uploads\/2025\/09\/Format-Bandeau-Website-1080-x-1080-px-3.png\" \/>\n\t<meta property=\"og:image:width\" content=\"1080\" \/>\n\t<meta property=\"og:image:height\" content=\"1080\" \/>\n\t<meta property=\"og:image:type\" content=\"image\/png\" \/>\n<meta name=\"author\" content=\"informationdemocracywebsite\" \/>\n<meta name=\"twitter:card\" content=\"summary_large_image\" \/>\n<meta name=\"twitter:label1\" content=\"\u00c9crit par\" \/>\n\t<meta name=\"twitter:data1\" content=\"informationdemocracywebsite\" \/>\n\t<meta name=\"twitter:label2\" content=\"Dur\u00e9e de lecture estim\u00e9e\" \/>\n\t<meta name=\"twitter:data2\" content=\"3 minutes\" \/>\n<script type=\"application\/ld+json\" class=\"yoast-schema-graph\">{\"@context\":\"https:\\\/\\\/schema.org\",\"@graph\":[{\"@type\":\"Article\",\"@id\":\"https:\\\/\\\/informationdemocracy.org\\\/fr\\\/2025\\\/09\\\/11\\\/cadres-reglementaires-et-protection-du-chiffrement-tendances-recentes-du-debat-sur-les-messageries-privees\\\/#article\",\"isPartOf\":{\"@id\":\"https:\\\/\\\/informationdemocracy.org\\\/fr\\\/2025\\\/09\\\/11\\\/cadres-reglementaires-et-protection-du-chiffrement-tendances-recentes-du-debat-sur-les-messageries-privees\\\/\"},\"author\":{\"name\":\"informationdemocracywebsite\",\"@id\":\"https:\\\/\\\/informationdemocracy.org\\\/fr\\\/#\\\/schema\\\/person\\\/48ea335c80804b99e13cfa6bf4c2f7dd\"},\"headline\":\"Cadres r\u00e9glementaires et protection du chiffrement &#8211; tendances r\u00e9centes du d\u00e9bat sur les messageries priv\u00e9es\",\"datePublished\":\"2025-09-11T08:28:44+00:00\",\"dateModified\":\"2025-09-30T08:37:24+00:00\",\"mainEntityOfPage\":{\"@id\":\"https:\\\/\\\/informationdemocracy.org\\\/fr\\\/2025\\\/09\\\/11\\\/cadres-reglementaires-et-protection-du-chiffrement-tendances-recentes-du-debat-sur-les-messageries-privees\\\/\"},\"wordCount\":623,\"publisher\":{\"@id\":\"https:\\\/\\\/informationdemocracy.org\\\/fr\\\/#organization\"},\"image\":{\"@id\":\"https:\\\/\\\/informationdemocracy.org\\\/fr\\\/2025\\\/09\\\/11\\\/cadres-reglementaires-et-protection-du-chiffrement-tendances-recentes-du-debat-sur-les-messageries-privees\\\/#primaryimage\"},\"thumbnailUrl\":\"https:\\\/\\\/informationdemocracy.org\\\/wp-content\\\/uploads\\\/2025\\\/09\\\/Format-Bandeau-Website-1080-x-1080-px-3.png\",\"articleSection\":[\"Workstream Private Platforms\"],\"inLanguage\":\"fr-FR\"},{\"@type\":\"WebPage\",\"@id\":\"https:\\\/\\\/informationdemocracy.org\\\/fr\\\/2025\\\/09\\\/11\\\/cadres-reglementaires-et-protection-du-chiffrement-tendances-recentes-du-debat-sur-les-messageries-privees\\\/\",\"url\":\"https:\\\/\\\/informationdemocracy.org\\\/fr\\\/2025\\\/09\\\/11\\\/cadres-reglementaires-et-protection-du-chiffrement-tendances-recentes-du-debat-sur-les-messageries-privees\\\/\",\"name\":\"Cadres r\u00e9glementaires et protection du chiffrement - tendances r\u00e9centes du d\u00e9bat sur les messageries priv\u00e9es - Forum Information &amp; Democracy\",\"isPartOf\":{\"@id\":\"https:\\\/\\\/informationdemocracy.org\\\/fr\\\/#website\"},\"primaryImageOfPage\":{\"@id\":\"https:\\\/\\\/informationdemocracy.org\\\/fr\\\/2025\\\/09\\\/11\\\/cadres-reglementaires-et-protection-du-chiffrement-tendances-recentes-du-debat-sur-les-messageries-privees\\\/#primaryimage\"},\"image\":{\"@id\":\"https:\\\/\\\/informationdemocracy.org\\\/fr\\\/2025\\\/09\\\/11\\\/cadres-reglementaires-et-protection-du-chiffrement-tendances-recentes-du-debat-sur-les-messageries-privees\\\/#primaryimage\"},\"thumbnailUrl\":\"https:\\\/\\\/informationdemocracy.org\\\/wp-content\\\/uploads\\\/2025\\\/09\\\/Format-Bandeau-Website-1080-x-1080-px-3.png\",\"datePublished\":\"2025-09-11T08:28:44+00:00\",\"dateModified\":\"2025-09-30T08:37:24+00:00\",\"breadcrumb\":{\"@id\":\"https:\\\/\\\/informationdemocracy.org\\\/fr\\\/2025\\\/09\\\/11\\\/cadres-reglementaires-et-protection-du-chiffrement-tendances-recentes-du-debat-sur-les-messageries-privees\\\/#breadcrumb\"},\"inLanguage\":\"fr-FR\",\"potentialAction\":[{\"@type\":\"ReadAction\",\"target\":[\"https:\\\/\\\/informationdemocracy.org\\\/fr\\\/2025\\\/09\\\/11\\\/cadres-reglementaires-et-protection-du-chiffrement-tendances-recentes-du-debat-sur-les-messageries-privees\\\/\"]}]},{\"@type\":\"ImageObject\",\"inLanguage\":\"fr-FR\",\"@id\":\"https:\\\/\\\/informationdemocracy.org\\\/fr\\\/2025\\\/09\\\/11\\\/cadres-reglementaires-et-protection-du-chiffrement-tendances-recentes-du-debat-sur-les-messageries-privees\\\/#primaryimage\",\"url\":\"https:\\\/\\\/informationdemocracy.org\\\/wp-content\\\/uploads\\\/2025\\\/09\\\/Format-Bandeau-Website-1080-x-1080-px-3.png\",\"contentUrl\":\"https:\\\/\\\/informationdemocracy.org\\\/wp-content\\\/uploads\\\/2025\\\/09\\\/Format-Bandeau-Website-1080-x-1080-px-3.png\",\"width\":1080,\"height\":1080},{\"@type\":\"BreadcrumbList\",\"@id\":\"https:\\\/\\\/informationdemocracy.org\\\/fr\\\/2025\\\/09\\\/11\\\/cadres-reglementaires-et-protection-du-chiffrement-tendances-recentes-du-debat-sur-les-messageries-privees\\\/#breadcrumb\",\"itemListElement\":[{\"@type\":\"ListItem\",\"position\":1,\"name\":\"Accueil\",\"item\":\"https:\\\/\\\/informationdemocracy.org\\\/fr\\\/\"},{\"@type\":\"ListItem\",\"position\":2,\"name\":\"Cadres r\u00e9glementaires et protection du chiffrement &#8211; tendances r\u00e9centes du d\u00e9bat sur les messageries priv\u00e9es\"}]},{\"@type\":\"WebSite\",\"@id\":\"https:\\\/\\\/informationdemocracy.org\\\/fr\\\/#website\",\"url\":\"https:\\\/\\\/informationdemocracy.org\\\/fr\\\/\",\"name\":\"Forum on Information & Democracy\",\"description\":\"\",\"publisher\":{\"@id\":\"https:\\\/\\\/informationdemocracy.org\\\/fr\\\/#organization\"},\"potentialAction\":[{\"@type\":\"SearchAction\",\"target\":{\"@type\":\"EntryPoint\",\"urlTemplate\":\"https:\\\/\\\/informationdemocracy.org\\\/fr\\\/?s={search_term_string}\"},\"query-input\":{\"@type\":\"PropertyValueSpecification\",\"valueRequired\":true,\"valueName\":\"search_term_string\"}}],\"inLanguage\":\"fr-FR\"},{\"@type\":\"Organization\",\"@id\":\"https:\\\/\\\/informationdemocracy.org\\\/fr\\\/#organization\",\"name\":\"Forum on Information & Democracy\",\"url\":\"https:\\\/\\\/informationdemocracy.org\\\/fr\\\/\",\"logo\":{\"@type\":\"ImageObject\",\"inLanguage\":\"fr-FR\",\"@id\":\"https:\\\/\\\/informationdemocracy.org\\\/fr\\\/#\\\/schema\\\/logo\\\/image\\\/\",\"url\":\"https:\\\/\\\/informationdemocracy.org\\\/wp-content\\\/uploads\\\/2025\\\/09\\\/Logo.svg\",\"contentUrl\":\"https:\\\/\\\/informationdemocracy.org\\\/wp-content\\\/uploads\\\/2025\\\/09\\\/Logo.svg\",\"width\":168,\"height\":51,\"caption\":\"Forum on Information & Democracy\"},\"image\":{\"@id\":\"https:\\\/\\\/informationdemocracy.org\\\/fr\\\/#\\\/schema\\\/logo\\\/image\\\/\"},\"sameAs\":[\"https:\\\/\\\/www.linkedin.com\\\/company\\\/forum-information-democracy\",\"https:\\\/\\\/www.youtube.com\\\/playlist?list=PL-yF0NqTYQU2B3I97oh3Dv2Dfevd8ThM_\",\"https:\\\/\\\/www.instagram.com\\\/foruminformationdemocracy\\\/\"]},{\"@type\":\"Person\",\"@id\":\"https:\\\/\\\/informationdemocracy.org\\\/fr\\\/#\\\/schema\\\/person\\\/48ea335c80804b99e13cfa6bf4c2f7dd\",\"name\":\"informationdemocracywebsite\",\"image\":{\"@type\":\"ImageObject\",\"inLanguage\":\"fr-FR\",\"@id\":\"https:\\\/\\\/secure.gravatar.com\\\/avatar\\\/33c6a406643df806a5494363b5db420a409e4a8dc49952dd63ae5da7fb946c0c?s=96&d=mm&r=g\",\"url\":\"https:\\\/\\\/secure.gravatar.com\\\/avatar\\\/33c6a406643df806a5494363b5db420a409e4a8dc49952dd63ae5da7fb946c0c?s=96&d=mm&r=g\",\"contentUrl\":\"https:\\\/\\\/secure.gravatar.com\\\/avatar\\\/33c6a406643df806a5494363b5db420a409e4a8dc49952dd63ae5da7fb946c0c?s=96&d=mm&r=g\",\"caption\":\"informationdemocracywebsite\"},\"url\":\"https:\\\/\\\/informationdemocracy.org\\\/fr\\\/author\\\/informationdemocracywebsite\\\/\"}]}<\/script>\n<!-- \/ Yoast SEO plugin. -->","yoast_head_json":{"title":"Cadres r\u00e9glementaires et protection du chiffrement - tendances r\u00e9centes du d\u00e9bat sur les messageries priv\u00e9es - Forum Information &amp; Democracy","robots":{"index":"index","follow":"follow","max-snippet":"max-snippet:-1","max-image-preview":"max-image-preview:large","max-video-preview":"max-video-preview:-1"},"canonical":"https:\/\/informationdemocracy.org\/fr\/2025\/09\/11\/cadres-reglementaires-et-protection-du-chiffrement-tendances-recentes-du-debat-sur-les-messageries-privees\/","og_locale":"fr_FR","og_type":"article","og_title":"Cadres r\u00e9glementaires et protection du chiffrement - tendances r\u00e9centes du d\u00e9bat sur les messageries priv\u00e9es - Forum Information &amp; Democracy","og_description":"Le 11 septembre 2025, le Partenariat pour l\u2019Information et la D\u00e9mocratie a tenu la troisi\u00e8me r\u00e9union de son groupe de travail sur le th\u00e8me\u00a0\u00ab Renforcer l\u2019int\u00e9grit\u00e9 de l\u2019information sur les plateformes de messagerie priv\u00e9e \u00bb, dirig\u00e9 par l\u2019Ukraine et le Luxembourg. La discussion a port\u00e9 sur des approches politiques concr\u00e8tes visant \u00e0 promouvoir l\u2019int\u00e9grit\u00e9 de [&hellip;]","og_url":"https:\/\/informationdemocracy.org\/fr\/2025\/09\/11\/cadres-reglementaires-et-protection-du-chiffrement-tendances-recentes-du-debat-sur-les-messageries-privees\/","og_site_name":"Forum Information &amp; Democracy","article_published_time":"2025-09-11T08:28:44+00:00","article_modified_time":"2025-09-30T08:37:24+00:00","og_image":[{"width":1080,"height":1080,"url":"https:\/\/informationdemocracy.org\/wp-content\/uploads\/2025\/09\/Format-Bandeau-Website-1080-x-1080-px-3.png","type":"image\/png"}],"author":"informationdemocracywebsite","twitter_card":"summary_large_image","twitter_misc":{"\u00c9crit par":"informationdemocracywebsite","Dur\u00e9e de lecture estim\u00e9e":"3 minutes"},"schema":{"@context":"https:\/\/schema.org","@graph":[{"@type":"Article","@id":"https:\/\/informationdemocracy.org\/fr\/2025\/09\/11\/cadres-reglementaires-et-protection-du-chiffrement-tendances-recentes-du-debat-sur-les-messageries-privees\/#article","isPartOf":{"@id":"https:\/\/informationdemocracy.org\/fr\/2025\/09\/11\/cadres-reglementaires-et-protection-du-chiffrement-tendances-recentes-du-debat-sur-les-messageries-privees\/"},"author":{"name":"informationdemocracywebsite","@id":"https:\/\/informationdemocracy.org\/fr\/#\/schema\/person\/48ea335c80804b99e13cfa6bf4c2f7dd"},"headline":"Cadres r\u00e9glementaires et protection du chiffrement &#8211; tendances r\u00e9centes du d\u00e9bat sur les messageries priv\u00e9es","datePublished":"2025-09-11T08:28:44+00:00","dateModified":"2025-09-30T08:37:24+00:00","mainEntityOfPage":{"@id":"https:\/\/informationdemocracy.org\/fr\/2025\/09\/11\/cadres-reglementaires-et-protection-du-chiffrement-tendances-recentes-du-debat-sur-les-messageries-privees\/"},"wordCount":623,"publisher":{"@id":"https:\/\/informationdemocracy.org\/fr\/#organization"},"image":{"@id":"https:\/\/informationdemocracy.org\/fr\/2025\/09\/11\/cadres-reglementaires-et-protection-du-chiffrement-tendances-recentes-du-debat-sur-les-messageries-privees\/#primaryimage"},"thumbnailUrl":"https:\/\/informationdemocracy.org\/wp-content\/uploads\/2025\/09\/Format-Bandeau-Website-1080-x-1080-px-3.png","articleSection":["Workstream Private Platforms"],"inLanguage":"fr-FR"},{"@type":"WebPage","@id":"https:\/\/informationdemocracy.org\/fr\/2025\/09\/11\/cadres-reglementaires-et-protection-du-chiffrement-tendances-recentes-du-debat-sur-les-messageries-privees\/","url":"https:\/\/informationdemocracy.org\/fr\/2025\/09\/11\/cadres-reglementaires-et-protection-du-chiffrement-tendances-recentes-du-debat-sur-les-messageries-privees\/","name":"Cadres r\u00e9glementaires et protection du chiffrement - tendances r\u00e9centes du d\u00e9bat sur les messageries priv\u00e9es - Forum Information &amp; Democracy","isPartOf":{"@id":"https:\/\/informationdemocracy.org\/fr\/#website"},"primaryImageOfPage":{"@id":"https:\/\/informationdemocracy.org\/fr\/2025\/09\/11\/cadres-reglementaires-et-protection-du-chiffrement-tendances-recentes-du-debat-sur-les-messageries-privees\/#primaryimage"},"image":{"@id":"https:\/\/informationdemocracy.org\/fr\/2025\/09\/11\/cadres-reglementaires-et-protection-du-chiffrement-tendances-recentes-du-debat-sur-les-messageries-privees\/#primaryimage"},"thumbnailUrl":"https:\/\/informationdemocracy.org\/wp-content\/uploads\/2025\/09\/Format-Bandeau-Website-1080-x-1080-px-3.png","datePublished":"2025-09-11T08:28:44+00:00","dateModified":"2025-09-30T08:37:24+00:00","breadcrumb":{"@id":"https:\/\/informationdemocracy.org\/fr\/2025\/09\/11\/cadres-reglementaires-et-protection-du-chiffrement-tendances-recentes-du-debat-sur-les-messageries-privees\/#breadcrumb"},"inLanguage":"fr-FR","potentialAction":[{"@type":"ReadAction","target":["https:\/\/informationdemocracy.org\/fr\/2025\/09\/11\/cadres-reglementaires-et-protection-du-chiffrement-tendances-recentes-du-debat-sur-les-messageries-privees\/"]}]},{"@type":"ImageObject","inLanguage":"fr-FR","@id":"https:\/\/informationdemocracy.org\/fr\/2025\/09\/11\/cadres-reglementaires-et-protection-du-chiffrement-tendances-recentes-du-debat-sur-les-messageries-privees\/#primaryimage","url":"https:\/\/informationdemocracy.org\/wp-content\/uploads\/2025\/09\/Format-Bandeau-Website-1080-x-1080-px-3.png","contentUrl":"https:\/\/informationdemocracy.org\/wp-content\/uploads\/2025\/09\/Format-Bandeau-Website-1080-x-1080-px-3.png","width":1080,"height":1080},{"@type":"BreadcrumbList","@id":"https:\/\/informationdemocracy.org\/fr\/2025\/09\/11\/cadres-reglementaires-et-protection-du-chiffrement-tendances-recentes-du-debat-sur-les-messageries-privees\/#breadcrumb","itemListElement":[{"@type":"ListItem","position":1,"name":"Accueil","item":"https:\/\/informationdemocracy.org\/fr\/"},{"@type":"ListItem","position":2,"name":"Cadres r\u00e9glementaires et protection du chiffrement &#8211; tendances r\u00e9centes du d\u00e9bat sur les messageries priv\u00e9es"}]},{"@type":"WebSite","@id":"https:\/\/informationdemocracy.org\/fr\/#website","url":"https:\/\/informationdemocracy.org\/fr\/","name":"Forum on Information & Democracy","description":"","publisher":{"@id":"https:\/\/informationdemocracy.org\/fr\/#organization"},"potentialAction":[{"@type":"SearchAction","target":{"@type":"EntryPoint","urlTemplate":"https:\/\/informationdemocracy.org\/fr\/?s={search_term_string}"},"query-input":{"@type":"PropertyValueSpecification","valueRequired":true,"valueName":"search_term_string"}}],"inLanguage":"fr-FR"},{"@type":"Organization","@id":"https:\/\/informationdemocracy.org\/fr\/#organization","name":"Forum on Information & Democracy","url":"https:\/\/informationdemocracy.org\/fr\/","logo":{"@type":"ImageObject","inLanguage":"fr-FR","@id":"https:\/\/informationdemocracy.org\/fr\/#\/schema\/logo\/image\/","url":"https:\/\/informationdemocracy.org\/wp-content\/uploads\/2025\/09\/Logo.svg","contentUrl":"https:\/\/informationdemocracy.org\/wp-content\/uploads\/2025\/09\/Logo.svg","width":168,"height":51,"caption":"Forum on Information & Democracy"},"image":{"@id":"https:\/\/informationdemocracy.org\/fr\/#\/schema\/logo\/image\/"},"sameAs":["https:\/\/www.linkedin.com\/company\/forum-information-democracy","https:\/\/www.youtube.com\/playlist?list=PL-yF0NqTYQU2B3I97oh3Dv2Dfevd8ThM_","https:\/\/www.instagram.com\/foruminformationdemocracy\/"]},{"@type":"Person","@id":"https:\/\/informationdemocracy.org\/fr\/#\/schema\/person\/48ea335c80804b99e13cfa6bf4c2f7dd","name":"informationdemocracywebsite","image":{"@type":"ImageObject","inLanguage":"fr-FR","@id":"https:\/\/secure.gravatar.com\/avatar\/33c6a406643df806a5494363b5db420a409e4a8dc49952dd63ae5da7fb946c0c?s=96&d=mm&r=g","url":"https:\/\/secure.gravatar.com\/avatar\/33c6a406643df806a5494363b5db420a409e4a8dc49952dd63ae5da7fb946c0c?s=96&d=mm&r=g","contentUrl":"https:\/\/secure.gravatar.com\/avatar\/33c6a406643df806a5494363b5db420a409e4a8dc49952dd63ae5da7fb946c0c?s=96&d=mm&r=g","caption":"informationdemocracywebsite"},"url":"https:\/\/informationdemocracy.org\/fr\/author\/informationdemocracywebsite\/"}]}},"_links":{"self":[{"href":"https:\/\/informationdemocracy.org\/fr\/wp-json\/wp\/v2\/posts\/13135","targetHints":{"allow":["GET"]}}],"collection":[{"href":"https:\/\/informationdemocracy.org\/fr\/wp-json\/wp\/v2\/posts"}],"about":[{"href":"https:\/\/informationdemocracy.org\/fr\/wp-json\/wp\/v2\/types\/post"}],"author":[{"embeddable":true,"href":"https:\/\/informationdemocracy.org\/fr\/wp-json\/wp\/v2\/users\/2"}],"replies":[{"embeddable":true,"href":"https:\/\/informationdemocracy.org\/fr\/wp-json\/wp\/v2\/comments?post=13135"}],"version-history":[{"count":0,"href":"https:\/\/informationdemocracy.org\/fr\/wp-json\/wp\/v2\/posts\/13135\/revisions"}],"wp:featuredmedia":[{"embeddable":true,"href":"https:\/\/informationdemocracy.org\/fr\/wp-json\/wp\/v2\/media\/13136"}],"wp:attachment":[{"href":"https:\/\/informationdemocracy.org\/fr\/wp-json\/wp\/v2\/media?parent=13135"}],"wp:term":[{"taxonomy":"category","embeddable":true,"href":"https:\/\/informationdemocracy.org\/fr\/wp-json\/wp\/v2\/categories?post=13135"},{"taxonomy":"post_tag","embeddable":true,"href":"https:\/\/informationdemocracy.org\/fr\/wp-json\/wp\/v2\/tags?post=13135"},{"taxonomy":"contenu-mis-en-avant","embeddable":true,"href":"https:\/\/informationdemocracy.org\/fr\/wp-json\/wp\/v2\/contenu-mis-en-avant?post=13135"},{"taxonomy":"thematic","embeddable":true,"href":"https:\/\/informationdemocracy.org\/fr\/wp-json\/wp\/v2\/thematic?post=13135"},{"taxonomy":"workstream","embeddable":true,"href":"https:\/\/informationdemocracy.org\/fr\/wp-json\/wp\/v2\/workstream?post=13135"}],"curies":[{"name":"wp","href":"https:\/\/api.w.org\/{rel}","templated":true}]}}