{"id":13804,"date":"2025-10-30T14:37:04","date_gmt":"2025-10-30T13:37:04","guid":{"rendered":"https:\/\/informationdemocracy.org\/2025\/10\/30\/twenty-nine-governments-join-forces-in-defense-of-access-to-free-and-reliable-information-worldwide-historic-paris-declaration-on-multilateral-action-lays-out-commitments-by-leading-democracies\/"},"modified":"2025-10-31T16:37:55","modified_gmt":"2025-10-31T15:37:55","slug":"vingt-neuf-gouvernements-unissent-leurs-forces-pour-defendre-lacces-a-une-information-libre-et-fiable-dans-le-monde-la-declaration-historique-de-paris-sur-laction-multilaterale-def","status":"publish","type":"post","link":"https:\/\/informationdemocracy.org\/fr\/2025\/10\/30\/vingt-neuf-gouvernements-unissent-leurs-forces-pour-defendre-lacces-a-une-information-libre-et-fiable-dans-le-monde-la-declaration-historique-de-paris-sur-laction-multilaterale-def\/","title":{"rendered":"Vingt-neuf gouvernements unissent leurs forces pour d\u00e9fendre l\u2019acc\u00e8s \u00e0 une information libre et fiable dans le monde : la D\u00e9claration historique de Paris sur l\u2019action multilat\u00e9rale d\u00e9finit les engagements des principales d\u00e9mocraties"},"content":{"rendered":"\n<h3 class=\"wp-block-heading\"><\/h3>\n\n\n\n<p><strong>Paris, 29 octobre :<\/strong>\u00a0Vingt-neuf gouvernements du monde entier se sont r\u00e9unis lors du <a href=\"https:\/\/parispeaceforum.org\/fr\/\">Forum de la Paix de Paris 2025<\/a>, dont cinq chefs d\u2019\u00c9tat et de gouvernement, et se sont engag\u00e9s \u00e0 d\u00e9fendre l\u2019acc\u00e8s \u00e0 une information fiable et ind\u00e9pendante \u00e0 l\u2019\u00e9chelle mondiale.<\/p>\n\n\n\n<p>Lors de la\u00a0<strong>Conf\u00e9rence de haut niveau sur l\u2019int\u00e9grit\u00e9 de l\u2019information et les m\u00e9dias ind\u00e9pendants<\/strong>, une conf\u00e9rence minist\u00e9rielle co-organis\u00e9e par le\u00a0<strong><a href=\"https:\/\/ifpim.org\/#1\">Fonds international pour les m\u00e9dias d\u2019int\u00e9r\u00eat public (IFPIM)<\/a><\/strong>\u00a0et le\u00a0<strong>Forum sur l\u2019information et la d\u00e9mocratie (FID)<\/strong>, des repr\u00e9sentants gouvernementaux d\u2019Afrique, d\u2019Asie, des Am\u00e9riques et d\u2019Europe ont soulign\u00e9 que l\u2019acc\u00e8s \u00e0 une information ind\u00e9pendante et fiable n\u00e9cessite un soutien public durable dans le monde entier pour r\u00e9sister aux perturbations technologiques et commerciales rapides.<\/p>\n\n\n\n<p>\u00ab Nous traversons une crise qui est en r\u00e9alit\u00e9 multiple \u00bb, a d\u00e9clar\u00e9 le pr\u00e9sident Emmanuel Macron, \u00e9voquant la crise financi\u00e8re des m\u00e9dias, la d\u00e9gradation de l\u2019int\u00e9grit\u00e9 de l\u2019information et le manque de r\u00e9gulation des grandes plateformes technologiques. Il a appel\u00e9 \u00e0 une r\u00e9gulation plus stricte, ainsi qu\u2019\u00e0 l\u2019innovation. \u00ab Nous devons mettre en place des syst\u00e8mes qui, dans la vie de nos d\u00e9mocraties, garantissent l\u2019int\u00e9grit\u00e9 de nos processus \u00e9lectoraux. C\u2019est exactement le r\u00f4le des journalistes ; c\u2019est \u00e0 eux que nous devons restituer le c\u0153ur de cette vie d\u00e9mocratique \u00bb, a-t-il ajout\u00e9.<\/p>\n\n\n\n<p>Dans un contexte mondial marqu\u00e9 par les guerres de l\u2019information, la crise financi\u00e8re des m\u00e9dias et les attaques croissantes contre les fondements de la d\u00e9mocratie, cette conf\u00e9rence repr\u00e9sentait un \u00e9v\u00e9nement unique par son niveau de participation.<\/p>\n\n\n\n<p>Les dirigeants gouvernementaux ont soulign\u00e9 que l\u2019acc\u00e8s \u00e0 une information fiable est essentiel au progr\u00e8s humain et au bien-\u00eatre. Ils ont pris des engagements concrets pour mettre en pratique ces principes en soutenant les m\u00e9dias ind\u00e9pendants comme premi\u00e8re ligne de d\u00e9fense contre la d\u00e9sinformation et la manipulation de l\u2019information.<\/p>\n\n\n\n<p>\u00ab La paix ne peut survivre sans int\u00e9grit\u00e9 de l\u2019information, et les d\u00e9mocraties ne peuvent survivre sans ceux qui la prot\u00e8gent, journalistes, citoyens et dirigeants \u00bb, a d\u00e9clar\u00e9 la pr\u00e9sidente Maia Sandu de Moldavie. \u00ab Je tiens \u00e0 exprimer la gratitude de la Moldavie \u00e0 tous nos partenaires qui soutiennent les m\u00e9dias libres et ind\u00e9pendants, y compris le Fonds international pour les m\u00e9dias d\u2019int\u00e9r\u00eat public. Votre travail renforce non seulement le journalisme, mais la d\u00e9mocratie elle-m\u00eame. \u00bb<\/p>\n\n\n\n<p><\/p>\n\n\n\n<h2 class=\"wp-block-heading\"><\/h2>\n\n\n\n<figure class=\"wp-block-embed is-type-video is-provider-youtube wp-block-embed-youtube wp-embed-aspect-16-9 wp-has-aspect-ratio\"><div class=\"wp-block-embed__wrapper\">\n<iframe title=\"Conf\u00e9rence internationale pour l\u2019int\u00e9grit\u00e9 de l\u2019information et les m\u00e9dias ind\u00e9pendants\" width=\"800\" height=\"450\" src=\"https:\/\/www.youtube.com\/embed\/5P45ZXwZ8AM?list=PLF-738Cwvb2mGI1ibINUHx0gK0Q3DphLH\" frameborder=\"0\" allow=\"accelerometer; autoplay; clipboard-write; encrypted-media; gyroscope; picture-in-picture; web-share\" referrerpolicy=\"strict-origin-when-cross-origin\" allowfullscreen><\/iframe>\n<\/div><\/figure>\n\n\n\n<h2 class=\"wp-block-heading\"><\/h2>\n\n\n\n<p><span style=\"white-space: normal;\">Quatre r\u00e9sultats concrets de la conf\u00e9rence de haut niveau :<\/span><\/p>\n\n\n\n<p><strong>Engagements politiques pour d\u00e9fendre l\u2019int\u00e9grit\u00e9 de l\u2019information et les m\u00e9dias ind\u00e9pendants<\/strong><\/p>\n\n\n\n<p>Face \u00e0 la pression croissante sur les m\u00e9dias ind\u00e9pendants et \u00e0 la manipulation des autres sources d\u2019information, la conf\u00e9rence a notamment conduit \u00e0 un engagement politique ferme pour agir de mani\u00e8re coordonn\u00e9e : les repr\u00e9sentants de 29 pays ont adopt\u00e9 la\u00a0<strong><a href=\"https:\/\/www.elysee.fr\/emmanuel-macron\/2025\/10\/29\/declaration-de-paris-sur-laction-multilaterale-pour-lintegrite-de-linformation-et-les-medias-independants\">D\u00e9claration de Paris sur l\u2019action multilat\u00e9rale pour l\u2019int\u00e9grit\u00e9 de l\u2019information et les m\u00e9dias ind\u00e9pendants<\/a><\/strong>, reconnaissant la n\u00e9cessit\u00e9 de financer l\u2019acc\u00e8s \u00e0 une information fiable en tant que bien public mondial.<\/p>\n\n\n\n<p>Tous les pays ont r\u00e9affirm\u00e9 leur engagement \u00e0 maintenir une action continue en faveur de l\u2019int\u00e9grit\u00e9 de l\u2019information. \u00c0 titre d\u2019exemple concret, le gouvernement du Danemark a indiqu\u00e9 que, dans le cadre de sa pr\u00e9sidence du Conseil de l\u2019Union europ\u00e9enne, il organisera la&nbsp;<strong>Conf\u00e9rence de Copenhague sur l\u2019int\u00e9grit\u00e9 de l\u2019information<\/strong>&nbsp;les 11 et 12 novembre 2025.<\/p>\n\n\n\n<h4 class=\"wp-block-heading\"><\/h4>\n\n\n\n<h4 class=\"wp-block-heading\">\u200d<strong>Un groupe de coordination pour renforcer les efforts internationaux<\/strong><\/h4>\n\n\n\n<p>\u00c0 l\u2019occasion de cette conf\u00e9rence, le Forum sur l\u2019information et la d\u00e9mocratie a \u00e9galement annonc\u00e9 la cr\u00e9ation du&nbsp;<strong>Groupe international de coordination sur l\u2019int\u00e9grit\u00e9 de l\u2019information<\/strong>, un groupe informel r\u00e9unissant des repr\u00e9sentants d\u2019organisations et initiatives internationales travaillant sur des sujets connexes.<\/p>\n\n\n\n<p>Les premi\u00e8res organisations participantes comprennent :<\/p>\n\n\n\n<p>UNESCO<\/p>\n\n\n\n<p>Division sur la libert\u00e9 d\u2019expression du Conseil de l\u2019Europe et CDMSI (Comit\u00e9 directeur sur les m\u00e9dias et la soci\u00e9t\u00e9 de l\u2019information)<\/p>\n\n\n\n<p>Forum sur l\u2019information et la d\u00e9mocratie<\/p>\n\n\n\n<p>Fonds international pour les m\u00e9dias d\u2019int\u00e9r\u00eat public<\/p>\n\n\n\n<p>Organisation pour la s\u00e9curit\u00e9 et la coop\u00e9ration en Europe (repr\u00e9sentant la libert\u00e9 des m\u00e9dias)<\/p>\n\n\n\n<p>Organisation internationale de la Francophonie<\/p>\n\n\n\n<p>Secr\u00e9tariat de l&rsquo;Open Government Partnership<\/p>\n\n\n\n<p>Nations Unies<\/p>\n\n\n\n<h4 class=\"wp-block-heading\"><\/h4>\n\n\n\n<h4 class=\"wp-block-heading\">Renforcement du Partenariat pour l\u2019information et la d\u00e9mocratie<\/h4>\n\n\n\n<p>Les pays ont \u00e9galement annonc\u00e9 leur engagement renforc\u00e9 envers le&nbsp;<strong>Partenariat pour l\u2019information et la d\u00e9mocratie<\/strong>, initi\u00e9 en 2018 au Forum de la Paix de Paris pour r\u00e9affirmer les principes d\u00e9mocratiques dans l\u2019espace mondial de l\u2019information et de la communication, comme l\u2019a rappel\u00e9 le pr\u00e9sident Macron.<\/p>\n\n\n\n<p>Lors de l\u2019\u00e9dition 2025, le Ghana est devenu le 57\u1d49 \u00c9tat signataire du Partenariat. \u00ab Le Ghana a d\u00e9cid\u00e9 de devenir membre \u00e0 part enti\u00e8re du Partenariat pour l\u2019information et la d\u00e9mocratie \u00bb, a d\u00e9clar\u00e9 le pr\u00e9sident du Ghana, John Mahama.<\/p>\n\n\n\n<p>Le Forum sur l\u2019information et la d\u00e9mocratie a \u00e9galement annonc\u00e9 la cr\u00e9ation d\u2019un&nbsp;<strong>comit\u00e9 consultatif compos\u00e9 d\u2019\u00c9tats signataires<\/strong>, incluant l\u2019Arm\u00e9nie, le Br\u00e9sil, le Chili, la France, le Luxembourg, le Portugal et l\u2019Ukraine. \u00ab Le paysage informationnel actuel, avec sa vitesse et son ampleur in\u00e9dites, exige un engagement renouvel\u00e9 de notre part \u00e0 tous \u00bb, a expliqu\u00e9 le Premier ministre arm\u00e9nien Pashinyan.<\/p>\n\n\n\n<h4 class=\"wp-block-heading\"><\/h4>\n\n\n\n<h4 class=\"wp-block-heading\"><strong>Reconnaissance de l\u2019IFPIM comme bras financier de la coalition<\/strong><\/h4>\n\n\n\n<p>Les pays signataires de la d\u00e9claration ont \u00e9galement soutenu le&nbsp;<strong>Fonds international pour les m\u00e9dias d\u2019int\u00e9r\u00eat public<\/strong> comme bras financier de la coalition renouvel\u00e9e et \u00e9largie, une organisation multilat\u00e9rale unique d\u00e9di\u00e9e \u00e0 la d\u00e9fense de l\u2019acc\u00e8s \u00e0 l\u2019information fiable \u00e0 grande \u00e9chelle. Le Fonds fournit des financements sous forme de subventions aux m\u00e9dias ind\u00e9pendants dans les pays \u00e0 revenu faible et interm\u00e9diaire. La France, contributrice fondatrice du Fonds, a confirm\u00e9 que l\u2019IFPIM serait h\u00e9berg\u00e9 en tant qu\u2019organisation internationale avec si\u00e8ge \u00e0 Paris \u00e0 partir de mai 2025.<\/p>\n\n\n\n<p>Le Ghana, qui accueille le si\u00e8ge r\u00e9gional africain de l\u2019IFPIM, a \u00e9galement annonc\u00e9 un nouveau soutien financier : \u00ab Le Ghana sera le premier pays africain \u00e0 contribuer financi\u00e8rement au Fonds international pour les m\u00e9dias d\u2019int\u00e9r\u00eat public \u00bb, a d\u00e9clar\u00e9 le pr\u00e9sident Mahama. \u00ab Ce geste refl\u00e8te notre conviction que le journalisme ind\u00e9pendant et l\u2019information fiable sont des biens publics indispensables. \u00bb<\/p>\n\n\n\n<p>\u00ab Agir bilat\u00e9ralement ne sera pas aussi efficace qu\u2019agir ensemble. Le Fonds montre qu\u2019une r\u00e9ponse plus multilat\u00e9rale, collective et strat\u00e9gique est possible. Cette conf\u00e9rence refl\u00e8te un consensus mondial croissant et une volont\u00e9 d\u2019agir des partenaires du Nord et du Sud \u00bb, a d\u00e9clar\u00e9 Maria Ressa, laur\u00e9ate du prix Nobel de la paix. \u00ab Dans un monde en feu, rejoignez-nous et aidez \u00e0 d\u00e9finir ce que signifie une collaboration multilat\u00e9rale efficace aujourd\u2019hui \u00bb, a-t-elle ajout\u00e9. Maria Ressa est PDG de Rappler et co-pr\u00e9sidente de l\u2019IFPIM.<\/p>\n\n\n\n<p>Entre son lancement en novembre 2022 et 2025, le Fonds a lev\u00e9&nbsp;<strong>62 millions de dollars (53 millions d\u2019euros)<\/strong>. Pour sa prochaine phase strat\u00e9gique, dix donateurs se sont engag\u00e9s \u00e0 financer l\u2019expansion du Fonds international, et plus de&nbsp;<strong>25 millions de dollars (21,5 millions d\u2019euros)<\/strong>&nbsp;de nouveaux financements ont \u00e9t\u00e9 s\u00e9curis\u00e9s pour 2026 et les ann\u00e9es suivantes, incluant une contribution initiale de&nbsp;<strong>10 millions d\u2019euros de la France pour 2026-2028<\/strong>, ainsi que le soutien du Ghana, du Luxembourg, de l\u2019Espagne et de la Suisse.<\/p>\n\n\n\n<p>Le Fonds pr\u00e9voit de lever et de distribuer&nbsp;<strong>150 millions de dollars (130 millions d\u2019euros)<\/strong>&nbsp;sur trois ans afin de fournir un financement central flexible aux m\u00e9dias ind\u00e9pendants dans 50 pays. Depuis son lancement, la demande de soutien des organisations m\u00e9diatiques d\u00e9passe largement les ressources disponibles, soulignant une crise aigu\u00eb pour les m\u00e9dias ind\u00e9pendants qui risque de priver les soci\u00e9t\u00e9s d\u2019un acc\u00e8s \u00e0 une information fiable et essentielle. Le Fonds d\u00e9ploie tous les efforts pour lever les financements n\u00e9cessaires dans les mois \u00e0 venir.<\/p>\n\n\n\n<h2 class=\"wp-block-heading\"><\/h2>\n\n\n\n<p><\/p>\n\n\n\n<p><\/p>\n\n\n\n<p><strong><em>A propos d&rsquo;IFPIM:<\/em><\/strong><\/p>\n\n\n\n<p><em>Lanc\u00e9 en 2022, le&nbsp;<strong>Fonds international pour les m\u00e9dias d\u2019int\u00e9r\u00eat public (IFPIM)<\/strong>&nbsp;est une initiative multilat\u00e9rale audacieuse destin\u00e9e \u00e0 soutenir les m\u00e9dias d\u2019int\u00e9r\u00eat public ind\u00e9pendants dans les pays \u00e0 revenu faible et interm\u00e9diaire. L\u2019IFPIM est une organisation internationale h\u00e9berg\u00e9e par la France et le Ghana, soutenue par 19 gouvernements et donateurs philanthropiques. Le Fonds fournit des subventions aux organisations m\u00e9diatiques et des interventions \u00e0 l\u2019\u00e9chelle de l\u2019\u00e9cosyst\u00e8me dans quatre r\u00e9gions : Afrique et Moyen-Orient, Asie et Pacifique, Am\u00e9rique latine et Cara\u00efbes, Europe de l\u2019Est. Sa mission est de garantir que les populations du monde entier \u00e9voluent dans des \u00e9cosyst\u00e8mes informationnels sains, avec acc\u00e8s \u00e0 un journalisme d\u2019int\u00e9r\u00eat public. \u00c0 ce jour, l\u2019IFPIM a soutenu plus de&nbsp;<strong>120 organisations m\u00e9diatiques dans 31 pays<\/strong>.<\/em><\/p>\n\n\n\n<p><em><strong>Contact m\u00e9dia IFPIM :<\/strong>&nbsp;Rosie Vanek,&nbsp;<a>rvanek@ifpim.org<\/a><\/em><\/p>\n\n\n\n<p> <strong><em>A propos du Forum sur l&rsquo;Information et la D\u00e9mocratie<\/em><\/strong><\/p>\n\n\n\n<p><em>Le&nbsp;<strong>Forum sur l\u2019information et la d\u00e9mocratie (FID)<\/strong>&nbsp;facilite la mise en \u0153uvre du&nbsp;<strong>Partenariat international pour l\u2019information et la d\u00e9mocratie<\/strong>, lanc\u00e9 par la France en 2019 et approuv\u00e9 par 56 \u00c9tats signataires dans le monde. Fond\u00e9 par Reporters sans fronti\u00e8res (RSF) et un groupe d\u2019institutions leaders sur les droits num\u00e9riques, les m\u00e9dias et les droits humains, le Forum publie des cadres politiques sur des questions telles que la fin des infod\u00e9mies (2020), l\u2019impact de l\u2019IA sur l\u2019int\u00e9grit\u00e9 de l\u2019information (2024), la responsabilit\u00e9 en ligne (2023) et la durabilit\u00e9 des m\u00e9dias (2021). Il mobilise les pays sur des sujets sp\u00e9cifiques comme l\u2019Ukraine et le Luxembourg pour les syst\u00e8mes de messagerie priv\u00e9e ou le Br\u00e9sil et l\u2019Arm\u00e9nie pour la d\u00e9sinformation climatique. Le FID h\u00e9berge \u00e9galement l\u2019<strong>Observatoire sur l\u2019information et la d\u00e9mocratie<\/strong>, qui a publi\u00e9 sa premi\u00e8re m\u00e9ta-analyse des \u00e9cosyst\u00e8mes informationnels en janvier 2025.<\/em><\/p>\n\n\n\n<p><em><strong>Contact m\u00e9dia FID :<\/strong>&nbsp;Camille Grenier,&nbsp;<a>cgrenier@informationdemocracy.org<\/a><\/em><\/p>\n\n\n\n<p><strong><em>A propos du PPF<\/em><\/strong><\/p>\n\n\n\n<p><em>Le&nbsp;<strong>Forum de la Paix de Paris (PPF)<\/strong>&nbsp;est une plateforme qui cr\u00e9e, fa\u00e7onne et partage des r\u00e9ponses multi-acteurs pour la paix mondiale et la prosp\u00e9rit\u00e9 durable. En r\u00e9unissant d\u00e9cideurs, organisations internationales, entreprises et soci\u00e9t\u00e9 civile, le Forum r\u00e9invente la diplomatie pour r\u00e9pondre aux exigences d\u2019un monde en mutation. Pour plus d\u2019informations :&nbsp;<a href=\"https:\/\/parispeaceforum.org\/\">parispeaceforum.org<\/a>.<\/em><\/p>\n\n\n\n<p><em><strong>Contact m\u00e9dia PPF :<\/strong>&nbsp;Evan O\u2019Connell,&nbsp;<a>evan.oconnell@parispeaceforum.org<\/a><\/em><\/p>\n\n\n\n<p><\/p>\n","protected":false},"excerpt":{"rendered":"<p>Paris, 29 octobre :\u00a0Vingt-neuf gouvernements du monde entier se sont r\u00e9unis lors du Forum de la Paix de Paris 2025, dont cinq chefs d\u2019\u00c9tat et de gouvernement, et se sont engag\u00e9s \u00e0 d\u00e9fendre l\u2019acc\u00e8s \u00e0 une information fiable et ind\u00e9pendante \u00e0 l\u2019\u00e9chelle mondiale. Lors de la\u00a0Conf\u00e9rence de haut niveau sur l\u2019int\u00e9grit\u00e9 de l\u2019information et les [&hellip;]<\/p>\n","protected":false},"author":2,"featured_media":13803,"comment_status":"closed","ping_status":"closed","sticky":false,"template":"","format":"standard","meta":{"_acf_changed":false,"footnotes":""},"categories":[49,99],"tags":[],"contenu-mis-en-avant":[45],"thematic":[69,68],"workstream":[],"class_list":["post-13804","post","type-post","status-publish","format-standard","has-post-thumbnail","hentry","category-non-categorise","category-sommets","thematic-fiabilite-des-informations-en-ligne","thematic-soutenabilite-des-medias"],"acf":[],"yoast_head":"<!-- This site is optimized with the Yoast SEO plugin v27.4 - https:\/\/yoast.com\/product\/yoast-seo-wordpress\/ -->\n<title>Vingt-neuf gouvernements unissent leurs forces pour d\u00e9fendre l\u2019acc\u00e8s \u00e0 une information libre et fiable dans le monde : la D\u00e9claration historique de Paris sur l\u2019action multilat\u00e9rale d\u00e9finit les engagements des principales d\u00e9mocraties - Forum Information &amp; Democracy<\/title>\n<meta name=\"robots\" content=\"index, follow, max-snippet:-1, max-image-preview:large, max-video-preview:-1\" \/>\n<link rel=\"canonical\" href=\"https:\/\/informationdemocracy.org\/fr\/2025\/10\/30\/vingt-neuf-gouvernements-unissent-leurs-forces-pour-defendre-lacces-a-une-information-libre-et-fiable-dans-le-monde-la-declaration-historique-de-paris-sur-laction-multilaterale-def\/\" \/>\n<meta property=\"og:locale\" content=\"fr_FR\" \/>\n<meta property=\"og:type\" content=\"article\" \/>\n<meta property=\"og:title\" content=\"Vingt-neuf gouvernements unissent leurs forces pour d\u00e9fendre l\u2019acc\u00e8s \u00e0 une information libre et fiable dans le monde : la D\u00e9claration historique de Paris sur l\u2019action multilat\u00e9rale d\u00e9finit les engagements des principales d\u00e9mocraties - Forum Information &amp; Democracy\" \/>\n<meta property=\"og:description\" content=\"Paris, 29 octobre :\u00a0Vingt-neuf gouvernements du monde entier se sont r\u00e9unis lors du Forum de la Paix de Paris 2025, dont cinq chefs d\u2019\u00c9tat et de gouvernement, et se sont engag\u00e9s \u00e0 d\u00e9fendre l\u2019acc\u00e8s \u00e0 une information fiable et ind\u00e9pendante \u00e0 l\u2019\u00e9chelle mondiale. Lors de la\u00a0Conf\u00e9rence de haut niveau sur l\u2019int\u00e9grit\u00e9 de l\u2019information et les [&hellip;]\" \/>\n<meta property=\"og:url\" content=\"https:\/\/informationdemocracy.org\/fr\/2025\/10\/30\/vingt-neuf-gouvernements-unissent-leurs-forces-pour-defendre-lacces-a-une-information-libre-et-fiable-dans-le-monde-la-declaration-historique-de-paris-sur-laction-multilaterale-def\/\" \/>\n<meta property=\"og:site_name\" content=\"Forum Information &amp; Democracy\" \/>\n<meta property=\"article:published_time\" content=\"2025-10-30T13:37:04+00:00\" \/>\n<meta property=\"article:modified_time\" content=\"2025-10-31T15:37:55+00:00\" \/>\n<meta property=\"og:image\" content=\"https:\/\/informationdemocracy.org\/wp-content\/uploads\/2025\/10\/6903336c6781ec70b70c394a_PREF-A7C08683-copy-p-3200-scaled.jpg\" \/>\n\t<meta property=\"og:image:width\" content=\"2560\" \/>\n\t<meta property=\"og:image:height\" content=\"1308\" \/>\n\t<meta property=\"og:image:type\" content=\"image\/jpeg\" \/>\n<meta name=\"author\" content=\"informationdemocracywebsite\" \/>\n<meta name=\"twitter:card\" content=\"summary_large_image\" \/>\n<meta name=\"twitter:label1\" content=\"\u00c9crit par\" \/>\n\t<meta name=\"twitter:data1\" content=\"informationdemocracywebsite\" \/>\n\t<meta name=\"twitter:label2\" content=\"Dur\u00e9e de lecture estim\u00e9e\" \/>\n\t<meta name=\"twitter:data2\" content=\"7 minutes\" \/>\n<script type=\"application\/ld+json\" class=\"yoast-schema-graph\">{\"@context\":\"https:\\\/\\\/schema.org\",\"@graph\":[{\"@type\":\"Article\",\"@id\":\"https:\\\/\\\/informationdemocracy.org\\\/fr\\\/2025\\\/10\\\/30\\\/vingt-neuf-gouvernements-unissent-leurs-forces-pour-defendre-lacces-a-une-information-libre-et-fiable-dans-le-monde-la-declaration-historique-de-paris-sur-laction-multilaterale-def\\\/#article\",\"isPartOf\":{\"@id\":\"https:\\\/\\\/informationdemocracy.org\\\/fr\\\/2025\\\/10\\\/30\\\/vingt-neuf-gouvernements-unissent-leurs-forces-pour-defendre-lacces-a-une-information-libre-et-fiable-dans-le-monde-la-declaration-historique-de-paris-sur-laction-multilaterale-def\\\/\"},\"author\":{\"name\":\"informationdemocracywebsite\",\"@id\":\"https:\\\/\\\/informationdemocracy.org\\\/fr\\\/#\\\/schema\\\/person\\\/48ea335c80804b99e13cfa6bf4c2f7dd\"},\"headline\":\"Vingt-neuf gouvernements unissent leurs forces pour d\u00e9fendre l\u2019acc\u00e8s \u00e0 une information libre et fiable dans le monde : la D\u00e9claration historique de Paris sur l\u2019action multilat\u00e9rale d\u00e9finit les engagements des principales d\u00e9mocraties\",\"datePublished\":\"2025-10-30T13:37:04+00:00\",\"dateModified\":\"2025-10-31T15:37:55+00:00\",\"mainEntityOfPage\":{\"@id\":\"https:\\\/\\\/informationdemocracy.org\\\/fr\\\/2025\\\/10\\\/30\\\/vingt-neuf-gouvernements-unissent-leurs-forces-pour-defendre-lacces-a-une-information-libre-et-fiable-dans-le-monde-la-declaration-historique-de-paris-sur-laction-multilaterale-def\\\/\"},\"wordCount\":1887,\"publisher\":{\"@id\":\"https:\\\/\\\/informationdemocracy.org\\\/fr\\\/#organization\"},\"image\":{\"@id\":\"https:\\\/\\\/informationdemocracy.org\\\/fr\\\/2025\\\/10\\\/30\\\/vingt-neuf-gouvernements-unissent-leurs-forces-pour-defendre-lacces-a-une-information-libre-et-fiable-dans-le-monde-la-declaration-historique-de-paris-sur-laction-multilaterale-def\\\/#primaryimage\"},\"thumbnailUrl\":\"https:\\\/\\\/informationdemocracy.org\\\/wp-content\\\/uploads\\\/2025\\\/10\\\/6903336c6781ec70b70c394a_PREF-A7C08683-copy-p-3200-scaled.jpg\",\"articleSection\":[\"Non cat\u00e9goris\u00e9\",\"Sommets\"],\"inLanguage\":\"fr-FR\"},{\"@type\":\"WebPage\",\"@id\":\"https:\\\/\\\/informationdemocracy.org\\\/fr\\\/2025\\\/10\\\/30\\\/vingt-neuf-gouvernements-unissent-leurs-forces-pour-defendre-lacces-a-une-information-libre-et-fiable-dans-le-monde-la-declaration-historique-de-paris-sur-laction-multilaterale-def\\\/\",\"url\":\"https:\\\/\\\/informationdemocracy.org\\\/fr\\\/2025\\\/10\\\/30\\\/vingt-neuf-gouvernements-unissent-leurs-forces-pour-defendre-lacces-a-une-information-libre-et-fiable-dans-le-monde-la-declaration-historique-de-paris-sur-laction-multilaterale-def\\\/\",\"name\":\"Vingt-neuf gouvernements unissent leurs forces pour d\u00e9fendre l\u2019acc\u00e8s \u00e0 une information libre et fiable dans le monde : la D\u00e9claration historique de Paris sur l\u2019action multilat\u00e9rale d\u00e9finit les engagements des principales d\u00e9mocraties - Forum Information &amp; Democracy\",\"isPartOf\":{\"@id\":\"https:\\\/\\\/informationdemocracy.org\\\/fr\\\/#website\"},\"primaryImageOfPage\":{\"@id\":\"https:\\\/\\\/informationdemocracy.org\\\/fr\\\/2025\\\/10\\\/30\\\/vingt-neuf-gouvernements-unissent-leurs-forces-pour-defendre-lacces-a-une-information-libre-et-fiable-dans-le-monde-la-declaration-historique-de-paris-sur-laction-multilaterale-def\\\/#primaryimage\"},\"image\":{\"@id\":\"https:\\\/\\\/informationdemocracy.org\\\/fr\\\/2025\\\/10\\\/30\\\/vingt-neuf-gouvernements-unissent-leurs-forces-pour-defendre-lacces-a-une-information-libre-et-fiable-dans-le-monde-la-declaration-historique-de-paris-sur-laction-multilaterale-def\\\/#primaryimage\"},\"thumbnailUrl\":\"https:\\\/\\\/informationdemocracy.org\\\/wp-content\\\/uploads\\\/2025\\\/10\\\/6903336c6781ec70b70c394a_PREF-A7C08683-copy-p-3200-scaled.jpg\",\"datePublished\":\"2025-10-30T13:37:04+00:00\",\"dateModified\":\"2025-10-31T15:37:55+00:00\",\"breadcrumb\":{\"@id\":\"https:\\\/\\\/informationdemocracy.org\\\/fr\\\/2025\\\/10\\\/30\\\/vingt-neuf-gouvernements-unissent-leurs-forces-pour-defendre-lacces-a-une-information-libre-et-fiable-dans-le-monde-la-declaration-historique-de-paris-sur-laction-multilaterale-def\\\/#breadcrumb\"},\"inLanguage\":\"fr-FR\",\"potentialAction\":[{\"@type\":\"ReadAction\",\"target\":[\"https:\\\/\\\/informationdemocracy.org\\\/fr\\\/2025\\\/10\\\/30\\\/vingt-neuf-gouvernements-unissent-leurs-forces-pour-defendre-lacces-a-une-information-libre-et-fiable-dans-le-monde-la-declaration-historique-de-paris-sur-laction-multilaterale-def\\\/\"]}]},{\"@type\":\"ImageObject\",\"inLanguage\":\"fr-FR\",\"@id\":\"https:\\\/\\\/informationdemocracy.org\\\/fr\\\/2025\\\/10\\\/30\\\/vingt-neuf-gouvernements-unissent-leurs-forces-pour-defendre-lacces-a-une-information-libre-et-fiable-dans-le-monde-la-declaration-historique-de-paris-sur-laction-multilaterale-def\\\/#primaryimage\",\"url\":\"https:\\\/\\\/informationdemocracy.org\\\/wp-content\\\/uploads\\\/2025\\\/10\\\/6903336c6781ec70b70c394a_PREF-A7C08683-copy-p-3200-scaled.jpg\",\"contentUrl\":\"https:\\\/\\\/informationdemocracy.org\\\/wp-content\\\/uploads\\\/2025\\\/10\\\/6903336c6781ec70b70c394a_PREF-A7C08683-copy-p-3200-scaled.jpg\",\"width\":2560,\"height\":1308},{\"@type\":\"BreadcrumbList\",\"@id\":\"https:\\\/\\\/informationdemocracy.org\\\/fr\\\/2025\\\/10\\\/30\\\/vingt-neuf-gouvernements-unissent-leurs-forces-pour-defendre-lacces-a-une-information-libre-et-fiable-dans-le-monde-la-declaration-historique-de-paris-sur-laction-multilaterale-def\\\/#breadcrumb\",\"itemListElement\":[{\"@type\":\"ListItem\",\"position\":1,\"name\":\"Accueil\",\"item\":\"https:\\\/\\\/informationdemocracy.org\\\/fr\\\/\"},{\"@type\":\"ListItem\",\"position\":2,\"name\":\"Vingt-neuf gouvernements unissent leurs forces pour d\u00e9fendre l\u2019acc\u00e8s \u00e0 une information libre et fiable dans le monde : la D\u00e9claration historique de Paris sur l\u2019action multilat\u00e9rale d\u00e9finit les engagements des principales d\u00e9mocraties\"}]},{\"@type\":\"WebSite\",\"@id\":\"https:\\\/\\\/informationdemocracy.org\\\/fr\\\/#website\",\"url\":\"https:\\\/\\\/informationdemocracy.org\\\/fr\\\/\",\"name\":\"Forum on Information & Democracy\",\"description\":\"\",\"publisher\":{\"@id\":\"https:\\\/\\\/informationdemocracy.org\\\/fr\\\/#organization\"},\"potentialAction\":[{\"@type\":\"SearchAction\",\"target\":{\"@type\":\"EntryPoint\",\"urlTemplate\":\"https:\\\/\\\/informationdemocracy.org\\\/fr\\\/?s={search_term_string}\"},\"query-input\":{\"@type\":\"PropertyValueSpecification\",\"valueRequired\":true,\"valueName\":\"search_term_string\"}}],\"inLanguage\":\"fr-FR\"},{\"@type\":\"Organization\",\"@id\":\"https:\\\/\\\/informationdemocracy.org\\\/fr\\\/#organization\",\"name\":\"Forum on Information & Democracy\",\"url\":\"https:\\\/\\\/informationdemocracy.org\\\/fr\\\/\",\"logo\":{\"@type\":\"ImageObject\",\"inLanguage\":\"fr-FR\",\"@id\":\"https:\\\/\\\/informationdemocracy.org\\\/fr\\\/#\\\/schema\\\/logo\\\/image\\\/\",\"url\":\"https:\\\/\\\/informationdemocracy.org\\\/wp-content\\\/uploads\\\/2025\\\/09\\\/Logo.svg\",\"contentUrl\":\"https:\\\/\\\/informationdemocracy.org\\\/wp-content\\\/uploads\\\/2025\\\/09\\\/Logo.svg\",\"width\":168,\"height\":51,\"caption\":\"Forum on Information & Democracy\"},\"image\":{\"@id\":\"https:\\\/\\\/informationdemocracy.org\\\/fr\\\/#\\\/schema\\\/logo\\\/image\\\/\"},\"sameAs\":[\"https:\\\/\\\/www.linkedin.com\\\/company\\\/forum-information-democracy\",\"https:\\\/\\\/www.youtube.com\\\/playlist?list=PL-yF0NqTYQU2B3I97oh3Dv2Dfevd8ThM_\",\"https:\\\/\\\/www.instagram.com\\\/foruminformationdemocracy\\\/\"]},{\"@type\":\"Person\",\"@id\":\"https:\\\/\\\/informationdemocracy.org\\\/fr\\\/#\\\/schema\\\/person\\\/48ea335c80804b99e13cfa6bf4c2f7dd\",\"name\":\"informationdemocracywebsite\",\"image\":{\"@type\":\"ImageObject\",\"inLanguage\":\"fr-FR\",\"@id\":\"https:\\\/\\\/secure.gravatar.com\\\/avatar\\\/33c6a406643df806a5494363b5db420a409e4a8dc49952dd63ae5da7fb946c0c?s=96&d=mm&r=g\",\"url\":\"https:\\\/\\\/secure.gravatar.com\\\/avatar\\\/33c6a406643df806a5494363b5db420a409e4a8dc49952dd63ae5da7fb946c0c?s=96&d=mm&r=g\",\"contentUrl\":\"https:\\\/\\\/secure.gravatar.com\\\/avatar\\\/33c6a406643df806a5494363b5db420a409e4a8dc49952dd63ae5da7fb946c0c?s=96&d=mm&r=g\",\"caption\":\"informationdemocracywebsite\"},\"url\":\"https:\\\/\\\/informationdemocracy.org\\\/fr\\\/author\\\/informationdemocracywebsite\\\/\"}]}<\/script>\n<!-- \/ Yoast SEO plugin. -->","yoast_head_json":{"title":"Vingt-neuf gouvernements unissent leurs forces pour d\u00e9fendre l\u2019acc\u00e8s \u00e0 une information libre et fiable dans le monde : la D\u00e9claration historique de Paris sur l\u2019action multilat\u00e9rale d\u00e9finit les engagements des principales d\u00e9mocraties - Forum Information &amp; Democracy","robots":{"index":"index","follow":"follow","max-snippet":"max-snippet:-1","max-image-preview":"max-image-preview:large","max-video-preview":"max-video-preview:-1"},"canonical":"https:\/\/informationdemocracy.org\/fr\/2025\/10\/30\/vingt-neuf-gouvernements-unissent-leurs-forces-pour-defendre-lacces-a-une-information-libre-et-fiable-dans-le-monde-la-declaration-historique-de-paris-sur-laction-multilaterale-def\/","og_locale":"fr_FR","og_type":"article","og_title":"Vingt-neuf gouvernements unissent leurs forces pour d\u00e9fendre l\u2019acc\u00e8s \u00e0 une information libre et fiable dans le monde : la D\u00e9claration historique de Paris sur l\u2019action multilat\u00e9rale d\u00e9finit les engagements des principales d\u00e9mocraties - Forum Information &amp; Democracy","og_description":"Paris, 29 octobre :\u00a0Vingt-neuf gouvernements du monde entier se sont r\u00e9unis lors du Forum de la Paix de Paris 2025, dont cinq chefs d\u2019\u00c9tat et de gouvernement, et se sont engag\u00e9s \u00e0 d\u00e9fendre l\u2019acc\u00e8s \u00e0 une information fiable et ind\u00e9pendante \u00e0 l\u2019\u00e9chelle mondiale. Lors de la\u00a0Conf\u00e9rence de haut niveau sur l\u2019int\u00e9grit\u00e9 de l\u2019information et les [&hellip;]","og_url":"https:\/\/informationdemocracy.org\/fr\/2025\/10\/30\/vingt-neuf-gouvernements-unissent-leurs-forces-pour-defendre-lacces-a-une-information-libre-et-fiable-dans-le-monde-la-declaration-historique-de-paris-sur-laction-multilaterale-def\/","og_site_name":"Forum Information &amp; Democracy","article_published_time":"2025-10-30T13:37:04+00:00","article_modified_time":"2025-10-31T15:37:55+00:00","og_image":[{"width":2560,"height":1308,"url":"https:\/\/informationdemocracy.org\/wp-content\/uploads\/2025\/10\/6903336c6781ec70b70c394a_PREF-A7C08683-copy-p-3200-scaled.jpg","type":"image\/jpeg"}],"author":"informationdemocracywebsite","twitter_card":"summary_large_image","twitter_misc":{"\u00c9crit par":"informationdemocracywebsite","Dur\u00e9e de lecture estim\u00e9e":"7 minutes"},"schema":{"@context":"https:\/\/schema.org","@graph":[{"@type":"Article","@id":"https:\/\/informationdemocracy.org\/fr\/2025\/10\/30\/vingt-neuf-gouvernements-unissent-leurs-forces-pour-defendre-lacces-a-une-information-libre-et-fiable-dans-le-monde-la-declaration-historique-de-paris-sur-laction-multilaterale-def\/#article","isPartOf":{"@id":"https:\/\/informationdemocracy.org\/fr\/2025\/10\/30\/vingt-neuf-gouvernements-unissent-leurs-forces-pour-defendre-lacces-a-une-information-libre-et-fiable-dans-le-monde-la-declaration-historique-de-paris-sur-laction-multilaterale-def\/"},"author":{"name":"informationdemocracywebsite","@id":"https:\/\/informationdemocracy.org\/fr\/#\/schema\/person\/48ea335c80804b99e13cfa6bf4c2f7dd"},"headline":"Vingt-neuf gouvernements unissent leurs forces pour d\u00e9fendre l\u2019acc\u00e8s \u00e0 une information libre et fiable dans le monde : la D\u00e9claration historique de Paris sur l\u2019action multilat\u00e9rale d\u00e9finit les engagements des principales d\u00e9mocraties","datePublished":"2025-10-30T13:37:04+00:00","dateModified":"2025-10-31T15:37:55+00:00","mainEntityOfPage":{"@id":"https:\/\/informationdemocracy.org\/fr\/2025\/10\/30\/vingt-neuf-gouvernements-unissent-leurs-forces-pour-defendre-lacces-a-une-information-libre-et-fiable-dans-le-monde-la-declaration-historique-de-paris-sur-laction-multilaterale-def\/"},"wordCount":1887,"publisher":{"@id":"https:\/\/informationdemocracy.org\/fr\/#organization"},"image":{"@id":"https:\/\/informationdemocracy.org\/fr\/2025\/10\/30\/vingt-neuf-gouvernements-unissent-leurs-forces-pour-defendre-lacces-a-une-information-libre-et-fiable-dans-le-monde-la-declaration-historique-de-paris-sur-laction-multilaterale-def\/#primaryimage"},"thumbnailUrl":"https:\/\/informationdemocracy.org\/wp-content\/uploads\/2025\/10\/6903336c6781ec70b70c394a_PREF-A7C08683-copy-p-3200-scaled.jpg","articleSection":["Non cat\u00e9goris\u00e9","Sommets"],"inLanguage":"fr-FR"},{"@type":"WebPage","@id":"https:\/\/informationdemocracy.org\/fr\/2025\/10\/30\/vingt-neuf-gouvernements-unissent-leurs-forces-pour-defendre-lacces-a-une-information-libre-et-fiable-dans-le-monde-la-declaration-historique-de-paris-sur-laction-multilaterale-def\/","url":"https:\/\/informationdemocracy.org\/fr\/2025\/10\/30\/vingt-neuf-gouvernements-unissent-leurs-forces-pour-defendre-lacces-a-une-information-libre-et-fiable-dans-le-monde-la-declaration-historique-de-paris-sur-laction-multilaterale-def\/","name":"Vingt-neuf gouvernements unissent leurs forces pour d\u00e9fendre l\u2019acc\u00e8s \u00e0 une information libre et fiable dans le monde : la D\u00e9claration historique de Paris sur l\u2019action multilat\u00e9rale d\u00e9finit les engagements des principales d\u00e9mocraties - Forum Information &amp; Democracy","isPartOf":{"@id":"https:\/\/informationdemocracy.org\/fr\/#website"},"primaryImageOfPage":{"@id":"https:\/\/informationdemocracy.org\/fr\/2025\/10\/30\/vingt-neuf-gouvernements-unissent-leurs-forces-pour-defendre-lacces-a-une-information-libre-et-fiable-dans-le-monde-la-declaration-historique-de-paris-sur-laction-multilaterale-def\/#primaryimage"},"image":{"@id":"https:\/\/informationdemocracy.org\/fr\/2025\/10\/30\/vingt-neuf-gouvernements-unissent-leurs-forces-pour-defendre-lacces-a-une-information-libre-et-fiable-dans-le-monde-la-declaration-historique-de-paris-sur-laction-multilaterale-def\/#primaryimage"},"thumbnailUrl":"https:\/\/informationdemocracy.org\/wp-content\/uploads\/2025\/10\/6903336c6781ec70b70c394a_PREF-A7C08683-copy-p-3200-scaled.jpg","datePublished":"2025-10-30T13:37:04+00:00","dateModified":"2025-10-31T15:37:55+00:00","breadcrumb":{"@id":"https:\/\/informationdemocracy.org\/fr\/2025\/10\/30\/vingt-neuf-gouvernements-unissent-leurs-forces-pour-defendre-lacces-a-une-information-libre-et-fiable-dans-le-monde-la-declaration-historique-de-paris-sur-laction-multilaterale-def\/#breadcrumb"},"inLanguage":"fr-FR","potentialAction":[{"@type":"ReadAction","target":["https:\/\/informationdemocracy.org\/fr\/2025\/10\/30\/vingt-neuf-gouvernements-unissent-leurs-forces-pour-defendre-lacces-a-une-information-libre-et-fiable-dans-le-monde-la-declaration-historique-de-paris-sur-laction-multilaterale-def\/"]}]},{"@type":"ImageObject","inLanguage":"fr-FR","@id":"https:\/\/informationdemocracy.org\/fr\/2025\/10\/30\/vingt-neuf-gouvernements-unissent-leurs-forces-pour-defendre-lacces-a-une-information-libre-et-fiable-dans-le-monde-la-declaration-historique-de-paris-sur-laction-multilaterale-def\/#primaryimage","url":"https:\/\/informationdemocracy.org\/wp-content\/uploads\/2025\/10\/6903336c6781ec70b70c394a_PREF-A7C08683-copy-p-3200-scaled.jpg","contentUrl":"https:\/\/informationdemocracy.org\/wp-content\/uploads\/2025\/10\/6903336c6781ec70b70c394a_PREF-A7C08683-copy-p-3200-scaled.jpg","width":2560,"height":1308},{"@type":"BreadcrumbList","@id":"https:\/\/informationdemocracy.org\/fr\/2025\/10\/30\/vingt-neuf-gouvernements-unissent-leurs-forces-pour-defendre-lacces-a-une-information-libre-et-fiable-dans-le-monde-la-declaration-historique-de-paris-sur-laction-multilaterale-def\/#breadcrumb","itemListElement":[{"@type":"ListItem","position":1,"name":"Accueil","item":"https:\/\/informationdemocracy.org\/fr\/"},{"@type":"ListItem","position":2,"name":"Vingt-neuf gouvernements unissent leurs forces pour d\u00e9fendre l\u2019acc\u00e8s \u00e0 une information libre et fiable dans le monde : la D\u00e9claration historique de Paris sur l\u2019action multilat\u00e9rale d\u00e9finit les engagements des principales d\u00e9mocraties"}]},{"@type":"WebSite","@id":"https:\/\/informationdemocracy.org\/fr\/#website","url":"https:\/\/informationdemocracy.org\/fr\/","name":"Forum on Information & Democracy","description":"","publisher":{"@id":"https:\/\/informationdemocracy.org\/fr\/#organization"},"potentialAction":[{"@type":"SearchAction","target":{"@type":"EntryPoint","urlTemplate":"https:\/\/informationdemocracy.org\/fr\/?s={search_term_string}"},"query-input":{"@type":"PropertyValueSpecification","valueRequired":true,"valueName":"search_term_string"}}],"inLanguage":"fr-FR"},{"@type":"Organization","@id":"https:\/\/informationdemocracy.org\/fr\/#organization","name":"Forum on Information & Democracy","url":"https:\/\/informationdemocracy.org\/fr\/","logo":{"@type":"ImageObject","inLanguage":"fr-FR","@id":"https:\/\/informationdemocracy.org\/fr\/#\/schema\/logo\/image\/","url":"https:\/\/informationdemocracy.org\/wp-content\/uploads\/2025\/09\/Logo.svg","contentUrl":"https:\/\/informationdemocracy.org\/wp-content\/uploads\/2025\/09\/Logo.svg","width":168,"height":51,"caption":"Forum on Information & Democracy"},"image":{"@id":"https:\/\/informationdemocracy.org\/fr\/#\/schema\/logo\/image\/"},"sameAs":["https:\/\/www.linkedin.com\/company\/forum-information-democracy","https:\/\/www.youtube.com\/playlist?list=PL-yF0NqTYQU2B3I97oh3Dv2Dfevd8ThM_","https:\/\/www.instagram.com\/foruminformationdemocracy\/"]},{"@type":"Person","@id":"https:\/\/informationdemocracy.org\/fr\/#\/schema\/person\/48ea335c80804b99e13cfa6bf4c2f7dd","name":"informationdemocracywebsite","image":{"@type":"ImageObject","inLanguage":"fr-FR","@id":"https:\/\/secure.gravatar.com\/avatar\/33c6a406643df806a5494363b5db420a409e4a8dc49952dd63ae5da7fb946c0c?s=96&d=mm&r=g","url":"https:\/\/secure.gravatar.com\/avatar\/33c6a406643df806a5494363b5db420a409e4a8dc49952dd63ae5da7fb946c0c?s=96&d=mm&r=g","contentUrl":"https:\/\/secure.gravatar.com\/avatar\/33c6a406643df806a5494363b5db420a409e4a8dc49952dd63ae5da7fb946c0c?s=96&d=mm&r=g","caption":"informationdemocracywebsite"},"url":"https:\/\/informationdemocracy.org\/fr\/author\/informationdemocracywebsite\/"}]}},"_links":{"self":[{"href":"https:\/\/informationdemocracy.org\/fr\/wp-json\/wp\/v2\/posts\/13804","targetHints":{"allow":["GET"]}}],"collection":[{"href":"https:\/\/informationdemocracy.org\/fr\/wp-json\/wp\/v2\/posts"}],"about":[{"href":"https:\/\/informationdemocracy.org\/fr\/wp-json\/wp\/v2\/types\/post"}],"author":[{"embeddable":true,"href":"https:\/\/informationdemocracy.org\/fr\/wp-json\/wp\/v2\/users\/2"}],"replies":[{"embeddable":true,"href":"https:\/\/informationdemocracy.org\/fr\/wp-json\/wp\/v2\/comments?post=13804"}],"version-history":[{"count":4,"href":"https:\/\/informationdemocracy.org\/fr\/wp-json\/wp\/v2\/posts\/13804\/revisions"}],"predecessor-version":[{"id":13811,"href":"https:\/\/informationdemocracy.org\/fr\/wp-json\/wp\/v2\/posts\/13804\/revisions\/13811"}],"wp:featuredmedia":[{"embeddable":true,"href":"https:\/\/informationdemocracy.org\/fr\/wp-json\/wp\/v2\/media\/13803"}],"wp:attachment":[{"href":"https:\/\/informationdemocracy.org\/fr\/wp-json\/wp\/v2\/media?parent=13804"}],"wp:term":[{"taxonomy":"category","embeddable":true,"href":"https:\/\/informationdemocracy.org\/fr\/wp-json\/wp\/v2\/categories?post=13804"},{"taxonomy":"post_tag","embeddable":true,"href":"https:\/\/informationdemocracy.org\/fr\/wp-json\/wp\/v2\/tags?post=13804"},{"taxonomy":"contenu-mis-en-avant","embeddable":true,"href":"https:\/\/informationdemocracy.org\/fr\/wp-json\/wp\/v2\/contenu-mis-en-avant?post=13804"},{"taxonomy":"thematic","embeddable":true,"href":"https:\/\/informationdemocracy.org\/fr\/wp-json\/wp\/v2\/thematic?post=13804"},{"taxonomy":"workstream","embeddable":true,"href":"https:\/\/informationdemocracy.org\/fr\/wp-json\/wp\/v2\/workstream?post=13804"}],"curies":[{"name":"wp","href":"https:\/\/api.w.org\/{rel}","templated":true}]}}