{"id":13825,"date":"2025-11-05T05:42:00","date_gmt":"2025-11-05T04:42:00","guid":{"rendered":"https:\/\/informationdemocracy.org\/?p=13825"},"modified":"2025-11-06T12:40:41","modified_gmt":"2025-11-06T11:40:41","slug":"cop30-le-forum-sur-linformation-et-la-democratie-presente-ses-solutions-structurelles-pour-lutter-contre-la-desinformation-climatique","status":"publish","type":"post","link":"https:\/\/informationdemocracy.org\/fr\/2025\/11\/05\/cop30-le-forum-sur-linformation-et-la-democratie-presente-ses-solutions-structurelles-pour-lutter-contre-la-desinformation-climatique\/","title":{"rendered":"COP30: Le Forum sur l&rsquo;information et la d\u00e9mocratie pr\u00e9sente ses solutions structurelles pour lutter contre la d\u00e9sinformation climatique"},"content":{"rendered":"\n<p><strong><strong>Depuis f\u00e9vrier 2025, le Forum sur l\u2019information et la d\u00e9mocratie anime un axe de travail prioritaire sur la d\u00e9sinformation climatique et les autres enjeux environnementaux. Co-pr\u00e9sid\u00e9 par l\u2019Arm\u00e9nie, qui accueillera la COP 17 sur la biodiversit\u00e9 en 2026, et le Br\u00e9sil, ce groupe rend ses premi\u00e8res conclusions \u00e0 quelques jours du lancement de la COP 30 \u00e0 Bel\u00e9m.<\/strong><\/strong><\/p>\n\n\n\n<p>Alors que les appels \u00e0 lutter contre la d\u00e9sinformation climatique se multiplient, le Forum sur l\u2019information et la d\u00e9mocratie publie le rapport interm\u00e9diaire de son <a href=\"https:\/\/informationdemocracy.org\/fr\/workstream\/renforcer-lintegrite-de-linformation-sur-le-changement-climatique-et-dautres-questions-environnementales\/\">axe de travail sur l\u2019int\u00e9grit\u00e9 de l\u2019information sur le changement climatique <\/a>et les autres enjeux environnementaux.\u00a0<\/p>\n\n\n\n<p>\u201c<em>La d\u00e9sinformation environnementale et climatique est \u00e0 la fois un enjeu pour l\u2019avenir de notre plan\u00e8te, mais cela devient de plus en plus un enjeu politique et d\u00e9mocratique<\/em>\u201d, explique Camille Grenier, Directeur ex\u00e9cutif du FID. \u201c<em>Au Br\u00e9sil, en Espagne et en France, ce type sp\u00e9cifique de d\u00e9sinformation est syst\u00e9matiquement utilis\u00e9 pour discr\u00e9diter le camp d\u2019en face, les m\u00e9dias et la science<\/em>.\u201d<\/p>\n\n\n\n<p>Lanc\u00e9 en f\u00e9vrier 2025, en articulation directe avec l\u2019<a href=\"https:\/\/www.unesco.org\/en\/information-integrity-climate-change\">Initiative mondiale pour l\u2019int\u00e9grit\u00e9 de l\u2019information sur le changement climatique<\/a> port\u00e9e par le Br\u00e9sil, l\u2019ONU et l\u2019UNESCO, l\u2019Axe de travail du FID a permis de rassembler des dizaines de repr\u00e9sentants d\u2019Etats d\u00e9mocratiques et d\u2019experts de la soci\u00e9t\u00e9 civile et du monde de la recherche.&nbsp;<\/p>\n\n\n\n<p>Ce rapport interm\u00e9diaire d\u00e9finit quelques grandes priorit\u00e9s pour lutter de mani\u00e8re efficace contre ce ph\u00e9nom\u00e8ne d\u2019ampleur :&nbsp;<\/p>\n\n\n\n<ol class=\"wp-block-list\">\n<li>Assurer la s\u00e9curit\u00e9 des journalistes environnementaux et la soutenabilit\u00e9 des m\u00e9dias d\u2019int\u00e9r\u00eat public qui repr\u00e9sentent le meilleur rempart contre la d\u00e9sinformation.\u00a0<\/li>\n\n\n\n<li>Assurer une meilleure transparence des plateformes et des m\u00e9canismes de redevabilit\u00e9, notamment en acc\u00e9l\u00e9rant la mise en \u0153uvre du Digital Services Act (DSA) en Europe.\u00a0<\/li>\n\n\n\n<li>Promouvoir l\u2019acc\u00e8s \u00e0 une information fiable en obligeant les plateformes \u00e0 mettre en \u0153uvre des m\u00e9canismes de promotion et de pluralisme de l\u2019information fiable.<\/li>\n\n\n\n<li>Lutter contre la publicit\u00e9 qui finance la d\u00e9sinformation climatique, notamment en\u00a0 assurant une meilleure transparence du march\u00e9 de la publicit\u00e9 en ligne.<\/li>\n\n\n\n<li>Renforcer la recherche sur ces enjeux et soutenir les efforts de recherche pour mieux comprendre les m\u00e9canismes, les sources et les moyens de la d\u00e9sinformation climatique.<\/li>\n<\/ol>\n\n\n\n<p>Pour la premi\u00e8re fois, la d\u00e9sinformation climatique sera \u00e0 l\u2019agenda de la COP organis\u00e9e par le Br\u00e9sil. Camille Grenier y pr\u00e9sentera ces premi\u00e8res conclusions \u00e0 l\u2019occasion de diff\u00e9rentes sessions organis\u00e9es les 12 et 13 novembre.&nbsp;<\/p>\n\n\n\n<div class=\"wp-block-buttons is-content-justification-center is-layout-flex wp-container-core-buttons-is-layout-a89b3969 wp-block-buttons-is-layout-flex\">\n<div class=\"wp-block-button is-style-fill\"><a class=\"wp-block-button__link has-white-color has-text-color has-background has-link-color wp-element-button\" href=\"https:\/\/informationdemocracy.org\/?post_type=publications&amp;p=13817\" style=\"background-color:#fc6e60\"><strong>Lire le rapport (anglais)<\/strong><\/a><\/div>\n<\/div>\n\n\n\n<p><\/p>\n","protected":false},"excerpt":{"rendered":"<p>Depuis f\u00e9vrier 2025, le Forum sur l\u2019information et la d\u00e9mocratie anime un axe de travail prioritaire sur la d\u00e9sinformation climatique et les autres enjeux environnementaux. Co-pr\u00e9sid\u00e9 par l\u2019Arm\u00e9nie, qui accueillera la COP 17 sur la biodiversit\u00e9 en 2026, et le Br\u00e9sil, ce groupe rend ses premi\u00e8res conclusions \u00e0 quelques jours du lancement de la COP [&hellip;]<\/p>\n","protected":false},"author":2,"featured_media":13883,"comment_status":"closed","ping_status":"closed","sticky":false,"template":"","format":"standard","meta":{"_acf_changed":false,"footnotes":""},"categories":[57,49],"tags":[],"contenu-mis-en-avant":[],"thematic":[],"workstream":[87],"class_list":["post-13825","post","type-post","status-publish","format-standard","has-post-thumbnail","hentry","category-axe-de-travail-climat","category-non-categorise","workstream-renforcer-lintegrite-de-linformation-sur-le-changement-climatique-et-dautres-questions-environnementales"],"acf":[],"yoast_head":"<!-- This site is optimized with the Yoast SEO plugin v27.4 - https:\/\/yoast.com\/product\/yoast-seo-wordpress\/ -->\n<title>COP30: Le Forum sur l&#039;information et la d\u00e9mocratie pr\u00e9sente ses solutions structurelles pour lutter contre la d\u00e9sinformation climatique - Forum Information &amp; Democracy<\/title>\n<meta name=\"robots\" content=\"index, follow, max-snippet:-1, max-image-preview:large, max-video-preview:-1\" \/>\n<link rel=\"canonical\" href=\"https:\/\/informationdemocracy.org\/fr\/2025\/11\/05\/cop30-le-forum-sur-linformation-et-la-democratie-presente-ses-solutions-structurelles-pour-lutter-contre-la-desinformation-climatique\/\" \/>\n<meta property=\"og:locale\" content=\"fr_FR\" \/>\n<meta property=\"og:type\" content=\"article\" \/>\n<meta property=\"og:title\" content=\"COP30: Le Forum sur l&#039;information et la d\u00e9mocratie pr\u00e9sente ses solutions structurelles pour lutter contre la d\u00e9sinformation climatique - Forum Information &amp; Democracy\" \/>\n<meta property=\"og:description\" content=\"Depuis f\u00e9vrier 2025, le Forum sur l\u2019information et la d\u00e9mocratie anime un axe de travail prioritaire sur la d\u00e9sinformation climatique et les autres enjeux environnementaux. Co-pr\u00e9sid\u00e9 par l\u2019Arm\u00e9nie, qui accueillera la COP 17 sur la biodiversit\u00e9 en 2026, et le Br\u00e9sil, ce groupe rend ses premi\u00e8res conclusions \u00e0 quelques jours du lancement de la COP [&hellip;]\" \/>\n<meta property=\"og:url\" content=\"https:\/\/informationdemocracy.org\/fr\/2025\/11\/05\/cop30-le-forum-sur-linformation-et-la-democratie-presente-ses-solutions-structurelles-pour-lutter-contre-la-desinformation-climatique\/\" \/>\n<meta property=\"og:site_name\" content=\"Forum Information &amp; Democracy\" \/>\n<meta property=\"article:published_time\" content=\"2025-11-05T04:42:00+00:00\" \/>\n<meta property=\"article:modified_time\" content=\"2025-11-06T11:40:41+00:00\" \/>\n<meta property=\"og:image\" content=\"https:\/\/informationdemocracy.org\/wp-content\/uploads\/2025\/11\/Format-Bandeau-Website-1080-x-1080-px-8.png\" \/>\n\t<meta property=\"og:image:width\" content=\"1600\" \/>\n\t<meta property=\"og:image:height\" content=\"1000\" \/>\n\t<meta property=\"og:image:type\" content=\"image\/png\" \/>\n<meta name=\"author\" content=\"informationdemocracywebsite\" \/>\n<meta name=\"twitter:card\" content=\"summary_large_image\" \/>\n<meta name=\"twitter:label1\" content=\"\u00c9crit par\" \/>\n\t<meta name=\"twitter:data1\" content=\"informationdemocracywebsite\" \/>\n\t<meta name=\"twitter:label2\" content=\"Dur\u00e9e de lecture estim\u00e9e\" \/>\n\t<meta name=\"twitter:data2\" content=\"2 minutes\" \/>\n<script type=\"application\/ld+json\" class=\"yoast-schema-graph\">{\"@context\":\"https:\\\/\\\/schema.org\",\"@graph\":[{\"@type\":\"Article\",\"@id\":\"https:\\\/\\\/informationdemocracy.org\\\/fr\\\/2025\\\/11\\\/05\\\/cop30-le-forum-sur-linformation-et-la-democratie-presente-ses-solutions-structurelles-pour-lutter-contre-la-desinformation-climatique\\\/#article\",\"isPartOf\":{\"@id\":\"https:\\\/\\\/informationdemocracy.org\\\/fr\\\/2025\\\/11\\\/05\\\/cop30-le-forum-sur-linformation-et-la-democratie-presente-ses-solutions-structurelles-pour-lutter-contre-la-desinformation-climatique\\\/\"},\"author\":{\"name\":\"informationdemocracywebsite\",\"@id\":\"https:\\\/\\\/informationdemocracy.org\\\/fr\\\/#\\\/schema\\\/person\\\/48ea335c80804b99e13cfa6bf4c2f7dd\"},\"headline\":\"COP30: Le Forum sur l&rsquo;information et la d\u00e9mocratie pr\u00e9sente ses solutions structurelles pour lutter contre la d\u00e9sinformation climatique\",\"datePublished\":\"2025-11-05T04:42:00+00:00\",\"dateModified\":\"2025-11-06T11:40:41+00:00\",\"mainEntityOfPage\":{\"@id\":\"https:\\\/\\\/informationdemocracy.org\\\/fr\\\/2025\\\/11\\\/05\\\/cop30-le-forum-sur-linformation-et-la-democratie-presente-ses-solutions-structurelles-pour-lutter-contre-la-desinformation-climatique\\\/\"},\"wordCount\":473,\"publisher\":{\"@id\":\"https:\\\/\\\/informationdemocracy.org\\\/fr\\\/#organization\"},\"image\":{\"@id\":\"https:\\\/\\\/informationdemocracy.org\\\/fr\\\/2025\\\/11\\\/05\\\/cop30-le-forum-sur-linformation-et-la-democratie-presente-ses-solutions-structurelles-pour-lutter-contre-la-desinformation-climatique\\\/#primaryimage\"},\"thumbnailUrl\":\"https:\\\/\\\/informationdemocracy.org\\\/wp-content\\\/uploads\\\/2025\\\/11\\\/Format-Bandeau-Website-1080-x-1080-px-8.png\",\"articleSection\":[\"Axe de travail Climat\",\"Non cat\u00e9goris\u00e9\"],\"inLanguage\":\"fr-FR\"},{\"@type\":\"WebPage\",\"@id\":\"https:\\\/\\\/informationdemocracy.org\\\/fr\\\/2025\\\/11\\\/05\\\/cop30-le-forum-sur-linformation-et-la-democratie-presente-ses-solutions-structurelles-pour-lutter-contre-la-desinformation-climatique\\\/\",\"url\":\"https:\\\/\\\/informationdemocracy.org\\\/fr\\\/2025\\\/11\\\/05\\\/cop30-le-forum-sur-linformation-et-la-democratie-presente-ses-solutions-structurelles-pour-lutter-contre-la-desinformation-climatique\\\/\",\"name\":\"COP30: Le Forum sur l'information et la d\u00e9mocratie pr\u00e9sente ses solutions structurelles pour lutter contre la d\u00e9sinformation climatique - Forum Information &amp; Democracy\",\"isPartOf\":{\"@id\":\"https:\\\/\\\/informationdemocracy.org\\\/fr\\\/#website\"},\"primaryImageOfPage\":{\"@id\":\"https:\\\/\\\/informationdemocracy.org\\\/fr\\\/2025\\\/11\\\/05\\\/cop30-le-forum-sur-linformation-et-la-democratie-presente-ses-solutions-structurelles-pour-lutter-contre-la-desinformation-climatique\\\/#primaryimage\"},\"image\":{\"@id\":\"https:\\\/\\\/informationdemocracy.org\\\/fr\\\/2025\\\/11\\\/05\\\/cop30-le-forum-sur-linformation-et-la-democratie-presente-ses-solutions-structurelles-pour-lutter-contre-la-desinformation-climatique\\\/#primaryimage\"},\"thumbnailUrl\":\"https:\\\/\\\/informationdemocracy.org\\\/wp-content\\\/uploads\\\/2025\\\/11\\\/Format-Bandeau-Website-1080-x-1080-px-8.png\",\"datePublished\":\"2025-11-05T04:42:00+00:00\",\"dateModified\":\"2025-11-06T11:40:41+00:00\",\"breadcrumb\":{\"@id\":\"https:\\\/\\\/informationdemocracy.org\\\/fr\\\/2025\\\/11\\\/05\\\/cop30-le-forum-sur-linformation-et-la-democratie-presente-ses-solutions-structurelles-pour-lutter-contre-la-desinformation-climatique\\\/#breadcrumb\"},\"inLanguage\":\"fr-FR\",\"potentialAction\":[{\"@type\":\"ReadAction\",\"target\":[\"https:\\\/\\\/informationdemocracy.org\\\/fr\\\/2025\\\/11\\\/05\\\/cop30-le-forum-sur-linformation-et-la-democratie-presente-ses-solutions-structurelles-pour-lutter-contre-la-desinformation-climatique\\\/\"]}]},{\"@type\":\"ImageObject\",\"inLanguage\":\"fr-FR\",\"@id\":\"https:\\\/\\\/informationdemocracy.org\\\/fr\\\/2025\\\/11\\\/05\\\/cop30-le-forum-sur-linformation-et-la-democratie-presente-ses-solutions-structurelles-pour-lutter-contre-la-desinformation-climatique\\\/#primaryimage\",\"url\":\"https:\\\/\\\/informationdemocracy.org\\\/wp-content\\\/uploads\\\/2025\\\/11\\\/Format-Bandeau-Website-1080-x-1080-px-8.png\",\"contentUrl\":\"https:\\\/\\\/informationdemocracy.org\\\/wp-content\\\/uploads\\\/2025\\\/11\\\/Format-Bandeau-Website-1080-x-1080-px-8.png\",\"width\":1600,\"height\":1000},{\"@type\":\"BreadcrumbList\",\"@id\":\"https:\\\/\\\/informationdemocracy.org\\\/fr\\\/2025\\\/11\\\/05\\\/cop30-le-forum-sur-linformation-et-la-democratie-presente-ses-solutions-structurelles-pour-lutter-contre-la-desinformation-climatique\\\/#breadcrumb\",\"itemListElement\":[{\"@type\":\"ListItem\",\"position\":1,\"name\":\"Accueil\",\"item\":\"https:\\\/\\\/informationdemocracy.org\\\/fr\\\/\"},{\"@type\":\"ListItem\",\"position\":2,\"name\":\"COP30: Le Forum sur l&#8217;information et la d\u00e9mocratie pr\u00e9sente ses solutions structurelles pour lutter contre la d\u00e9sinformation climatique\"}]},{\"@type\":\"WebSite\",\"@id\":\"https:\\\/\\\/informationdemocracy.org\\\/fr\\\/#website\",\"url\":\"https:\\\/\\\/informationdemocracy.org\\\/fr\\\/\",\"name\":\"Forum on Information & Democracy\",\"description\":\"\",\"publisher\":{\"@id\":\"https:\\\/\\\/informationdemocracy.org\\\/fr\\\/#organization\"},\"potentialAction\":[{\"@type\":\"SearchAction\",\"target\":{\"@type\":\"EntryPoint\",\"urlTemplate\":\"https:\\\/\\\/informationdemocracy.org\\\/fr\\\/?s={search_term_string}\"},\"query-input\":{\"@type\":\"PropertyValueSpecification\",\"valueRequired\":true,\"valueName\":\"search_term_string\"}}],\"inLanguage\":\"fr-FR\"},{\"@type\":\"Organization\",\"@id\":\"https:\\\/\\\/informationdemocracy.org\\\/fr\\\/#organization\",\"name\":\"Forum on Information & Democracy\",\"url\":\"https:\\\/\\\/informationdemocracy.org\\\/fr\\\/\",\"logo\":{\"@type\":\"ImageObject\",\"inLanguage\":\"fr-FR\",\"@id\":\"https:\\\/\\\/informationdemocracy.org\\\/fr\\\/#\\\/schema\\\/logo\\\/image\\\/\",\"url\":\"https:\\\/\\\/informationdemocracy.org\\\/wp-content\\\/uploads\\\/2025\\\/09\\\/Logo.svg\",\"contentUrl\":\"https:\\\/\\\/informationdemocracy.org\\\/wp-content\\\/uploads\\\/2025\\\/09\\\/Logo.svg\",\"width\":168,\"height\":51,\"caption\":\"Forum on Information & Democracy\"},\"image\":{\"@id\":\"https:\\\/\\\/informationdemocracy.org\\\/fr\\\/#\\\/schema\\\/logo\\\/image\\\/\"},\"sameAs\":[\"https:\\\/\\\/www.linkedin.com\\\/company\\\/forum-information-democracy\",\"https:\\\/\\\/www.youtube.com\\\/playlist?list=PL-yF0NqTYQU2B3I97oh3Dv2Dfevd8ThM_\",\"https:\\\/\\\/www.instagram.com\\\/foruminformationdemocracy\\\/\"]},{\"@type\":\"Person\",\"@id\":\"https:\\\/\\\/informationdemocracy.org\\\/fr\\\/#\\\/schema\\\/person\\\/48ea335c80804b99e13cfa6bf4c2f7dd\",\"name\":\"informationdemocracywebsite\",\"image\":{\"@type\":\"ImageObject\",\"inLanguage\":\"fr-FR\",\"@id\":\"https:\\\/\\\/secure.gravatar.com\\\/avatar\\\/33c6a406643df806a5494363b5db420a409e4a8dc49952dd63ae5da7fb946c0c?s=96&d=mm&r=g\",\"url\":\"https:\\\/\\\/secure.gravatar.com\\\/avatar\\\/33c6a406643df806a5494363b5db420a409e4a8dc49952dd63ae5da7fb946c0c?s=96&d=mm&r=g\",\"contentUrl\":\"https:\\\/\\\/secure.gravatar.com\\\/avatar\\\/33c6a406643df806a5494363b5db420a409e4a8dc49952dd63ae5da7fb946c0c?s=96&d=mm&r=g\",\"caption\":\"informationdemocracywebsite\"},\"url\":\"https:\\\/\\\/informationdemocracy.org\\\/fr\\\/author\\\/informationdemocracywebsite\\\/\"}]}<\/script>\n<!-- \/ Yoast SEO plugin. -->","yoast_head_json":{"title":"COP30: Le Forum sur l'information et la d\u00e9mocratie pr\u00e9sente ses solutions structurelles pour lutter contre la d\u00e9sinformation climatique - Forum Information &amp; Democracy","robots":{"index":"index","follow":"follow","max-snippet":"max-snippet:-1","max-image-preview":"max-image-preview:large","max-video-preview":"max-video-preview:-1"},"canonical":"https:\/\/informationdemocracy.org\/fr\/2025\/11\/05\/cop30-le-forum-sur-linformation-et-la-democratie-presente-ses-solutions-structurelles-pour-lutter-contre-la-desinformation-climatique\/","og_locale":"fr_FR","og_type":"article","og_title":"COP30: Le Forum sur l'information et la d\u00e9mocratie pr\u00e9sente ses solutions structurelles pour lutter contre la d\u00e9sinformation climatique - Forum Information &amp; Democracy","og_description":"Depuis f\u00e9vrier 2025, le Forum sur l\u2019information et la d\u00e9mocratie anime un axe de travail prioritaire sur la d\u00e9sinformation climatique et les autres enjeux environnementaux. Co-pr\u00e9sid\u00e9 par l\u2019Arm\u00e9nie, qui accueillera la COP 17 sur la biodiversit\u00e9 en 2026, et le Br\u00e9sil, ce groupe rend ses premi\u00e8res conclusions \u00e0 quelques jours du lancement de la COP [&hellip;]","og_url":"https:\/\/informationdemocracy.org\/fr\/2025\/11\/05\/cop30-le-forum-sur-linformation-et-la-democratie-presente-ses-solutions-structurelles-pour-lutter-contre-la-desinformation-climatique\/","og_site_name":"Forum Information &amp; Democracy","article_published_time":"2025-11-05T04:42:00+00:00","article_modified_time":"2025-11-06T11:40:41+00:00","og_image":[{"width":1600,"height":1000,"url":"https:\/\/informationdemocracy.org\/wp-content\/uploads\/2025\/11\/Format-Bandeau-Website-1080-x-1080-px-8.png","type":"image\/png"}],"author":"informationdemocracywebsite","twitter_card":"summary_large_image","twitter_misc":{"\u00c9crit par":"informationdemocracywebsite","Dur\u00e9e de lecture estim\u00e9e":"2 minutes"},"schema":{"@context":"https:\/\/schema.org","@graph":[{"@type":"Article","@id":"https:\/\/informationdemocracy.org\/fr\/2025\/11\/05\/cop30-le-forum-sur-linformation-et-la-democratie-presente-ses-solutions-structurelles-pour-lutter-contre-la-desinformation-climatique\/#article","isPartOf":{"@id":"https:\/\/informationdemocracy.org\/fr\/2025\/11\/05\/cop30-le-forum-sur-linformation-et-la-democratie-presente-ses-solutions-structurelles-pour-lutter-contre-la-desinformation-climatique\/"},"author":{"name":"informationdemocracywebsite","@id":"https:\/\/informationdemocracy.org\/fr\/#\/schema\/person\/48ea335c80804b99e13cfa6bf4c2f7dd"},"headline":"COP30: Le Forum sur l&rsquo;information et la d\u00e9mocratie pr\u00e9sente ses solutions structurelles pour lutter contre la d\u00e9sinformation climatique","datePublished":"2025-11-05T04:42:00+00:00","dateModified":"2025-11-06T11:40:41+00:00","mainEntityOfPage":{"@id":"https:\/\/informationdemocracy.org\/fr\/2025\/11\/05\/cop30-le-forum-sur-linformation-et-la-democratie-presente-ses-solutions-structurelles-pour-lutter-contre-la-desinformation-climatique\/"},"wordCount":473,"publisher":{"@id":"https:\/\/informationdemocracy.org\/fr\/#organization"},"image":{"@id":"https:\/\/informationdemocracy.org\/fr\/2025\/11\/05\/cop30-le-forum-sur-linformation-et-la-democratie-presente-ses-solutions-structurelles-pour-lutter-contre-la-desinformation-climatique\/#primaryimage"},"thumbnailUrl":"https:\/\/informationdemocracy.org\/wp-content\/uploads\/2025\/11\/Format-Bandeau-Website-1080-x-1080-px-8.png","articleSection":["Axe de travail Climat","Non cat\u00e9goris\u00e9"],"inLanguage":"fr-FR"},{"@type":"WebPage","@id":"https:\/\/informationdemocracy.org\/fr\/2025\/11\/05\/cop30-le-forum-sur-linformation-et-la-democratie-presente-ses-solutions-structurelles-pour-lutter-contre-la-desinformation-climatique\/","url":"https:\/\/informationdemocracy.org\/fr\/2025\/11\/05\/cop30-le-forum-sur-linformation-et-la-democratie-presente-ses-solutions-structurelles-pour-lutter-contre-la-desinformation-climatique\/","name":"COP30: Le Forum sur l'information et la d\u00e9mocratie pr\u00e9sente ses solutions structurelles pour lutter contre la d\u00e9sinformation climatique - Forum Information &amp; Democracy","isPartOf":{"@id":"https:\/\/informationdemocracy.org\/fr\/#website"},"primaryImageOfPage":{"@id":"https:\/\/informationdemocracy.org\/fr\/2025\/11\/05\/cop30-le-forum-sur-linformation-et-la-democratie-presente-ses-solutions-structurelles-pour-lutter-contre-la-desinformation-climatique\/#primaryimage"},"image":{"@id":"https:\/\/informationdemocracy.org\/fr\/2025\/11\/05\/cop30-le-forum-sur-linformation-et-la-democratie-presente-ses-solutions-structurelles-pour-lutter-contre-la-desinformation-climatique\/#primaryimage"},"thumbnailUrl":"https:\/\/informationdemocracy.org\/wp-content\/uploads\/2025\/11\/Format-Bandeau-Website-1080-x-1080-px-8.png","datePublished":"2025-11-05T04:42:00+00:00","dateModified":"2025-11-06T11:40:41+00:00","breadcrumb":{"@id":"https:\/\/informationdemocracy.org\/fr\/2025\/11\/05\/cop30-le-forum-sur-linformation-et-la-democratie-presente-ses-solutions-structurelles-pour-lutter-contre-la-desinformation-climatique\/#breadcrumb"},"inLanguage":"fr-FR","potentialAction":[{"@type":"ReadAction","target":["https:\/\/informationdemocracy.org\/fr\/2025\/11\/05\/cop30-le-forum-sur-linformation-et-la-democratie-presente-ses-solutions-structurelles-pour-lutter-contre-la-desinformation-climatique\/"]}]},{"@type":"ImageObject","inLanguage":"fr-FR","@id":"https:\/\/informationdemocracy.org\/fr\/2025\/11\/05\/cop30-le-forum-sur-linformation-et-la-democratie-presente-ses-solutions-structurelles-pour-lutter-contre-la-desinformation-climatique\/#primaryimage","url":"https:\/\/informationdemocracy.org\/wp-content\/uploads\/2025\/11\/Format-Bandeau-Website-1080-x-1080-px-8.png","contentUrl":"https:\/\/informationdemocracy.org\/wp-content\/uploads\/2025\/11\/Format-Bandeau-Website-1080-x-1080-px-8.png","width":1600,"height":1000},{"@type":"BreadcrumbList","@id":"https:\/\/informationdemocracy.org\/fr\/2025\/11\/05\/cop30-le-forum-sur-linformation-et-la-democratie-presente-ses-solutions-structurelles-pour-lutter-contre-la-desinformation-climatique\/#breadcrumb","itemListElement":[{"@type":"ListItem","position":1,"name":"Accueil","item":"https:\/\/informationdemocracy.org\/fr\/"},{"@type":"ListItem","position":2,"name":"COP30: Le Forum sur l&#8217;information et la d\u00e9mocratie pr\u00e9sente ses solutions structurelles pour lutter contre la d\u00e9sinformation climatique"}]},{"@type":"WebSite","@id":"https:\/\/informationdemocracy.org\/fr\/#website","url":"https:\/\/informationdemocracy.org\/fr\/","name":"Forum on Information & Democracy","description":"","publisher":{"@id":"https:\/\/informationdemocracy.org\/fr\/#organization"},"potentialAction":[{"@type":"SearchAction","target":{"@type":"EntryPoint","urlTemplate":"https:\/\/informationdemocracy.org\/fr\/?s={search_term_string}"},"query-input":{"@type":"PropertyValueSpecification","valueRequired":true,"valueName":"search_term_string"}}],"inLanguage":"fr-FR"},{"@type":"Organization","@id":"https:\/\/informationdemocracy.org\/fr\/#organization","name":"Forum on Information & Democracy","url":"https:\/\/informationdemocracy.org\/fr\/","logo":{"@type":"ImageObject","inLanguage":"fr-FR","@id":"https:\/\/informationdemocracy.org\/fr\/#\/schema\/logo\/image\/","url":"https:\/\/informationdemocracy.org\/wp-content\/uploads\/2025\/09\/Logo.svg","contentUrl":"https:\/\/informationdemocracy.org\/wp-content\/uploads\/2025\/09\/Logo.svg","width":168,"height":51,"caption":"Forum on Information & Democracy"},"image":{"@id":"https:\/\/informationdemocracy.org\/fr\/#\/schema\/logo\/image\/"},"sameAs":["https:\/\/www.linkedin.com\/company\/forum-information-democracy","https:\/\/www.youtube.com\/playlist?list=PL-yF0NqTYQU2B3I97oh3Dv2Dfevd8ThM_","https:\/\/www.instagram.com\/foruminformationdemocracy\/"]},{"@type":"Person","@id":"https:\/\/informationdemocracy.org\/fr\/#\/schema\/person\/48ea335c80804b99e13cfa6bf4c2f7dd","name":"informationdemocracywebsite","image":{"@type":"ImageObject","inLanguage":"fr-FR","@id":"https:\/\/secure.gravatar.com\/avatar\/33c6a406643df806a5494363b5db420a409e4a8dc49952dd63ae5da7fb946c0c?s=96&d=mm&r=g","url":"https:\/\/secure.gravatar.com\/avatar\/33c6a406643df806a5494363b5db420a409e4a8dc49952dd63ae5da7fb946c0c?s=96&d=mm&r=g","contentUrl":"https:\/\/secure.gravatar.com\/avatar\/33c6a406643df806a5494363b5db420a409e4a8dc49952dd63ae5da7fb946c0c?s=96&d=mm&r=g","caption":"informationdemocracywebsite"},"url":"https:\/\/informationdemocracy.org\/fr\/author\/informationdemocracywebsite\/"}]}},"_links":{"self":[{"href":"https:\/\/informationdemocracy.org\/fr\/wp-json\/wp\/v2\/posts\/13825","targetHints":{"allow":["GET"]}}],"collection":[{"href":"https:\/\/informationdemocracy.org\/fr\/wp-json\/wp\/v2\/posts"}],"about":[{"href":"https:\/\/informationdemocracy.org\/fr\/wp-json\/wp\/v2\/types\/post"}],"author":[{"embeddable":true,"href":"https:\/\/informationdemocracy.org\/fr\/wp-json\/wp\/v2\/users\/2"}],"replies":[{"embeddable":true,"href":"https:\/\/informationdemocracy.org\/fr\/wp-json\/wp\/v2\/comments?post=13825"}],"version-history":[{"count":5,"href":"https:\/\/informationdemocracy.org\/fr\/wp-json\/wp\/v2\/posts\/13825\/revisions"}],"predecessor-version":[{"id":13886,"href":"https:\/\/informationdemocracy.org\/fr\/wp-json\/wp\/v2\/posts\/13825\/revisions\/13886"}],"wp:featuredmedia":[{"embeddable":true,"href":"https:\/\/informationdemocracy.org\/fr\/wp-json\/wp\/v2\/media\/13883"}],"wp:attachment":[{"href":"https:\/\/informationdemocracy.org\/fr\/wp-json\/wp\/v2\/media?parent=13825"}],"wp:term":[{"taxonomy":"category","embeddable":true,"href":"https:\/\/informationdemocracy.org\/fr\/wp-json\/wp\/v2\/categories?post=13825"},{"taxonomy":"post_tag","embeddable":true,"href":"https:\/\/informationdemocracy.org\/fr\/wp-json\/wp\/v2\/tags?post=13825"},{"taxonomy":"contenu-mis-en-avant","embeddable":true,"href":"https:\/\/informationdemocracy.org\/fr\/wp-json\/wp\/v2\/contenu-mis-en-avant?post=13825"},{"taxonomy":"thematic","embeddable":true,"href":"https:\/\/informationdemocracy.org\/fr\/wp-json\/wp\/v2\/thematic?post=13825"},{"taxonomy":"workstream","embeddable":true,"href":"https:\/\/informationdemocracy.org\/fr\/wp-json\/wp\/v2\/workstream?post=13825"}],"curies":[{"name":"wp","href":"https:\/\/api.w.org\/{rel}","templated":true}]}}