{"id":13888,"date":"2025-10-01T12:50:00","date_gmt":"2025-10-01T10:50:00","guid":{"rendered":"https:\/\/informationdemocracy.org\/?p=13888"},"modified":"2025-11-06T12:55:28","modified_gmt":"2025-11-06T11:55:28","slug":"crise-de-linformation-sur-les-questions-environnementales-un-defi-neglige-mais-crucial","status":"publish","type":"post","link":"https:\/\/informationdemocracy.org\/fr\/2025\/10\/01\/crise-de-linformation-sur-les-questions-environnementales-un-defi-neglige-mais-crucial\/","title":{"rendered":"Crise de l\u2019information sur les questions environnementales: un d\u00e9fi n\u00e9glig\u00e9 mais crucial"},"content":{"rendered":"\n<p><\/p>\n\n\n\n<p><strong>Les \u00c9tats partenaires et la Coalition des organisations de la soci\u00e9t\u00e9 civile du Forum se sont r\u00e9unis lors d\u2019une r\u00e9union en ligne du groupe de travail sur l\u2019int\u00e9grit\u00e9 de l\u2019information, le changement climatique et les questions environnementales, sous la co-leadership de l\u2019Arm\u00e9nie et du Br\u00e9sil, le 1er octobre 2025. La r\u00e9union avait pour objectif d\u2019examiner comment la protection de l\u2019environnement est entrav\u00e9e par la d\u00e9sinformation et le manque d\u2019informations fiables, et d\u2019explorer les premi\u00e8res solutions.<\/strong><\/p>\n\n\n\n<p><\/p>\n\n\n\n<p>Alors que la communaut\u00e9 internationale porte une attention croissante \u00e0 la d\u00e9sinformation climatique, la r\u00e9union visait \u00e0 \u00e9valuer et \u00e0 mettre en lumi\u00e8re la nature multifacette des d\u00e9fis li\u00e9s \u00e0 l\u2019int\u00e9grit\u00e9 de l\u2019information sur les questions environnementales. Les participants ont soulign\u00e9 que, au-del\u00e0 de la d\u00e9sinformation climatique, d\u2019autres domaines comme la biodiversit\u00e9 sont \u00e9galement touch\u00e9s par des campagnes de d\u00e9sinformation. La situation est aggrav\u00e9e par les attaques et harc\u00e8lements visant les journalistes et d\u00e9fenseurs de l\u2019environnement, cr\u00e9ant un vide que des acteurs malveillants et des int\u00e9r\u00eats priv\u00e9s peuvent exploiter.<\/p>\n\n\n\n<p>Des \u00e9tudes de cas provenant de pays d\u2019Am\u00e9rique latine ont illustr\u00e9 cette situation difficile. La profonde in\u00e9galit\u00e9 num\u00e9rique dans la r\u00e9gion compromet l\u2019acc\u00e8s \u00e0 une information pr\u00e9cise, laissant les communaut\u00e9s marginalis\u00e9es sans connectivit\u00e9 fiable. De plus, les menaces croissantes contre le journalisme environnemental, les risques physiques, le harc\u00e8lement num\u00e9rique et la surveillance des d\u00e9fenseurs de l\u2019environnement r\u00e9duisent la production de rapports et l\u2019acc\u00e8s \u00e0 des informations fiables. Ainsi, la d\u00e9sinformation a aliment\u00e9 la polarisation sur des sujets tels que la transition \u00e9nerg\u00e9tique, tout en ne r\u00e9pondant pas aux besoins et pr\u00e9occupations des communaut\u00e9s locales. M\u00eame si des instruments internationaux, comme l\u2019Accord d\u2019Escaz\u00fa, consacrent le droit \u00e0 la participation et \u00e0 l\u2019information sur les questions environnementales, ils ne sont pas pleinement mis en \u0153uvre.<\/p>\n\n\n\n<p><\/p>\n\n\n\n<h3 class=\"wp-block-heading\"><strong>Pratiques \u00e9mergentes pour renforcer l\u2019acc\u00e8s \u00e0 une information environnementale fiable<\/strong><br><\/h3>\n\n\n\n<p>Les repr\u00e9sentants des \u00c9tats partenaires ont partag\u00e9 des perspectives sur les strat\u00e9gies en cours visant \u00e0 accro\u00eetre l\u2019acc\u00e8s \u00e0 une information environnementale fiable. Ces strat\u00e9gies incluent des approches vari\u00e9es, allant du renforcement des institutions publiques pour garantir la diffusion d\u2019informations exactes et fiables, \u00e0 la promotion de la collaboration entre gouvernements et acteurs priv\u00e9s, en passant par le d\u00e9veloppement de programmes d\u2019\u00e9ducation civique pour renforcer la r\u00e9silience.<\/p>\n\n\n\n<p>Les r\u00e9serves de biosph\u00e8re ont \u00e9galement \u00e9t\u00e9 pr\u00e9sent\u00e9es comme des plateformes uniques pour mobiliser les communaut\u00e9s locales, favoriser le dialogue et proposer des engagements orient\u00e9s vers les solutions. Enfin, la n\u00e9cessit\u00e9 de former les journalistes aux questions environnementales a \u00e9t\u00e9 soulign\u00e9e comme essentielle afin que les r\u00e9sultats scientifiques parviennent au public de mani\u00e8re accessible et engageante.<\/p>\n\n\n\n<p><\/p>\n\n\n\n<h3 class=\"wp-block-heading\"><strong>Int\u00e9grit\u00e9 de l\u2019information \u00e0 la COP30<\/strong><\/h3>\n\n\n\n<p><br>La r\u00e9union s\u2019est conclue par une projection vers la COP30, qui se tiendra \u00e0 Bel\u00e9m, au Br\u00e9sil, en novembre 2025. Le gouvernement br\u00e9silien a inscrit l\u2019int\u00e9grit\u00e9 de l\u2019information \u00e0 l\u2019ordre du jour avec un objectif sp\u00e9cifique dans le Plan d\u2019action de la COP30, des sessions d\u00e9di\u00e9es et un\u00a0<em>Mutir\u00e3o<\/em>\u00a0r\u00e9unissant diff\u00e9rents acteurs et initiatives. Cela s\u2019appuie sur l\u2019Initiative mondiale sur l\u2019int\u00e9grit\u00e9 de l\u2019information sur le changement climatique, lanc\u00e9e \u00e0 l\u2019issue de la pr\u00e9sidence br\u00e9silienne du G20.<\/p>\n","protected":false},"excerpt":{"rendered":"<p>Les \u00c9tats partenaires et la Coalition des organisations de la soci\u00e9t\u00e9 civile du Forum se sont r\u00e9unis lors d\u2019une r\u00e9union en ligne du groupe de travail sur l\u2019int\u00e9grit\u00e9 de l\u2019information, le changement climatique et les questions environnementales, sous la co-leadership de l\u2019Arm\u00e9nie et du Br\u00e9sil, le 1er octobre 2025. La r\u00e9union avait pour objectif d\u2019examiner [&hellip;]<\/p>\n","protected":false},"author":2,"featured_media":13889,"comment_status":"closed","ping_status":"closed","sticky":false,"template":"","format":"standard","meta":{"_acf_changed":false,"footnotes":""},"categories":[57,49],"tags":[],"contenu-mis-en-avant":[],"thematic":[69,68],"workstream":[87],"class_list":["post-13888","post","type-post","status-publish","format-standard","has-post-thumbnail","hentry","category-axe-de-travail-climat","category-non-categorise","thematic-fiabilite-des-informations-en-ligne","thematic-soutenabilite-des-medias","workstream-renforcer-lintegrite-de-linformation-sur-le-changement-climatique-et-dautres-questions-environnementales"],"acf":[],"yoast_head":"<!-- This site is optimized with the Yoast SEO plugin v27.4 - https:\/\/yoast.com\/product\/yoast-seo-wordpress\/ -->\n<title>Crise de l\u2019information sur les questions environnementales: un d\u00e9fi n\u00e9glig\u00e9 mais crucial - Forum Information &amp; Democracy<\/title>\n<meta name=\"robots\" content=\"index, follow, max-snippet:-1, max-image-preview:large, max-video-preview:-1\" \/>\n<link rel=\"canonical\" href=\"https:\/\/informationdemocracy.org\/fr\/2025\/10\/01\/crise-de-linformation-sur-les-questions-environnementales-un-defi-neglige-mais-crucial\/\" \/>\n<meta property=\"og:locale\" content=\"fr_FR\" \/>\n<meta property=\"og:type\" content=\"article\" \/>\n<meta property=\"og:title\" content=\"Crise de l\u2019information sur les questions environnementales: un d\u00e9fi n\u00e9glig\u00e9 mais crucial - Forum Information &amp; Democracy\" \/>\n<meta property=\"og:description\" content=\"Les \u00c9tats partenaires et la Coalition des organisations de la soci\u00e9t\u00e9 civile du Forum se sont r\u00e9unis lors d\u2019une r\u00e9union en ligne du groupe de travail sur l\u2019int\u00e9grit\u00e9 de l\u2019information, le changement climatique et les questions environnementales, sous la co-leadership de l\u2019Arm\u00e9nie et du Br\u00e9sil, le 1er octobre 2025. La r\u00e9union avait pour objectif d\u2019examiner [&hellip;]\" \/>\n<meta property=\"og:url\" content=\"https:\/\/informationdemocracy.org\/fr\/2025\/10\/01\/crise-de-linformation-sur-les-questions-environnementales-un-defi-neglige-mais-crucial\/\" \/>\n<meta property=\"og:site_name\" content=\"Forum Information &amp; Democracy\" \/>\n<meta property=\"article:published_time\" content=\"2025-10-01T10:50:00+00:00\" \/>\n<meta property=\"article:modified_time\" content=\"2025-11-06T11:55:28+00:00\" \/>\n<meta property=\"og:image\" content=\"https:\/\/informationdemocracy.org\/wp-content\/uploads\/2025\/11\/Format-Bandeau-Website-1080-x-1080-px-9.png\" \/>\n\t<meta property=\"og:image:width\" content=\"1600\" \/>\n\t<meta property=\"og:image:height\" content=\"1000\" \/>\n\t<meta property=\"og:image:type\" content=\"image\/png\" \/>\n<meta name=\"author\" content=\"informationdemocracywebsite\" \/>\n<meta name=\"twitter:card\" content=\"summary_large_image\" \/>\n<meta name=\"twitter:label1\" content=\"\u00c9crit par\" \/>\n\t<meta name=\"twitter:data1\" content=\"informationdemocracywebsite\" \/>\n\t<meta name=\"twitter:label2\" content=\"Dur\u00e9e de lecture estim\u00e9e\" \/>\n\t<meta name=\"twitter:data2\" content=\"3 minutes\" \/>\n<script type=\"application\/ld+json\" class=\"yoast-schema-graph\">{\"@context\":\"https:\\\/\\\/schema.org\",\"@graph\":[{\"@type\":\"Article\",\"@id\":\"https:\\\/\\\/informationdemocracy.org\\\/fr\\\/2025\\\/10\\\/01\\\/crise-de-linformation-sur-les-questions-environnementales-un-defi-neglige-mais-crucial\\\/#article\",\"isPartOf\":{\"@id\":\"https:\\\/\\\/informationdemocracy.org\\\/fr\\\/2025\\\/10\\\/01\\\/crise-de-linformation-sur-les-questions-environnementales-un-defi-neglige-mais-crucial\\\/\"},\"author\":{\"name\":\"informationdemocracywebsite\",\"@id\":\"https:\\\/\\\/informationdemocracy.org\\\/fr\\\/#\\\/schema\\\/person\\\/48ea335c80804b99e13cfa6bf4c2f7dd\"},\"headline\":\"Crise de l\u2019information sur les questions environnementales: un d\u00e9fi n\u00e9glig\u00e9 mais crucial\",\"datePublished\":\"2025-10-01T10:50:00+00:00\",\"dateModified\":\"2025-11-06T11:55:28+00:00\",\"mainEntityOfPage\":{\"@id\":\"https:\\\/\\\/informationdemocracy.org\\\/fr\\\/2025\\\/10\\\/01\\\/crise-de-linformation-sur-les-questions-environnementales-un-defi-neglige-mais-crucial\\\/\"},\"wordCount\":614,\"publisher\":{\"@id\":\"https:\\\/\\\/informationdemocracy.org\\\/fr\\\/#organization\"},\"image\":{\"@id\":\"https:\\\/\\\/informationdemocracy.org\\\/fr\\\/2025\\\/10\\\/01\\\/crise-de-linformation-sur-les-questions-environnementales-un-defi-neglige-mais-crucial\\\/#primaryimage\"},\"thumbnailUrl\":\"https:\\\/\\\/informationdemocracy.org\\\/wp-content\\\/uploads\\\/2025\\\/11\\\/Format-Bandeau-Website-1080-x-1080-px-9.png\",\"articleSection\":[\"Axe de travail Climat\",\"Non cat\u00e9goris\u00e9\"],\"inLanguage\":\"fr-FR\"},{\"@type\":\"WebPage\",\"@id\":\"https:\\\/\\\/informationdemocracy.org\\\/fr\\\/2025\\\/10\\\/01\\\/crise-de-linformation-sur-les-questions-environnementales-un-defi-neglige-mais-crucial\\\/\",\"url\":\"https:\\\/\\\/informationdemocracy.org\\\/fr\\\/2025\\\/10\\\/01\\\/crise-de-linformation-sur-les-questions-environnementales-un-defi-neglige-mais-crucial\\\/\",\"name\":\"Crise de l\u2019information sur les questions environnementales: un d\u00e9fi n\u00e9glig\u00e9 mais crucial - Forum Information &amp; Democracy\",\"isPartOf\":{\"@id\":\"https:\\\/\\\/informationdemocracy.org\\\/fr\\\/#website\"},\"primaryImageOfPage\":{\"@id\":\"https:\\\/\\\/informationdemocracy.org\\\/fr\\\/2025\\\/10\\\/01\\\/crise-de-linformation-sur-les-questions-environnementales-un-defi-neglige-mais-crucial\\\/#primaryimage\"},\"image\":{\"@id\":\"https:\\\/\\\/informationdemocracy.org\\\/fr\\\/2025\\\/10\\\/01\\\/crise-de-linformation-sur-les-questions-environnementales-un-defi-neglige-mais-crucial\\\/#primaryimage\"},\"thumbnailUrl\":\"https:\\\/\\\/informationdemocracy.org\\\/wp-content\\\/uploads\\\/2025\\\/11\\\/Format-Bandeau-Website-1080-x-1080-px-9.png\",\"datePublished\":\"2025-10-01T10:50:00+00:00\",\"dateModified\":\"2025-11-06T11:55:28+00:00\",\"breadcrumb\":{\"@id\":\"https:\\\/\\\/informationdemocracy.org\\\/fr\\\/2025\\\/10\\\/01\\\/crise-de-linformation-sur-les-questions-environnementales-un-defi-neglige-mais-crucial\\\/#breadcrumb\"},\"inLanguage\":\"fr-FR\",\"potentialAction\":[{\"@type\":\"ReadAction\",\"target\":[\"https:\\\/\\\/informationdemocracy.org\\\/fr\\\/2025\\\/10\\\/01\\\/crise-de-linformation-sur-les-questions-environnementales-un-defi-neglige-mais-crucial\\\/\"]}]},{\"@type\":\"ImageObject\",\"inLanguage\":\"fr-FR\",\"@id\":\"https:\\\/\\\/informationdemocracy.org\\\/fr\\\/2025\\\/10\\\/01\\\/crise-de-linformation-sur-les-questions-environnementales-un-defi-neglige-mais-crucial\\\/#primaryimage\",\"url\":\"https:\\\/\\\/informationdemocracy.org\\\/wp-content\\\/uploads\\\/2025\\\/11\\\/Format-Bandeau-Website-1080-x-1080-px-9.png\",\"contentUrl\":\"https:\\\/\\\/informationdemocracy.org\\\/wp-content\\\/uploads\\\/2025\\\/11\\\/Format-Bandeau-Website-1080-x-1080-px-9.png\",\"width\":1600,\"height\":1000},{\"@type\":\"BreadcrumbList\",\"@id\":\"https:\\\/\\\/informationdemocracy.org\\\/fr\\\/2025\\\/10\\\/01\\\/crise-de-linformation-sur-les-questions-environnementales-un-defi-neglige-mais-crucial\\\/#breadcrumb\",\"itemListElement\":[{\"@type\":\"ListItem\",\"position\":1,\"name\":\"Accueil\",\"item\":\"https:\\\/\\\/informationdemocracy.org\\\/fr\\\/\"},{\"@type\":\"ListItem\",\"position\":2,\"name\":\"Crise de l\u2019information sur les questions environnementales: un d\u00e9fi n\u00e9glig\u00e9 mais crucial\"}]},{\"@type\":\"WebSite\",\"@id\":\"https:\\\/\\\/informationdemocracy.org\\\/fr\\\/#website\",\"url\":\"https:\\\/\\\/informationdemocracy.org\\\/fr\\\/\",\"name\":\"Forum on Information & Democracy\",\"description\":\"\",\"publisher\":{\"@id\":\"https:\\\/\\\/informationdemocracy.org\\\/fr\\\/#organization\"},\"potentialAction\":[{\"@type\":\"SearchAction\",\"target\":{\"@type\":\"EntryPoint\",\"urlTemplate\":\"https:\\\/\\\/informationdemocracy.org\\\/fr\\\/?s={search_term_string}\"},\"query-input\":{\"@type\":\"PropertyValueSpecification\",\"valueRequired\":true,\"valueName\":\"search_term_string\"}}],\"inLanguage\":\"fr-FR\"},{\"@type\":\"Organization\",\"@id\":\"https:\\\/\\\/informationdemocracy.org\\\/fr\\\/#organization\",\"name\":\"Forum on Information & Democracy\",\"url\":\"https:\\\/\\\/informationdemocracy.org\\\/fr\\\/\",\"logo\":{\"@type\":\"ImageObject\",\"inLanguage\":\"fr-FR\",\"@id\":\"https:\\\/\\\/informationdemocracy.org\\\/fr\\\/#\\\/schema\\\/logo\\\/image\\\/\",\"url\":\"https:\\\/\\\/informationdemocracy.org\\\/wp-content\\\/uploads\\\/2025\\\/09\\\/Logo.svg\",\"contentUrl\":\"https:\\\/\\\/informationdemocracy.org\\\/wp-content\\\/uploads\\\/2025\\\/09\\\/Logo.svg\",\"width\":168,\"height\":51,\"caption\":\"Forum on Information & Democracy\"},\"image\":{\"@id\":\"https:\\\/\\\/informationdemocracy.org\\\/fr\\\/#\\\/schema\\\/logo\\\/image\\\/\"},\"sameAs\":[\"https:\\\/\\\/www.linkedin.com\\\/company\\\/forum-information-democracy\",\"https:\\\/\\\/www.youtube.com\\\/playlist?list=PL-yF0NqTYQU2B3I97oh3Dv2Dfevd8ThM_\",\"https:\\\/\\\/www.instagram.com\\\/foruminformationdemocracy\\\/\"]},{\"@type\":\"Person\",\"@id\":\"https:\\\/\\\/informationdemocracy.org\\\/fr\\\/#\\\/schema\\\/person\\\/48ea335c80804b99e13cfa6bf4c2f7dd\",\"name\":\"informationdemocracywebsite\",\"image\":{\"@type\":\"ImageObject\",\"inLanguage\":\"fr-FR\",\"@id\":\"https:\\\/\\\/secure.gravatar.com\\\/avatar\\\/33c6a406643df806a5494363b5db420a409e4a8dc49952dd63ae5da7fb946c0c?s=96&d=mm&r=g\",\"url\":\"https:\\\/\\\/secure.gravatar.com\\\/avatar\\\/33c6a406643df806a5494363b5db420a409e4a8dc49952dd63ae5da7fb946c0c?s=96&d=mm&r=g\",\"contentUrl\":\"https:\\\/\\\/secure.gravatar.com\\\/avatar\\\/33c6a406643df806a5494363b5db420a409e4a8dc49952dd63ae5da7fb946c0c?s=96&d=mm&r=g\",\"caption\":\"informationdemocracywebsite\"},\"url\":\"https:\\\/\\\/informationdemocracy.org\\\/fr\\\/author\\\/informationdemocracywebsite\\\/\"}]}<\/script>\n<!-- \/ Yoast SEO plugin. -->","yoast_head_json":{"title":"Crise de l\u2019information sur les questions environnementales: un d\u00e9fi n\u00e9glig\u00e9 mais crucial - Forum Information &amp; Democracy","robots":{"index":"index","follow":"follow","max-snippet":"max-snippet:-1","max-image-preview":"max-image-preview:large","max-video-preview":"max-video-preview:-1"},"canonical":"https:\/\/informationdemocracy.org\/fr\/2025\/10\/01\/crise-de-linformation-sur-les-questions-environnementales-un-defi-neglige-mais-crucial\/","og_locale":"fr_FR","og_type":"article","og_title":"Crise de l\u2019information sur les questions environnementales: un d\u00e9fi n\u00e9glig\u00e9 mais crucial - Forum Information &amp; Democracy","og_description":"Les \u00c9tats partenaires et la Coalition des organisations de la soci\u00e9t\u00e9 civile du Forum se sont r\u00e9unis lors d\u2019une r\u00e9union en ligne du groupe de travail sur l\u2019int\u00e9grit\u00e9 de l\u2019information, le changement climatique et les questions environnementales, sous la co-leadership de l\u2019Arm\u00e9nie et du Br\u00e9sil, le 1er octobre 2025. La r\u00e9union avait pour objectif d\u2019examiner [&hellip;]","og_url":"https:\/\/informationdemocracy.org\/fr\/2025\/10\/01\/crise-de-linformation-sur-les-questions-environnementales-un-defi-neglige-mais-crucial\/","og_site_name":"Forum Information &amp; Democracy","article_published_time":"2025-10-01T10:50:00+00:00","article_modified_time":"2025-11-06T11:55:28+00:00","og_image":[{"width":1600,"height":1000,"url":"https:\/\/informationdemocracy.org\/wp-content\/uploads\/2025\/11\/Format-Bandeau-Website-1080-x-1080-px-9.png","type":"image\/png"}],"author":"informationdemocracywebsite","twitter_card":"summary_large_image","twitter_misc":{"\u00c9crit par":"informationdemocracywebsite","Dur\u00e9e de lecture estim\u00e9e":"3 minutes"},"schema":{"@context":"https:\/\/schema.org","@graph":[{"@type":"Article","@id":"https:\/\/informationdemocracy.org\/fr\/2025\/10\/01\/crise-de-linformation-sur-les-questions-environnementales-un-defi-neglige-mais-crucial\/#article","isPartOf":{"@id":"https:\/\/informationdemocracy.org\/fr\/2025\/10\/01\/crise-de-linformation-sur-les-questions-environnementales-un-defi-neglige-mais-crucial\/"},"author":{"name":"informationdemocracywebsite","@id":"https:\/\/informationdemocracy.org\/fr\/#\/schema\/person\/48ea335c80804b99e13cfa6bf4c2f7dd"},"headline":"Crise de l\u2019information sur les questions environnementales: un d\u00e9fi n\u00e9glig\u00e9 mais crucial","datePublished":"2025-10-01T10:50:00+00:00","dateModified":"2025-11-06T11:55:28+00:00","mainEntityOfPage":{"@id":"https:\/\/informationdemocracy.org\/fr\/2025\/10\/01\/crise-de-linformation-sur-les-questions-environnementales-un-defi-neglige-mais-crucial\/"},"wordCount":614,"publisher":{"@id":"https:\/\/informationdemocracy.org\/fr\/#organization"},"image":{"@id":"https:\/\/informationdemocracy.org\/fr\/2025\/10\/01\/crise-de-linformation-sur-les-questions-environnementales-un-defi-neglige-mais-crucial\/#primaryimage"},"thumbnailUrl":"https:\/\/informationdemocracy.org\/wp-content\/uploads\/2025\/11\/Format-Bandeau-Website-1080-x-1080-px-9.png","articleSection":["Axe de travail Climat","Non cat\u00e9goris\u00e9"],"inLanguage":"fr-FR"},{"@type":"WebPage","@id":"https:\/\/informationdemocracy.org\/fr\/2025\/10\/01\/crise-de-linformation-sur-les-questions-environnementales-un-defi-neglige-mais-crucial\/","url":"https:\/\/informationdemocracy.org\/fr\/2025\/10\/01\/crise-de-linformation-sur-les-questions-environnementales-un-defi-neglige-mais-crucial\/","name":"Crise de l\u2019information sur les questions environnementales: un d\u00e9fi n\u00e9glig\u00e9 mais crucial - Forum Information &amp; Democracy","isPartOf":{"@id":"https:\/\/informationdemocracy.org\/fr\/#website"},"primaryImageOfPage":{"@id":"https:\/\/informationdemocracy.org\/fr\/2025\/10\/01\/crise-de-linformation-sur-les-questions-environnementales-un-defi-neglige-mais-crucial\/#primaryimage"},"image":{"@id":"https:\/\/informationdemocracy.org\/fr\/2025\/10\/01\/crise-de-linformation-sur-les-questions-environnementales-un-defi-neglige-mais-crucial\/#primaryimage"},"thumbnailUrl":"https:\/\/informationdemocracy.org\/wp-content\/uploads\/2025\/11\/Format-Bandeau-Website-1080-x-1080-px-9.png","datePublished":"2025-10-01T10:50:00+00:00","dateModified":"2025-11-06T11:55:28+00:00","breadcrumb":{"@id":"https:\/\/informationdemocracy.org\/fr\/2025\/10\/01\/crise-de-linformation-sur-les-questions-environnementales-un-defi-neglige-mais-crucial\/#breadcrumb"},"inLanguage":"fr-FR","potentialAction":[{"@type":"ReadAction","target":["https:\/\/informationdemocracy.org\/fr\/2025\/10\/01\/crise-de-linformation-sur-les-questions-environnementales-un-defi-neglige-mais-crucial\/"]}]},{"@type":"ImageObject","inLanguage":"fr-FR","@id":"https:\/\/informationdemocracy.org\/fr\/2025\/10\/01\/crise-de-linformation-sur-les-questions-environnementales-un-defi-neglige-mais-crucial\/#primaryimage","url":"https:\/\/informationdemocracy.org\/wp-content\/uploads\/2025\/11\/Format-Bandeau-Website-1080-x-1080-px-9.png","contentUrl":"https:\/\/informationdemocracy.org\/wp-content\/uploads\/2025\/11\/Format-Bandeau-Website-1080-x-1080-px-9.png","width":1600,"height":1000},{"@type":"BreadcrumbList","@id":"https:\/\/informationdemocracy.org\/fr\/2025\/10\/01\/crise-de-linformation-sur-les-questions-environnementales-un-defi-neglige-mais-crucial\/#breadcrumb","itemListElement":[{"@type":"ListItem","position":1,"name":"Accueil","item":"https:\/\/informationdemocracy.org\/fr\/"},{"@type":"ListItem","position":2,"name":"Crise de l\u2019information sur les questions environnementales: un d\u00e9fi n\u00e9glig\u00e9 mais crucial"}]},{"@type":"WebSite","@id":"https:\/\/informationdemocracy.org\/fr\/#website","url":"https:\/\/informationdemocracy.org\/fr\/","name":"Forum on Information & Democracy","description":"","publisher":{"@id":"https:\/\/informationdemocracy.org\/fr\/#organization"},"potentialAction":[{"@type":"SearchAction","target":{"@type":"EntryPoint","urlTemplate":"https:\/\/informationdemocracy.org\/fr\/?s={search_term_string}"},"query-input":{"@type":"PropertyValueSpecification","valueRequired":true,"valueName":"search_term_string"}}],"inLanguage":"fr-FR"},{"@type":"Organization","@id":"https:\/\/informationdemocracy.org\/fr\/#organization","name":"Forum on Information & Democracy","url":"https:\/\/informationdemocracy.org\/fr\/","logo":{"@type":"ImageObject","inLanguage":"fr-FR","@id":"https:\/\/informationdemocracy.org\/fr\/#\/schema\/logo\/image\/","url":"https:\/\/informationdemocracy.org\/wp-content\/uploads\/2025\/09\/Logo.svg","contentUrl":"https:\/\/informationdemocracy.org\/wp-content\/uploads\/2025\/09\/Logo.svg","width":168,"height":51,"caption":"Forum on Information & Democracy"},"image":{"@id":"https:\/\/informationdemocracy.org\/fr\/#\/schema\/logo\/image\/"},"sameAs":["https:\/\/www.linkedin.com\/company\/forum-information-democracy","https:\/\/www.youtube.com\/playlist?list=PL-yF0NqTYQU2B3I97oh3Dv2Dfevd8ThM_","https:\/\/www.instagram.com\/foruminformationdemocracy\/"]},{"@type":"Person","@id":"https:\/\/informationdemocracy.org\/fr\/#\/schema\/person\/48ea335c80804b99e13cfa6bf4c2f7dd","name":"informationdemocracywebsite","image":{"@type":"ImageObject","inLanguage":"fr-FR","@id":"https:\/\/secure.gravatar.com\/avatar\/33c6a406643df806a5494363b5db420a409e4a8dc49952dd63ae5da7fb946c0c?s=96&d=mm&r=g","url":"https:\/\/secure.gravatar.com\/avatar\/33c6a406643df806a5494363b5db420a409e4a8dc49952dd63ae5da7fb946c0c?s=96&d=mm&r=g","contentUrl":"https:\/\/secure.gravatar.com\/avatar\/33c6a406643df806a5494363b5db420a409e4a8dc49952dd63ae5da7fb946c0c?s=96&d=mm&r=g","caption":"informationdemocracywebsite"},"url":"https:\/\/informationdemocracy.org\/fr\/author\/informationdemocracywebsite\/"}]}},"_links":{"self":[{"href":"https:\/\/informationdemocracy.org\/fr\/wp-json\/wp\/v2\/posts\/13888","targetHints":{"allow":["GET"]}}],"collection":[{"href":"https:\/\/informationdemocracy.org\/fr\/wp-json\/wp\/v2\/posts"}],"about":[{"href":"https:\/\/informationdemocracy.org\/fr\/wp-json\/wp\/v2\/types\/post"}],"author":[{"embeddable":true,"href":"https:\/\/informationdemocracy.org\/fr\/wp-json\/wp\/v2\/users\/2"}],"replies":[{"embeddable":true,"href":"https:\/\/informationdemocracy.org\/fr\/wp-json\/wp\/v2\/comments?post=13888"}],"version-history":[{"count":1,"href":"https:\/\/informationdemocracy.org\/fr\/wp-json\/wp\/v2\/posts\/13888\/revisions"}],"predecessor-version":[{"id":13890,"href":"https:\/\/informationdemocracy.org\/fr\/wp-json\/wp\/v2\/posts\/13888\/revisions\/13890"}],"wp:featuredmedia":[{"embeddable":true,"href":"https:\/\/informationdemocracy.org\/fr\/wp-json\/wp\/v2\/media\/13889"}],"wp:attachment":[{"href":"https:\/\/informationdemocracy.org\/fr\/wp-json\/wp\/v2\/media?parent=13888"}],"wp:term":[{"taxonomy":"category","embeddable":true,"href":"https:\/\/informationdemocracy.org\/fr\/wp-json\/wp\/v2\/categories?post=13888"},{"taxonomy":"post_tag","embeddable":true,"href":"https:\/\/informationdemocracy.org\/fr\/wp-json\/wp\/v2\/tags?post=13888"},{"taxonomy":"contenu-mis-en-avant","embeddable":true,"href":"https:\/\/informationdemocracy.org\/fr\/wp-json\/wp\/v2\/contenu-mis-en-avant?post=13888"},{"taxonomy":"thematic","embeddable":true,"href":"https:\/\/informationdemocracy.org\/fr\/wp-json\/wp\/v2\/thematic?post=13888"},{"taxonomy":"workstream","embeddable":true,"href":"https:\/\/informationdemocracy.org\/fr\/wp-json\/wp\/v2\/workstream?post=13888"}],"curies":[{"name":"wp","href":"https:\/\/api.w.org\/{rel}","templated":true}]}}