{"id":13921,"date":"2025-11-12T10:28:19","date_gmt":"2025-11-12T09:28:19","guid":{"rendered":"https:\/\/informationdemocracy.org\/2025\/11\/12\/information-integrity-at-cop30-unpacking-historic-achievements\/"},"modified":"2025-12-02T10:43:04","modified_gmt":"2025-12-02T09:43:04","slug":"integrite-de-linformation-a-la-cop30-analyse-dune-initiative-historique","status":"publish","type":"post","link":"https:\/\/informationdemocracy.org\/fr\/2025\/11\/12\/integrite-de-linformation-a-la-cop30-analyse-dune-initiative-historique\/","title":{"rendered":"Int\u00e9grit\u00e9 de l&rsquo;information \u00e0 la COP30: analyse d&rsquo;une initiative historique"},"content":{"rendered":"\n<p><\/p>\n\n\n\n<p><strong>Lors de la COP30, un premier groupe d\u2019\u00c9tats s\u2019est engag\u00e9 \u00e0 promouvoir l\u2019int\u00e9grit\u00e9 de l\u2019information sur le changement climatique et a appel\u00e9 \u00e0 des efforts coordonn\u00e9s de la communaut\u00e9 internationale, de la soci\u00e9t\u00e9 civile et du secteur priv\u00e9 pour garantir une information fiable et transparente sur le climat. Le Forum sur l\u2019Information et la D\u00e9mocratie salue cette \u00e9tape importante et invite davantage d\u2019\u00c9tats \u00e0 rejoindre cette initiative.<\/strong><\/p>\n\n\n\n<p>Pour la premi\u00e8re fois, la lutte contre la d\u00e9sinformation climatique figurait \u00e0 l\u2019agenda de la COP30, organis\u00e9e par le Br\u00e9sil \u00e0 Bel\u00e9m du 12 au 21 novembre. Parmi les nombreuses discussions et productions, un premier groupe de 12 pays s\u2019est engag\u00e9 \u00e0 prot\u00e9ger une information fond\u00e9e sur la science comme socle de l\u2019action climatique, \u00e0 travers la D\u00e9claration sur l\u2019int\u00e9grit\u00e9 de l\u2019information relative au changement climatique. Depuis, 9 autres pays ont rejoint le mouvement.<\/p>\n\n\n\n<p>Cette D\u00e9claration appelle notamment les diff\u00e9rentes parties prenantes \u00e0 prendre des mesures concr\u00e8tes pour pr\u00e9server l\u2019int\u00e9grit\u00e9 de l\u2019information sur le changement climatique, telles que :<\/p>\n\n\n\n<ul class=\"wp-block-list\">\n<li><strong>Pour les gouvernements<\/strong>\u00a0: \u00ab Cr\u00e9er et mettre en \u0153uvre des politiques et cadres juridiques conformes au droit international des droits humains, qui promeuvent l\u2019int\u00e9grit\u00e9 de l\u2019information sur le changement climatique, et respectent, prot\u00e8gent et promeuvent les droits humains ; et garantir la s\u00e9curit\u00e9 des journalistes sp\u00e9cialis\u00e9s dans l\u2019environnement et autres voix publiques ; \u00bb<\/li>\n\n\n\n<li><strong>Pour le secteur priv\u00e9<\/strong>\u00a0: \u00ab S\u2019engager en faveur de l\u2019int\u00e9grit\u00e9 de l\u2019information sur le changement climatique dans leurs pratiques commerciales ; \u00bb<\/li>\n\n\n\n<li><strong>Pour la soci\u00e9t\u00e9 civile et le monde acad\u00e9mique<\/strong>\u00a0: \u00ab Int\u00e9grer l\u2019int\u00e9grit\u00e9 de l\u2019information sur le changement climatique dans leurs travaux. \u00bb<\/li>\n<\/ul>\n\n\n\n<blockquote class=\"wp-block-quote is-layout-flow wp-block-quote-is-layout-flow\">\n<p>\u00ab Nous saluons le lancement de cette premi\u00e8re D\u00e9claration, qui relie deux risques interd\u00e9pendants pour l\u2019humanit\u00e9 : la lutte contre le changement climatique et l\u2019am\u00e9lioration de nos \u00e9cosyst\u00e8mes informationnels \u00bb, a d\u00e9clar\u00e9 Camille Grenier. \u00ab Cependant, nous avons d\u00e9sesp\u00e9r\u00e9ment besoin d\u2019aller au-del\u00e0 de d\u00e9clarations d\u2019intention et de mettre en \u0153uvre des mesures concr\u00e8tes. Dans les prochains mois, notre groupe de travail d\u00e9di\u00e9 s\u2019appuiera sur la D\u00e9claration pour \u00e9laborer des plans d\u2019action nationaux concrets pour chaque signataire. \u00bb<\/p>\n<\/blockquote>\n\n\n\n<p>Ce r\u00e9sultat s\u2019inscrit dans la continuit\u00e9 de l\u2019Initiative mondiale pour l\u2019int\u00e9grit\u00e9 de l\u2019information sur le changement climatique, men\u00e9e par l\u2019UNESCO, les Nations Unies et le gouvernement br\u00e9silien. En tant que membre du Groupe consultatif de cette Initiative, le Forum sur l\u2019Information et la D\u00e9mocratie a contribu\u00e9 \u00e0 la r\u00e9daction de la D\u00e9claration et veill\u00e9 \u00e0 ce que des sujets tels que la durabilit\u00e9 des m\u00e9dias et la s\u00e9curit\u00e9 des journalistes soient inclus dans la version finale.<\/p>\n\n\n\n<p>La contribution du FID s\u2019est notamment appuy\u00e9e sur les premi\u00e8res recommandations de son groupe de travail sur le Renforcement de l\u2019int\u00e9grit\u00e9 de l\u2019information sur le changement climatique et les autres questions environnementales, co-pr\u00e9sid\u00e9 par les gouvernements d\u2019Arm\u00e9nie et du Br\u00e9sil. Depuis f\u00e9vrier 2025, ce groupe rassemble gouvernements, chercheurs et soci\u00e9t\u00e9 civile afin de d\u00e9finir des solutions structurelles garantissant un \u00e9quilibre entre r\u00e9gulation et libert\u00e9 d\u2019expression.<\/p>\n\n\n\n<p>L\u2019organisation s\u2019engage \u00e0 promouvoir ce texte aupr\u00e8s des \u00c9tats signataires du Partenariat international pour l\u2019information et la d\u00e9mocratie, et esp\u00e8re qu\u2019il sera suivi de mesures concr\u00e8tes aux niveaux international, national et local.<\/p>\n\n\n\n<p><strong>Les premiers \u00c9tats signataires de la D\u00e9claration sont :<\/strong><br>Autriche<br>Belgique<br>Br\u00e9sil<br>Canada<br>Chili<br>Tch\u00e9quie<br>Danemark<br>Estonie<br>Finlande<br>France<br>Allemagne<br>Islande<br>Luxembourg<br>Pays-Bas<br>Norv\u00e8ge<br>Pologne<br>Portugal<br>Slov\u00e9nie<br>Espagne<br>Su\u00e8de<br>Uruguay<\/p>\n\n\n\n<p class=\"has-text-align-left\"><br><\/p>\n\n\n\n<p><\/p>\n\n\n\n<p><\/p>\n\n\n\n<div class=\"wp-block-buttons is-content-justification-center is-layout-flex wp-container-core-buttons-is-layout-a89b3969 wp-block-buttons-is-layout-flex\">\n<div class=\"wp-block-button\"><a class=\"wp-block-button__link has-white-color has-text-color has-background has-link-color has-text-align-center wp-element-button\" href=\"https:\/\/www.unesco.org\/sites\/default\/files\/medias\/fichiers\/2025\/11\/FR_Declaration_on_Information_Integrity_on_Climate_Change.pdf?hub=780\" style=\"background-color:#fc6e60\"><strong>Lire la D\u00e9claration<\/strong><\/a><\/div>\n<\/div>\n\n\n\n<p><\/p>\n","protected":false},"excerpt":{"rendered":"<p>Lors de la COP30, un premier groupe d\u2019\u00c9tats s\u2019est engag\u00e9 \u00e0 promouvoir l\u2019int\u00e9grit\u00e9 de l\u2019information sur le changement climatique et a appel\u00e9 \u00e0 des efforts coordonn\u00e9s de la communaut\u00e9 internationale, de la soci\u00e9t\u00e9 civile et du secteur priv\u00e9 pour garantir une information fiable et transparente sur le climat. Le Forum sur l\u2019Information et la D\u00e9mocratie [&hellip;]<\/p>\n","protected":false},"author":2,"featured_media":15240,"comment_status":"closed","ping_status":"closed","sticky":false,"template":"","format":"standard","meta":{"_acf_changed":false,"footnotes":""},"categories":[57,49],"tags":[],"contenu-mis-en-avant":[45],"thematic":[69,68],"workstream":[87],"class_list":["post-13921","post","type-post","status-publish","format-standard","has-post-thumbnail","hentry","category-axe-de-travail-climat","category-non-categorise","thematic-fiabilite-des-informations-en-ligne","thematic-soutenabilite-des-medias","workstream-renforcer-lintegrite-de-linformation-sur-le-changement-climatique-et-dautres-questions-environnementales"],"acf":[],"yoast_head":"<!-- This site is optimized with the Yoast SEO plugin v27.4 - https:\/\/yoast.com\/product\/yoast-seo-wordpress\/ -->\n<title>Int\u00e9grit\u00e9 de l&#039;information \u00e0 la COP30: analyse d&#039;une initiative historique - Forum Information &amp; Democracy<\/title>\n<meta name=\"robots\" content=\"index, follow, max-snippet:-1, max-image-preview:large, max-video-preview:-1\" \/>\n<link rel=\"canonical\" href=\"https:\/\/informationdemocracy.org\/fr\/2025\/11\/12\/integrite-de-linformation-a-la-cop30-analyse-dune-initiative-historique\/\" \/>\n<meta property=\"og:locale\" content=\"fr_FR\" \/>\n<meta property=\"og:type\" content=\"article\" \/>\n<meta property=\"og:title\" content=\"Int\u00e9grit\u00e9 de l&#039;information \u00e0 la COP30: analyse d&#039;une initiative historique - Forum Information &amp; Democracy\" \/>\n<meta property=\"og:description\" content=\"Lors de la COP30, un premier groupe d\u2019\u00c9tats s\u2019est engag\u00e9 \u00e0 promouvoir l\u2019int\u00e9grit\u00e9 de l\u2019information sur le changement climatique et a appel\u00e9 \u00e0 des efforts coordonn\u00e9s de la communaut\u00e9 internationale, de la soci\u00e9t\u00e9 civile et du secteur priv\u00e9 pour garantir une information fiable et transparente sur le climat. Le Forum sur l\u2019Information et la D\u00e9mocratie [&hellip;]\" \/>\n<meta property=\"og:url\" content=\"https:\/\/informationdemocracy.org\/fr\/2025\/11\/12\/integrite-de-linformation-a-la-cop30-analyse-dune-initiative-historique\/\" \/>\n<meta property=\"og:site_name\" content=\"Forum Information &amp; Democracy\" \/>\n<meta property=\"article:published_time\" content=\"2025-11-12T09:28:19+00:00\" \/>\n<meta property=\"article:modified_time\" content=\"2025-12-02T09:43:04+00:00\" \/>\n<meta property=\"og:image\" content=\"https:\/\/informationdemocracy.org\/wp-content\/uploads\/2025\/11\/image-1280-6862e2a543fa456e2c6ea648569bd2fb_reference.jpg\" \/>\n\t<meta property=\"og:image:width\" content=\"1280\" \/>\n\t<meta property=\"og:image:height\" content=\"720\" \/>\n\t<meta property=\"og:image:type\" content=\"image\/jpeg\" \/>\n<meta name=\"author\" content=\"informationdemocracywebsite\" \/>\n<meta name=\"twitter:card\" content=\"summary_large_image\" \/>\n<meta name=\"twitter:label1\" content=\"\u00c9crit par\" \/>\n\t<meta name=\"twitter:data1\" content=\"informationdemocracywebsite\" \/>\n\t<meta name=\"twitter:label2\" content=\"Dur\u00e9e de lecture estim\u00e9e\" \/>\n\t<meta name=\"twitter:data2\" content=\"3 minutes\" \/>\n<script type=\"application\/ld+json\" class=\"yoast-schema-graph\">{\"@context\":\"https:\\\/\\\/schema.org\",\"@graph\":[{\"@type\":\"Article\",\"@id\":\"https:\\\/\\\/informationdemocracy.org\\\/fr\\\/2025\\\/11\\\/12\\\/integrite-de-linformation-a-la-cop30-analyse-dune-initiative-historique\\\/#article\",\"isPartOf\":{\"@id\":\"https:\\\/\\\/informationdemocracy.org\\\/fr\\\/2025\\\/11\\\/12\\\/integrite-de-linformation-a-la-cop30-analyse-dune-initiative-historique\\\/\"},\"author\":{\"name\":\"informationdemocracywebsite\",\"@id\":\"https:\\\/\\\/informationdemocracy.org\\\/fr\\\/#\\\/schema\\\/person\\\/48ea335c80804b99e13cfa6bf4c2f7dd\"},\"headline\":\"Int\u00e9grit\u00e9 de l&rsquo;information \u00e0 la COP30: analyse d&rsquo;une initiative historique\",\"datePublished\":\"2025-11-12T09:28:19+00:00\",\"dateModified\":\"2025-12-02T09:43:04+00:00\",\"mainEntityOfPage\":{\"@id\":\"https:\\\/\\\/informationdemocracy.org\\\/fr\\\/2025\\\/11\\\/12\\\/integrite-de-linformation-a-la-cop30-analyse-dune-initiative-historique\\\/\"},\"wordCount\":620,\"publisher\":{\"@id\":\"https:\\\/\\\/informationdemocracy.org\\\/fr\\\/#organization\"},\"image\":{\"@id\":\"https:\\\/\\\/informationdemocracy.org\\\/fr\\\/2025\\\/11\\\/12\\\/integrite-de-linformation-a-la-cop30-analyse-dune-initiative-historique\\\/#primaryimage\"},\"thumbnailUrl\":\"https:\\\/\\\/informationdemocracy.org\\\/wp-content\\\/uploads\\\/2025\\\/11\\\/1763391651523.jpeg\",\"articleSection\":[\"Axe de travail Climat\",\"Non cat\u00e9goris\u00e9\"],\"inLanguage\":\"fr-FR\"},{\"@type\":\"WebPage\",\"@id\":\"https:\\\/\\\/informationdemocracy.org\\\/fr\\\/2025\\\/11\\\/12\\\/integrite-de-linformation-a-la-cop30-analyse-dune-initiative-historique\\\/\",\"url\":\"https:\\\/\\\/informationdemocracy.org\\\/fr\\\/2025\\\/11\\\/12\\\/integrite-de-linformation-a-la-cop30-analyse-dune-initiative-historique\\\/\",\"name\":\"Int\u00e9grit\u00e9 de l'information \u00e0 la COP30: analyse d'une initiative historique - Forum Information &amp; Democracy\",\"isPartOf\":{\"@id\":\"https:\\\/\\\/informationdemocracy.org\\\/fr\\\/#website\"},\"primaryImageOfPage\":{\"@id\":\"https:\\\/\\\/informationdemocracy.org\\\/fr\\\/2025\\\/11\\\/12\\\/integrite-de-linformation-a-la-cop30-analyse-dune-initiative-historique\\\/#primaryimage\"},\"image\":{\"@id\":\"https:\\\/\\\/informationdemocracy.org\\\/fr\\\/2025\\\/11\\\/12\\\/integrite-de-linformation-a-la-cop30-analyse-dune-initiative-historique\\\/#primaryimage\"},\"thumbnailUrl\":\"https:\\\/\\\/informationdemocracy.org\\\/wp-content\\\/uploads\\\/2025\\\/11\\\/1763391651523.jpeg\",\"datePublished\":\"2025-11-12T09:28:19+00:00\",\"dateModified\":\"2025-12-02T09:43:04+00:00\",\"breadcrumb\":{\"@id\":\"https:\\\/\\\/informationdemocracy.org\\\/fr\\\/2025\\\/11\\\/12\\\/integrite-de-linformation-a-la-cop30-analyse-dune-initiative-historique\\\/#breadcrumb\"},\"inLanguage\":\"fr-FR\",\"potentialAction\":[{\"@type\":\"ReadAction\",\"target\":[\"https:\\\/\\\/informationdemocracy.org\\\/fr\\\/2025\\\/11\\\/12\\\/integrite-de-linformation-a-la-cop30-analyse-dune-initiative-historique\\\/\"]}]},{\"@type\":\"ImageObject\",\"inLanguage\":\"fr-FR\",\"@id\":\"https:\\\/\\\/informationdemocracy.org\\\/fr\\\/2025\\\/11\\\/12\\\/integrite-de-linformation-a-la-cop30-analyse-dune-initiative-historique\\\/#primaryimage\",\"url\":\"https:\\\/\\\/informationdemocracy.org\\\/wp-content\\\/uploads\\\/2025\\\/11\\\/1763391651523.jpeg\",\"contentUrl\":\"https:\\\/\\\/informationdemocracy.org\\\/wp-content\\\/uploads\\\/2025\\\/11\\\/1763391651523.jpeg\",\"width\":1600,\"height\":1200},{\"@type\":\"BreadcrumbList\",\"@id\":\"https:\\\/\\\/informationdemocracy.org\\\/fr\\\/2025\\\/11\\\/12\\\/integrite-de-linformation-a-la-cop30-analyse-dune-initiative-historique\\\/#breadcrumb\",\"itemListElement\":[{\"@type\":\"ListItem\",\"position\":1,\"name\":\"Accueil\",\"item\":\"https:\\\/\\\/informationdemocracy.org\\\/fr\\\/\"},{\"@type\":\"ListItem\",\"position\":2,\"name\":\"Int\u00e9grit\u00e9 de l&#8217;information \u00e0 la COP30: analyse d&#8217;une initiative historique\"}]},{\"@type\":\"WebSite\",\"@id\":\"https:\\\/\\\/informationdemocracy.org\\\/fr\\\/#website\",\"url\":\"https:\\\/\\\/informationdemocracy.org\\\/fr\\\/\",\"name\":\"Forum on Information & Democracy\",\"description\":\"\",\"publisher\":{\"@id\":\"https:\\\/\\\/informationdemocracy.org\\\/fr\\\/#organization\"},\"potentialAction\":[{\"@type\":\"SearchAction\",\"target\":{\"@type\":\"EntryPoint\",\"urlTemplate\":\"https:\\\/\\\/informationdemocracy.org\\\/fr\\\/?s={search_term_string}\"},\"query-input\":{\"@type\":\"PropertyValueSpecification\",\"valueRequired\":true,\"valueName\":\"search_term_string\"}}],\"inLanguage\":\"fr-FR\"},{\"@type\":\"Organization\",\"@id\":\"https:\\\/\\\/informationdemocracy.org\\\/fr\\\/#organization\",\"name\":\"Forum on Information & Democracy\",\"url\":\"https:\\\/\\\/informationdemocracy.org\\\/fr\\\/\",\"logo\":{\"@type\":\"ImageObject\",\"inLanguage\":\"fr-FR\",\"@id\":\"https:\\\/\\\/informationdemocracy.org\\\/fr\\\/#\\\/schema\\\/logo\\\/image\\\/\",\"url\":\"https:\\\/\\\/informationdemocracy.org\\\/wp-content\\\/uploads\\\/2025\\\/09\\\/Logo.svg\",\"contentUrl\":\"https:\\\/\\\/informationdemocracy.org\\\/wp-content\\\/uploads\\\/2025\\\/09\\\/Logo.svg\",\"width\":168,\"height\":51,\"caption\":\"Forum on Information & Democracy\"},\"image\":{\"@id\":\"https:\\\/\\\/informationdemocracy.org\\\/fr\\\/#\\\/schema\\\/logo\\\/image\\\/\"},\"sameAs\":[\"https:\\\/\\\/www.linkedin.com\\\/company\\\/forum-information-democracy\",\"https:\\\/\\\/www.youtube.com\\\/playlist?list=PL-yF0NqTYQU2B3I97oh3Dv2Dfevd8ThM_\",\"https:\\\/\\\/www.instagram.com\\\/foruminformationdemocracy\\\/\"]},{\"@type\":\"Person\",\"@id\":\"https:\\\/\\\/informationdemocracy.org\\\/fr\\\/#\\\/schema\\\/person\\\/48ea335c80804b99e13cfa6bf4c2f7dd\",\"name\":\"informationdemocracywebsite\",\"image\":{\"@type\":\"ImageObject\",\"inLanguage\":\"fr-FR\",\"@id\":\"https:\\\/\\\/secure.gravatar.com\\\/avatar\\\/33c6a406643df806a5494363b5db420a409e4a8dc49952dd63ae5da7fb946c0c?s=96&d=mm&r=g\",\"url\":\"https:\\\/\\\/secure.gravatar.com\\\/avatar\\\/33c6a406643df806a5494363b5db420a409e4a8dc49952dd63ae5da7fb946c0c?s=96&d=mm&r=g\",\"contentUrl\":\"https:\\\/\\\/secure.gravatar.com\\\/avatar\\\/33c6a406643df806a5494363b5db420a409e4a8dc49952dd63ae5da7fb946c0c?s=96&d=mm&r=g\",\"caption\":\"informationdemocracywebsite\"},\"url\":\"https:\\\/\\\/informationdemocracy.org\\\/fr\\\/author\\\/informationdemocracywebsite\\\/\"}]}<\/script>\n<!-- \/ Yoast SEO plugin. -->","yoast_head_json":{"title":"Int\u00e9grit\u00e9 de l'information \u00e0 la COP30: analyse d'une initiative historique - Forum Information &amp; Democracy","robots":{"index":"index","follow":"follow","max-snippet":"max-snippet:-1","max-image-preview":"max-image-preview:large","max-video-preview":"max-video-preview:-1"},"canonical":"https:\/\/informationdemocracy.org\/fr\/2025\/11\/12\/integrite-de-linformation-a-la-cop30-analyse-dune-initiative-historique\/","og_locale":"fr_FR","og_type":"article","og_title":"Int\u00e9grit\u00e9 de l'information \u00e0 la COP30: analyse d'une initiative historique - Forum Information &amp; Democracy","og_description":"Lors de la COP30, un premier groupe d\u2019\u00c9tats s\u2019est engag\u00e9 \u00e0 promouvoir l\u2019int\u00e9grit\u00e9 de l\u2019information sur le changement climatique et a appel\u00e9 \u00e0 des efforts coordonn\u00e9s de la communaut\u00e9 internationale, de la soci\u00e9t\u00e9 civile et du secteur priv\u00e9 pour garantir une information fiable et transparente sur le climat. Le Forum sur l\u2019Information et la D\u00e9mocratie [&hellip;]","og_url":"https:\/\/informationdemocracy.org\/fr\/2025\/11\/12\/integrite-de-linformation-a-la-cop30-analyse-dune-initiative-historique\/","og_site_name":"Forum Information &amp; Democracy","article_published_time":"2025-11-12T09:28:19+00:00","article_modified_time":"2025-12-02T09:43:04+00:00","og_image":[{"width":1280,"height":720,"url":"https:\/\/informationdemocracy.org\/wp-content\/uploads\/2025\/11\/image-1280-6862e2a543fa456e2c6ea648569bd2fb_reference.jpg","type":"image\/jpeg"}],"author":"informationdemocracywebsite","twitter_card":"summary_large_image","twitter_misc":{"\u00c9crit par":"informationdemocracywebsite","Dur\u00e9e de lecture estim\u00e9e":"3 minutes"},"schema":{"@context":"https:\/\/schema.org","@graph":[{"@type":"Article","@id":"https:\/\/informationdemocracy.org\/fr\/2025\/11\/12\/integrite-de-linformation-a-la-cop30-analyse-dune-initiative-historique\/#article","isPartOf":{"@id":"https:\/\/informationdemocracy.org\/fr\/2025\/11\/12\/integrite-de-linformation-a-la-cop30-analyse-dune-initiative-historique\/"},"author":{"name":"informationdemocracywebsite","@id":"https:\/\/informationdemocracy.org\/fr\/#\/schema\/person\/48ea335c80804b99e13cfa6bf4c2f7dd"},"headline":"Int\u00e9grit\u00e9 de l&rsquo;information \u00e0 la COP30: analyse d&rsquo;une initiative historique","datePublished":"2025-11-12T09:28:19+00:00","dateModified":"2025-12-02T09:43:04+00:00","mainEntityOfPage":{"@id":"https:\/\/informationdemocracy.org\/fr\/2025\/11\/12\/integrite-de-linformation-a-la-cop30-analyse-dune-initiative-historique\/"},"wordCount":620,"publisher":{"@id":"https:\/\/informationdemocracy.org\/fr\/#organization"},"image":{"@id":"https:\/\/informationdemocracy.org\/fr\/2025\/11\/12\/integrite-de-linformation-a-la-cop30-analyse-dune-initiative-historique\/#primaryimage"},"thumbnailUrl":"https:\/\/informationdemocracy.org\/wp-content\/uploads\/2025\/11\/1763391651523.jpeg","articleSection":["Axe de travail Climat","Non cat\u00e9goris\u00e9"],"inLanguage":"fr-FR"},{"@type":"WebPage","@id":"https:\/\/informationdemocracy.org\/fr\/2025\/11\/12\/integrite-de-linformation-a-la-cop30-analyse-dune-initiative-historique\/","url":"https:\/\/informationdemocracy.org\/fr\/2025\/11\/12\/integrite-de-linformation-a-la-cop30-analyse-dune-initiative-historique\/","name":"Int\u00e9grit\u00e9 de l'information \u00e0 la COP30: analyse d'une initiative historique - Forum Information &amp; Democracy","isPartOf":{"@id":"https:\/\/informationdemocracy.org\/fr\/#website"},"primaryImageOfPage":{"@id":"https:\/\/informationdemocracy.org\/fr\/2025\/11\/12\/integrite-de-linformation-a-la-cop30-analyse-dune-initiative-historique\/#primaryimage"},"image":{"@id":"https:\/\/informationdemocracy.org\/fr\/2025\/11\/12\/integrite-de-linformation-a-la-cop30-analyse-dune-initiative-historique\/#primaryimage"},"thumbnailUrl":"https:\/\/informationdemocracy.org\/wp-content\/uploads\/2025\/11\/1763391651523.jpeg","datePublished":"2025-11-12T09:28:19+00:00","dateModified":"2025-12-02T09:43:04+00:00","breadcrumb":{"@id":"https:\/\/informationdemocracy.org\/fr\/2025\/11\/12\/integrite-de-linformation-a-la-cop30-analyse-dune-initiative-historique\/#breadcrumb"},"inLanguage":"fr-FR","potentialAction":[{"@type":"ReadAction","target":["https:\/\/informationdemocracy.org\/fr\/2025\/11\/12\/integrite-de-linformation-a-la-cop30-analyse-dune-initiative-historique\/"]}]},{"@type":"ImageObject","inLanguage":"fr-FR","@id":"https:\/\/informationdemocracy.org\/fr\/2025\/11\/12\/integrite-de-linformation-a-la-cop30-analyse-dune-initiative-historique\/#primaryimage","url":"https:\/\/informationdemocracy.org\/wp-content\/uploads\/2025\/11\/1763391651523.jpeg","contentUrl":"https:\/\/informationdemocracy.org\/wp-content\/uploads\/2025\/11\/1763391651523.jpeg","width":1600,"height":1200},{"@type":"BreadcrumbList","@id":"https:\/\/informationdemocracy.org\/fr\/2025\/11\/12\/integrite-de-linformation-a-la-cop30-analyse-dune-initiative-historique\/#breadcrumb","itemListElement":[{"@type":"ListItem","position":1,"name":"Accueil","item":"https:\/\/informationdemocracy.org\/fr\/"},{"@type":"ListItem","position":2,"name":"Int\u00e9grit\u00e9 de l&#8217;information \u00e0 la COP30: analyse d&#8217;une initiative historique"}]},{"@type":"WebSite","@id":"https:\/\/informationdemocracy.org\/fr\/#website","url":"https:\/\/informationdemocracy.org\/fr\/","name":"Forum on Information & Democracy","description":"","publisher":{"@id":"https:\/\/informationdemocracy.org\/fr\/#organization"},"potentialAction":[{"@type":"SearchAction","target":{"@type":"EntryPoint","urlTemplate":"https:\/\/informationdemocracy.org\/fr\/?s={search_term_string}"},"query-input":{"@type":"PropertyValueSpecification","valueRequired":true,"valueName":"search_term_string"}}],"inLanguage":"fr-FR"},{"@type":"Organization","@id":"https:\/\/informationdemocracy.org\/fr\/#organization","name":"Forum on Information & Democracy","url":"https:\/\/informationdemocracy.org\/fr\/","logo":{"@type":"ImageObject","inLanguage":"fr-FR","@id":"https:\/\/informationdemocracy.org\/fr\/#\/schema\/logo\/image\/","url":"https:\/\/informationdemocracy.org\/wp-content\/uploads\/2025\/09\/Logo.svg","contentUrl":"https:\/\/informationdemocracy.org\/wp-content\/uploads\/2025\/09\/Logo.svg","width":168,"height":51,"caption":"Forum on Information & Democracy"},"image":{"@id":"https:\/\/informationdemocracy.org\/fr\/#\/schema\/logo\/image\/"},"sameAs":["https:\/\/www.linkedin.com\/company\/forum-information-democracy","https:\/\/www.youtube.com\/playlist?list=PL-yF0NqTYQU2B3I97oh3Dv2Dfevd8ThM_","https:\/\/www.instagram.com\/foruminformationdemocracy\/"]},{"@type":"Person","@id":"https:\/\/informationdemocracy.org\/fr\/#\/schema\/person\/48ea335c80804b99e13cfa6bf4c2f7dd","name":"informationdemocracywebsite","image":{"@type":"ImageObject","inLanguage":"fr-FR","@id":"https:\/\/secure.gravatar.com\/avatar\/33c6a406643df806a5494363b5db420a409e4a8dc49952dd63ae5da7fb946c0c?s=96&d=mm&r=g","url":"https:\/\/secure.gravatar.com\/avatar\/33c6a406643df806a5494363b5db420a409e4a8dc49952dd63ae5da7fb946c0c?s=96&d=mm&r=g","contentUrl":"https:\/\/secure.gravatar.com\/avatar\/33c6a406643df806a5494363b5db420a409e4a8dc49952dd63ae5da7fb946c0c?s=96&d=mm&r=g","caption":"informationdemocracywebsite"},"url":"https:\/\/informationdemocracy.org\/fr\/author\/informationdemocracywebsite\/"}]}},"_links":{"self":[{"href":"https:\/\/informationdemocracy.org\/fr\/wp-json\/wp\/v2\/posts\/13921","targetHints":{"allow":["GET"]}}],"collection":[{"href":"https:\/\/informationdemocracy.org\/fr\/wp-json\/wp\/v2\/posts"}],"about":[{"href":"https:\/\/informationdemocracy.org\/fr\/wp-json\/wp\/v2\/types\/post"}],"author":[{"embeddable":true,"href":"https:\/\/informationdemocracy.org\/fr\/wp-json\/wp\/v2\/users\/2"}],"replies":[{"embeddable":true,"href":"https:\/\/informationdemocracy.org\/fr\/wp-json\/wp\/v2\/comments?post=13921"}],"version-history":[{"count":2,"href":"https:\/\/informationdemocracy.org\/fr\/wp-json\/wp\/v2\/posts\/13921\/revisions"}],"predecessor-version":[{"id":13925,"href":"https:\/\/informationdemocracy.org\/fr\/wp-json\/wp\/v2\/posts\/13921\/revisions\/13925"}],"wp:featuredmedia":[{"embeddable":true,"href":"https:\/\/informationdemocracy.org\/fr\/wp-json\/wp\/v2\/media\/15240"}],"wp:attachment":[{"href":"https:\/\/informationdemocracy.org\/fr\/wp-json\/wp\/v2\/media?parent=13921"}],"wp:term":[{"taxonomy":"category","embeddable":true,"href":"https:\/\/informationdemocracy.org\/fr\/wp-json\/wp\/v2\/categories?post=13921"},{"taxonomy":"post_tag","embeddable":true,"href":"https:\/\/informationdemocracy.org\/fr\/wp-json\/wp\/v2\/tags?post=13921"},{"taxonomy":"contenu-mis-en-avant","embeddable":true,"href":"https:\/\/informationdemocracy.org\/fr\/wp-json\/wp\/v2\/contenu-mis-en-avant?post=13921"},{"taxonomy":"thematic","embeddable":true,"href":"https:\/\/informationdemocracy.org\/fr\/wp-json\/wp\/v2\/thematic?post=13921"},{"taxonomy":"workstream","embeddable":true,"href":"https:\/\/informationdemocracy.org\/fr\/wp-json\/wp\/v2\/workstream?post=13921"}],"curies":[{"name":"wp","href":"https:\/\/api.w.org\/{rel}","templated":true}]}}