{"id":15210,"date":"2025-12-11T15:20:36","date_gmt":"2025-12-11T14:20:36","guid":{"rendered":"https:\/\/informationdemocracy.org\/2025\/12\/11\/information-integrity-at-cop30-whats-next-to-implement-the-declaration\/"},"modified":"2025-12-17T15:37:53","modified_gmt":"2025-12-17T14:37:53","slug":"information-integrity-at-cop30-whats-next-to-implement-the-declaration","status":"publish","type":"post","link":"https:\/\/informationdemocracy.org\/fr\/2025\/12\/11\/information-integrity-at-cop30-whats-next-to-implement-the-declaration\/","title":{"rendered":"Int\u00e9grit\u00e9 de l&rsquo;information \u00e0 la COP30: quelles \u00e9tapes pour mettre en oeuvre la D\u00e9claration?"},"content":{"rendered":"\n<p><em>Les \u00c9tats du Partenariat pour l\u2019information et la d\u00e9mocratie et la Coalition de la soci\u00e9t\u00e9 civile du Forum se sont r\u00e9unis en ligne le 11 d\u00e9cembre 2025 dans le cadre du groupe de travail consacr\u00e9 \u00e0 l\u2019int\u00e9grit\u00e9 de l\u2019information, au changement climatique et aux enjeux environnementaux, sous la co-pr\u00e9sidence de l\u2019Arm\u00e9nie et du Br\u00e9sil. Cette r\u00e9union avait pour objectif de pr\u00e9senter les r\u00e9sultats de la COP30 et d\u2019examiner les prochaines \u00e9tapes afin de garantir que les engagements pris se traduisent en actions concr\u00e8tes.<\/em><\/p>\n\n\n\n<h3 class=\"wp-block-heading\"><strong>Des d\u00e9cisions historiques \u00e0 la COP30 sur l\u2019int\u00e9grit\u00e9 de l\u2019information<\/strong><\/h3>\n\n\n\n<p>L\u2019introduction d\u2019un nouveau langage dans les d\u00e9cisions issues des COP est rare. Sous l\u2019impulsion du Br\u00e9sil, la COP30 est parvenue \u00e0 franchir ce cap en reconnaissant le r\u00f4le essentiel de l\u2019int\u00e9grit\u00e9 de l\u2019information pour favoriser l\u2019action climatique. Le repr\u00e9sentant br\u00e9silien a soulign\u00e9 que la COP30 pourrait rester dans les m\u00e9moires comme la \u00ab COP de la v\u00e9rit\u00e9 \u00bb, au regard de la place centrale accord\u00e9e aux d\u00e9bats sur la d\u00e9sinformation, le climatoscepticisme et la confiance dans la science.<\/p>\n\n\n\n<p>Des repr\u00e9sentants du gouvernement br\u00e9silien, de l\u2019ONU et de l\u2019UNESCO ont pr\u00e9sent\u00e9 les principaux r\u00e9sultats, parmi lesquels figurent la <a href=\"https:\/\/informationdemocracy.org\/fr\/2025\/11\/12\/integrite-de-linformation-a-la-cop30-analyse-dune-initiative-historique\/\">D\u00e9claration sur l\u2019int\u00e9grit\u00e9 de l\u2019information sur le changement climatique <\/a>ainsi qu\u2019un agenda d\u2019action d\u00e9di\u00e9 \u00e0 l\u2019int\u00e9grit\u00e9 de l\u2019information. Cet agenda pr\u00e9voit notamment l\u2019extension de l\u2019Initiative mondiale, le renforcement de la recherche, l\u2019accompagnement des \u00c9tats dans l\u2019\u00e9laboration de nouvelles politiques publiques en mati\u00e8re d\u2019int\u00e9grit\u00e9 de l\u2019information, ainsi que l\u2019\u00e9largissement de l\u2019adoption de la D\u00e9claration par un plus grand nombre de pays.<\/p>\n\n\n\n<p>La d\u00e9l\u00e9gation arm\u00e9nienne a salu\u00e9 le leadership du Br\u00e9sil et annonc\u00e9 l\u2019adh\u00e9sion de l\u2019Arm\u00e9nie \u00e0 la D\u00e9claration, portant \u00e0 22 le nombre d\u2019\u00c9tats signataires.<\/p>\n\n\n\n<h3 class=\"wp-block-heading\">Les apports du secteur priv\u00e9 et de la soci\u00e9t\u00e9 civile pour transformer les engagements en actions<\/h3>\n\n\n\n<p>Des approches collaboratives associant gouvernements, secteur priv\u00e9 et soci\u00e9t\u00e9 civile sont indispensables pour r\u00e9pondre aux d\u00e9fis complexes que pose l\u2019\u00e9cosyst\u00e8me informationnel \u00e0 l\u2019action climatique. Le secteur des \u00e9nergies renouvelables est lui-m\u00eame la cible de campagnes de d\u00e9sinformation, notamment \u00e0 travers le d\u00e9ni des solutions. Il peut toutefois devenir un alli\u00e9 cl\u00e9 dans la lutte contre ces narratifs, en sensibilisant \u00e0 leurs impacts, en mobilisant les acteurs de la fili\u00e8re et en travaillant avec les communaut\u00e9s locales pour garantir l\u2019acc\u00e8s \u00e0 une information fiable.<\/p>\n\n\n\n<p>La soci\u00e9t\u00e9 civile joue \u00e9galement un r\u00f4le central, gr\u00e2ce \u00e0 ses capacit\u00e9s de recherche et \u00e0 son ancrage dans les communaut\u00e9s locales. L\u2019organisation <a href=\"https:\/\/institutodx.org\">Democracia em Xeque<\/a> a pr\u00e9sent\u00e9 l\u2019exp\u00e9rience du chapitre national br\u00e9silien, qui a mobilis\u00e9 131 organisations issues de toutes les r\u00e9gions du pays autour de six piliers d\u2019action. Ce travail collectif a permis de produire \u00e0 la fois des analyses et des outils op\u00e9rationnels remis aux autorit\u00e9s publiques. Le gouvernement br\u00e9silien a encourag\u00e9 les autres \u00c9tats signataires du Partenariat \u00e0 mettre en place des chapitres nationaux similaires.<\/p>\n\n\n\n<h3 class=\"wp-block-heading\">Mettre en \u0153uvre la D\u00e9claration sur l\u2019int\u00e9grit\u00e9 de l\u2019information sur le changement climatique<\/h3>\n\n\n\n<p>Le Forum sur l\u2019Information et la D\u00e9mocratie (FID) m\u00e8nera un travail syst\u00e9matique de cartographie des politiques, cadres r\u00e9glementaires et dispositifs institutionnels mis en place par les \u00c9tats pour renforcer l\u2019int\u00e9grit\u00e9 de l\u2019information. Un questionnaire adress\u00e9 aux \u00c9tats signataires du Partenariat vise \u00e0 identifier les tendances, strat\u00e9gies et approches r\u00e9glementaires existantes, afin de soutenir l\u2019\u00e9laboration de cadres juridiques et politiques plus robustes, align\u00e9s sur les processus nationaux de planification strat\u00e9gique.<\/p>\n\n\n\n<p>Ce travail contribue directement aux objectifs de l\u2019Agenda d\u2019action de la COP, et en particulier \u00e0 son objectif 30. Les r\u00e9sultats de cette cartographie fourniront des \u00e9l\u00e9ments cl\u00e9s pour alimenter la COP17, qui se tiendra en Arm\u00e9nie en 2026.<\/p>\n\n\n\n<p class=\"has-white-color has-text-color has-link-color wp-elements-313113e91638075cb511b478546c81c4\">a<\/p>\n\n\n\n<p class=\"has-white-color has-text-color has-link-color wp-elements-c645e628e62f8fbab9d9726851472d16\"><\/p>\n\n\n\n<div class=\"wp-block-buttons is-content-justification-center is-layout-flex wp-container-core-buttons-is-layout-71e066c2 wp-block-buttons-is-layout-flex\" style=\"margin-top:0;margin-bottom:0;padding-top:0;padding-right:0;padding-bottom:0;padding-left:0\">\n<div class=\"wp-block-button\"><a class=\"wp-block-button__link has-white-color has-text-color has-background has-link-color wp-element-button\" href=\"https:\/\/informationdemocracy.org\/fr\/workstream\/renforcer-lintegrite-de-linformation-sur-le-changement-climatique-et-dautres-questions-environnementales\/\" style=\"background-color:#fc6e60\"><strong>Explorez les rapports des pr\u00e9c\u00e9dentes r\u00e9unions<\/strong><\/a><\/div>\n\n\n\n<div class=\"wp-block-button\"><a class=\"wp-block-button__link has-white-color has-text-color has-background has-link-color wp-element-button\" href=\"https:\/\/informationdemocracy.org\/fr\/2025\/11\/05\/cop30-le-forum-sur-linformation-et-la-democratie-presente-ses-solutions-structurelles-pour-lutter-contre-la-desinformation-climatique\/\" style=\"background-color:#fc6e60\"><strong>Lire le rapport interm\u00e9diaire (anglais)<\/strong><\/a><\/div>\n<\/div>\n\n\n\n<p><\/p>\n","protected":false},"excerpt":{"rendered":"<p>Les \u00c9tats du Partenariat pour l\u2019information et la d\u00e9mocratie et la Coalition de la soci\u00e9t\u00e9 civile du Forum se sont r\u00e9unis en ligne le 11 d\u00e9cembre 2025 dans le cadre du groupe de travail consacr\u00e9 \u00e0 l\u2019int\u00e9grit\u00e9 de l\u2019information, au changement climatique et aux enjeux environnementaux, sous la co-pr\u00e9sidence de l\u2019Arm\u00e9nie et du Br\u00e9sil. Cette [&hellip;]<\/p>\n","protected":false},"author":2,"featured_media":15212,"comment_status":"closed","ping_status":"closed","sticky":false,"template":"","format":"standard","meta":{"_acf_changed":false,"footnotes":""},"categories":[57],"tags":[],"contenu-mis-en-avant":[],"thematic":[69,68],"workstream":[87],"class_list":["post-15210","post","type-post","status-publish","format-standard","has-post-thumbnail","hentry","category-axe-de-travail-climat","thematic-fiabilite-des-informations-en-ligne","thematic-soutenabilite-des-medias","workstream-renforcer-lintegrite-de-linformation-sur-le-changement-climatique-et-dautres-questions-environnementales"],"acf":[],"yoast_head":"<!-- This site is optimized with the Yoast SEO plugin v27.4 - https:\/\/yoast.com\/product\/yoast-seo-wordpress\/ -->\n<title>Int\u00e9grit\u00e9 de l&#039;information \u00e0 la COP30: quelles \u00e9tapes pour mettre en oeuvre la D\u00e9claration? - Forum Information &amp; Democracy<\/title>\n<meta name=\"robots\" content=\"index, follow, max-snippet:-1, max-image-preview:large, max-video-preview:-1\" \/>\n<link rel=\"canonical\" href=\"https:\/\/informationdemocracy.org\/fr\/2025\/12\/11\/information-integrity-at-cop30-whats-next-to-implement-the-declaration\/\" \/>\n<meta property=\"og:locale\" content=\"fr_FR\" \/>\n<meta property=\"og:type\" content=\"article\" \/>\n<meta property=\"og:title\" content=\"Int\u00e9grit\u00e9 de l&#039;information \u00e0 la COP30: quelles \u00e9tapes pour mettre en oeuvre la D\u00e9claration? - Forum Information &amp; Democracy\" \/>\n<meta property=\"og:description\" content=\"Les \u00c9tats du Partenariat pour l\u2019information et la d\u00e9mocratie et la Coalition de la soci\u00e9t\u00e9 civile du Forum se sont r\u00e9unis en ligne le 11 d\u00e9cembre 2025 dans le cadre du groupe de travail consacr\u00e9 \u00e0 l\u2019int\u00e9grit\u00e9 de l\u2019information, au changement climatique et aux enjeux environnementaux, sous la co-pr\u00e9sidence de l\u2019Arm\u00e9nie et du Br\u00e9sil. Cette [&hellip;]\" \/>\n<meta property=\"og:url\" content=\"https:\/\/informationdemocracy.org\/fr\/2025\/12\/11\/information-integrity-at-cop30-whats-next-to-implement-the-declaration\/\" \/>\n<meta property=\"og:site_name\" content=\"Forum Information &amp; Democracy\" \/>\n<meta property=\"article:published_time\" content=\"2025-12-11T14:20:36+00:00\" \/>\n<meta property=\"article:modified_time\" content=\"2025-12-17T14:37:53+00:00\" \/>\n<meta property=\"og:image\" content=\"https:\/\/informationdemocracy.org\/wp-content\/uploads\/2025\/12\/Format-Bandeau-Website-Rectangle-2.png\" \/>\n\t<meta property=\"og:image:width\" content=\"1600\" \/>\n\t<meta property=\"og:image:height\" content=\"1000\" \/>\n\t<meta property=\"og:image:type\" content=\"image\/png\" \/>\n<meta name=\"author\" content=\"informationdemocracywebsite\" \/>\n<meta name=\"twitter:card\" content=\"summary_large_image\" \/>\n<meta name=\"twitter:label1\" content=\"\u00c9crit par\" \/>\n\t<meta name=\"twitter:data1\" content=\"informationdemocracywebsite\" \/>\n\t<meta name=\"twitter:label2\" content=\"Dur\u00e9e de lecture estim\u00e9e\" \/>\n\t<meta name=\"twitter:data2\" content=\"3 minutes\" \/>\n<script type=\"application\/ld+json\" class=\"yoast-schema-graph\">{\"@context\":\"https:\\\/\\\/schema.org\",\"@graph\":[{\"@type\":\"Article\",\"@id\":\"https:\\\/\\\/informationdemocracy.org\\\/fr\\\/2025\\\/12\\\/11\\\/information-integrity-at-cop30-whats-next-to-implement-the-declaration\\\/#article\",\"isPartOf\":{\"@id\":\"https:\\\/\\\/informationdemocracy.org\\\/fr\\\/2025\\\/12\\\/11\\\/information-integrity-at-cop30-whats-next-to-implement-the-declaration\\\/\"},\"author\":{\"name\":\"informationdemocracywebsite\",\"@id\":\"https:\\\/\\\/informationdemocracy.org\\\/fr\\\/#\\\/schema\\\/person\\\/48ea335c80804b99e13cfa6bf4c2f7dd\"},\"headline\":\"Int\u00e9grit\u00e9 de l&rsquo;information \u00e0 la COP30: quelles \u00e9tapes pour mettre en oeuvre la D\u00e9claration?\",\"datePublished\":\"2025-12-11T14:20:36+00:00\",\"dateModified\":\"2025-12-17T14:37:53+00:00\",\"mainEntityOfPage\":{\"@id\":\"https:\\\/\\\/informationdemocracy.org\\\/fr\\\/2025\\\/12\\\/11\\\/information-integrity-at-cop30-whats-next-to-implement-the-declaration\\\/\"},\"wordCount\":719,\"publisher\":{\"@id\":\"https:\\\/\\\/informationdemocracy.org\\\/fr\\\/#organization\"},\"image\":{\"@id\":\"https:\\\/\\\/informationdemocracy.org\\\/fr\\\/2025\\\/12\\\/11\\\/information-integrity-at-cop30-whats-next-to-implement-the-declaration\\\/#primaryimage\"},\"thumbnailUrl\":\"https:\\\/\\\/informationdemocracy.org\\\/wp-content\\\/uploads\\\/2025\\\/12\\\/Format-Bandeau-Website-Rectangle-2.png\",\"articleSection\":[\"Axe de travail Climat\"],\"inLanguage\":\"fr-FR\"},{\"@type\":\"WebPage\",\"@id\":\"https:\\\/\\\/informationdemocracy.org\\\/fr\\\/2025\\\/12\\\/11\\\/information-integrity-at-cop30-whats-next-to-implement-the-declaration\\\/\",\"url\":\"https:\\\/\\\/informationdemocracy.org\\\/fr\\\/2025\\\/12\\\/11\\\/information-integrity-at-cop30-whats-next-to-implement-the-declaration\\\/\",\"name\":\"Int\u00e9grit\u00e9 de l'information \u00e0 la COP30: quelles \u00e9tapes pour mettre en oeuvre la D\u00e9claration? - Forum Information &amp; Democracy\",\"isPartOf\":{\"@id\":\"https:\\\/\\\/informationdemocracy.org\\\/fr\\\/#website\"},\"primaryImageOfPage\":{\"@id\":\"https:\\\/\\\/informationdemocracy.org\\\/fr\\\/2025\\\/12\\\/11\\\/information-integrity-at-cop30-whats-next-to-implement-the-declaration\\\/#primaryimage\"},\"image\":{\"@id\":\"https:\\\/\\\/informationdemocracy.org\\\/fr\\\/2025\\\/12\\\/11\\\/information-integrity-at-cop30-whats-next-to-implement-the-declaration\\\/#primaryimage\"},\"thumbnailUrl\":\"https:\\\/\\\/informationdemocracy.org\\\/wp-content\\\/uploads\\\/2025\\\/12\\\/Format-Bandeau-Website-Rectangle-2.png\",\"datePublished\":\"2025-12-11T14:20:36+00:00\",\"dateModified\":\"2025-12-17T14:37:53+00:00\",\"breadcrumb\":{\"@id\":\"https:\\\/\\\/informationdemocracy.org\\\/fr\\\/2025\\\/12\\\/11\\\/information-integrity-at-cop30-whats-next-to-implement-the-declaration\\\/#breadcrumb\"},\"inLanguage\":\"fr-FR\",\"potentialAction\":[{\"@type\":\"ReadAction\",\"target\":[\"https:\\\/\\\/informationdemocracy.org\\\/fr\\\/2025\\\/12\\\/11\\\/information-integrity-at-cop30-whats-next-to-implement-the-declaration\\\/\"]}]},{\"@type\":\"ImageObject\",\"inLanguage\":\"fr-FR\",\"@id\":\"https:\\\/\\\/informationdemocracy.org\\\/fr\\\/2025\\\/12\\\/11\\\/information-integrity-at-cop30-whats-next-to-implement-the-declaration\\\/#primaryimage\",\"url\":\"https:\\\/\\\/informationdemocracy.org\\\/wp-content\\\/uploads\\\/2025\\\/12\\\/Format-Bandeau-Website-Rectangle-2.png\",\"contentUrl\":\"https:\\\/\\\/informationdemocracy.org\\\/wp-content\\\/uploads\\\/2025\\\/12\\\/Format-Bandeau-Website-Rectangle-2.png\",\"width\":1600,\"height\":1000},{\"@type\":\"BreadcrumbList\",\"@id\":\"https:\\\/\\\/informationdemocracy.org\\\/fr\\\/2025\\\/12\\\/11\\\/information-integrity-at-cop30-whats-next-to-implement-the-declaration\\\/#breadcrumb\",\"itemListElement\":[{\"@type\":\"ListItem\",\"position\":1,\"name\":\"Accueil\",\"item\":\"https:\\\/\\\/informationdemocracy.org\\\/fr\\\/\"},{\"@type\":\"ListItem\",\"position\":2,\"name\":\"Int\u00e9grit\u00e9 de l&#8217;information \u00e0 la COP30: quelles \u00e9tapes pour mettre en oeuvre la D\u00e9claration?\"}]},{\"@type\":\"WebSite\",\"@id\":\"https:\\\/\\\/informationdemocracy.org\\\/fr\\\/#website\",\"url\":\"https:\\\/\\\/informationdemocracy.org\\\/fr\\\/\",\"name\":\"Forum on Information & Democracy\",\"description\":\"\",\"publisher\":{\"@id\":\"https:\\\/\\\/informationdemocracy.org\\\/fr\\\/#organization\"},\"potentialAction\":[{\"@type\":\"SearchAction\",\"target\":{\"@type\":\"EntryPoint\",\"urlTemplate\":\"https:\\\/\\\/informationdemocracy.org\\\/fr\\\/?s={search_term_string}\"},\"query-input\":{\"@type\":\"PropertyValueSpecification\",\"valueRequired\":true,\"valueName\":\"search_term_string\"}}],\"inLanguage\":\"fr-FR\"},{\"@type\":\"Organization\",\"@id\":\"https:\\\/\\\/informationdemocracy.org\\\/fr\\\/#organization\",\"name\":\"Forum on Information & Democracy\",\"url\":\"https:\\\/\\\/informationdemocracy.org\\\/fr\\\/\",\"logo\":{\"@type\":\"ImageObject\",\"inLanguage\":\"fr-FR\",\"@id\":\"https:\\\/\\\/informationdemocracy.org\\\/fr\\\/#\\\/schema\\\/logo\\\/image\\\/\",\"url\":\"https:\\\/\\\/informationdemocracy.org\\\/wp-content\\\/uploads\\\/2025\\\/09\\\/Logo.svg\",\"contentUrl\":\"https:\\\/\\\/informationdemocracy.org\\\/wp-content\\\/uploads\\\/2025\\\/09\\\/Logo.svg\",\"width\":168,\"height\":51,\"caption\":\"Forum on Information & Democracy\"},\"image\":{\"@id\":\"https:\\\/\\\/informationdemocracy.org\\\/fr\\\/#\\\/schema\\\/logo\\\/image\\\/\"},\"sameAs\":[\"https:\\\/\\\/www.linkedin.com\\\/company\\\/forum-information-democracy\",\"https:\\\/\\\/www.youtube.com\\\/playlist?list=PL-yF0NqTYQU2B3I97oh3Dv2Dfevd8ThM_\",\"https:\\\/\\\/www.instagram.com\\\/foruminformationdemocracy\\\/\"]},{\"@type\":\"Person\",\"@id\":\"https:\\\/\\\/informationdemocracy.org\\\/fr\\\/#\\\/schema\\\/person\\\/48ea335c80804b99e13cfa6bf4c2f7dd\",\"name\":\"informationdemocracywebsite\",\"image\":{\"@type\":\"ImageObject\",\"inLanguage\":\"fr-FR\",\"@id\":\"https:\\\/\\\/secure.gravatar.com\\\/avatar\\\/33c6a406643df806a5494363b5db420a409e4a8dc49952dd63ae5da7fb946c0c?s=96&d=mm&r=g\",\"url\":\"https:\\\/\\\/secure.gravatar.com\\\/avatar\\\/33c6a406643df806a5494363b5db420a409e4a8dc49952dd63ae5da7fb946c0c?s=96&d=mm&r=g\",\"contentUrl\":\"https:\\\/\\\/secure.gravatar.com\\\/avatar\\\/33c6a406643df806a5494363b5db420a409e4a8dc49952dd63ae5da7fb946c0c?s=96&d=mm&r=g\",\"caption\":\"informationdemocracywebsite\"},\"url\":\"https:\\\/\\\/informationdemocracy.org\\\/fr\\\/author\\\/informationdemocracywebsite\\\/\"}]}<\/script>\n<!-- \/ Yoast SEO plugin. -->","yoast_head_json":{"title":"Int\u00e9grit\u00e9 de l'information \u00e0 la COP30: quelles \u00e9tapes pour mettre en oeuvre la D\u00e9claration? - Forum Information &amp; Democracy","robots":{"index":"index","follow":"follow","max-snippet":"max-snippet:-1","max-image-preview":"max-image-preview:large","max-video-preview":"max-video-preview:-1"},"canonical":"https:\/\/informationdemocracy.org\/fr\/2025\/12\/11\/information-integrity-at-cop30-whats-next-to-implement-the-declaration\/","og_locale":"fr_FR","og_type":"article","og_title":"Int\u00e9grit\u00e9 de l'information \u00e0 la COP30: quelles \u00e9tapes pour mettre en oeuvre la D\u00e9claration? - Forum Information &amp; Democracy","og_description":"Les \u00c9tats du Partenariat pour l\u2019information et la d\u00e9mocratie et la Coalition de la soci\u00e9t\u00e9 civile du Forum se sont r\u00e9unis en ligne le 11 d\u00e9cembre 2025 dans le cadre du groupe de travail consacr\u00e9 \u00e0 l\u2019int\u00e9grit\u00e9 de l\u2019information, au changement climatique et aux enjeux environnementaux, sous la co-pr\u00e9sidence de l\u2019Arm\u00e9nie et du Br\u00e9sil. Cette [&hellip;]","og_url":"https:\/\/informationdemocracy.org\/fr\/2025\/12\/11\/information-integrity-at-cop30-whats-next-to-implement-the-declaration\/","og_site_name":"Forum Information &amp; Democracy","article_published_time":"2025-12-11T14:20:36+00:00","article_modified_time":"2025-12-17T14:37:53+00:00","og_image":[{"width":1600,"height":1000,"url":"https:\/\/informationdemocracy.org\/wp-content\/uploads\/2025\/12\/Format-Bandeau-Website-Rectangle-2.png","type":"image\/png"}],"author":"informationdemocracywebsite","twitter_card":"summary_large_image","twitter_misc":{"\u00c9crit par":"informationdemocracywebsite","Dur\u00e9e de lecture estim\u00e9e":"3 minutes"},"schema":{"@context":"https:\/\/schema.org","@graph":[{"@type":"Article","@id":"https:\/\/informationdemocracy.org\/fr\/2025\/12\/11\/information-integrity-at-cop30-whats-next-to-implement-the-declaration\/#article","isPartOf":{"@id":"https:\/\/informationdemocracy.org\/fr\/2025\/12\/11\/information-integrity-at-cop30-whats-next-to-implement-the-declaration\/"},"author":{"name":"informationdemocracywebsite","@id":"https:\/\/informationdemocracy.org\/fr\/#\/schema\/person\/48ea335c80804b99e13cfa6bf4c2f7dd"},"headline":"Int\u00e9grit\u00e9 de l&rsquo;information \u00e0 la COP30: quelles \u00e9tapes pour mettre en oeuvre la D\u00e9claration?","datePublished":"2025-12-11T14:20:36+00:00","dateModified":"2025-12-17T14:37:53+00:00","mainEntityOfPage":{"@id":"https:\/\/informationdemocracy.org\/fr\/2025\/12\/11\/information-integrity-at-cop30-whats-next-to-implement-the-declaration\/"},"wordCount":719,"publisher":{"@id":"https:\/\/informationdemocracy.org\/fr\/#organization"},"image":{"@id":"https:\/\/informationdemocracy.org\/fr\/2025\/12\/11\/information-integrity-at-cop30-whats-next-to-implement-the-declaration\/#primaryimage"},"thumbnailUrl":"https:\/\/informationdemocracy.org\/wp-content\/uploads\/2025\/12\/Format-Bandeau-Website-Rectangle-2.png","articleSection":["Axe de travail Climat"],"inLanguage":"fr-FR"},{"@type":"WebPage","@id":"https:\/\/informationdemocracy.org\/fr\/2025\/12\/11\/information-integrity-at-cop30-whats-next-to-implement-the-declaration\/","url":"https:\/\/informationdemocracy.org\/fr\/2025\/12\/11\/information-integrity-at-cop30-whats-next-to-implement-the-declaration\/","name":"Int\u00e9grit\u00e9 de l'information \u00e0 la COP30: quelles \u00e9tapes pour mettre en oeuvre la D\u00e9claration? - Forum Information &amp; Democracy","isPartOf":{"@id":"https:\/\/informationdemocracy.org\/fr\/#website"},"primaryImageOfPage":{"@id":"https:\/\/informationdemocracy.org\/fr\/2025\/12\/11\/information-integrity-at-cop30-whats-next-to-implement-the-declaration\/#primaryimage"},"image":{"@id":"https:\/\/informationdemocracy.org\/fr\/2025\/12\/11\/information-integrity-at-cop30-whats-next-to-implement-the-declaration\/#primaryimage"},"thumbnailUrl":"https:\/\/informationdemocracy.org\/wp-content\/uploads\/2025\/12\/Format-Bandeau-Website-Rectangle-2.png","datePublished":"2025-12-11T14:20:36+00:00","dateModified":"2025-12-17T14:37:53+00:00","breadcrumb":{"@id":"https:\/\/informationdemocracy.org\/fr\/2025\/12\/11\/information-integrity-at-cop30-whats-next-to-implement-the-declaration\/#breadcrumb"},"inLanguage":"fr-FR","potentialAction":[{"@type":"ReadAction","target":["https:\/\/informationdemocracy.org\/fr\/2025\/12\/11\/information-integrity-at-cop30-whats-next-to-implement-the-declaration\/"]}]},{"@type":"ImageObject","inLanguage":"fr-FR","@id":"https:\/\/informationdemocracy.org\/fr\/2025\/12\/11\/information-integrity-at-cop30-whats-next-to-implement-the-declaration\/#primaryimage","url":"https:\/\/informationdemocracy.org\/wp-content\/uploads\/2025\/12\/Format-Bandeau-Website-Rectangle-2.png","contentUrl":"https:\/\/informationdemocracy.org\/wp-content\/uploads\/2025\/12\/Format-Bandeau-Website-Rectangle-2.png","width":1600,"height":1000},{"@type":"BreadcrumbList","@id":"https:\/\/informationdemocracy.org\/fr\/2025\/12\/11\/information-integrity-at-cop30-whats-next-to-implement-the-declaration\/#breadcrumb","itemListElement":[{"@type":"ListItem","position":1,"name":"Accueil","item":"https:\/\/informationdemocracy.org\/fr\/"},{"@type":"ListItem","position":2,"name":"Int\u00e9grit\u00e9 de l&#8217;information \u00e0 la COP30: quelles \u00e9tapes pour mettre en oeuvre la D\u00e9claration?"}]},{"@type":"WebSite","@id":"https:\/\/informationdemocracy.org\/fr\/#website","url":"https:\/\/informationdemocracy.org\/fr\/","name":"Forum on Information & Democracy","description":"","publisher":{"@id":"https:\/\/informationdemocracy.org\/fr\/#organization"},"potentialAction":[{"@type":"SearchAction","target":{"@type":"EntryPoint","urlTemplate":"https:\/\/informationdemocracy.org\/fr\/?s={search_term_string}"},"query-input":{"@type":"PropertyValueSpecification","valueRequired":true,"valueName":"search_term_string"}}],"inLanguage":"fr-FR"},{"@type":"Organization","@id":"https:\/\/informationdemocracy.org\/fr\/#organization","name":"Forum on Information & Democracy","url":"https:\/\/informationdemocracy.org\/fr\/","logo":{"@type":"ImageObject","inLanguage":"fr-FR","@id":"https:\/\/informationdemocracy.org\/fr\/#\/schema\/logo\/image\/","url":"https:\/\/informationdemocracy.org\/wp-content\/uploads\/2025\/09\/Logo.svg","contentUrl":"https:\/\/informationdemocracy.org\/wp-content\/uploads\/2025\/09\/Logo.svg","width":168,"height":51,"caption":"Forum on Information & Democracy"},"image":{"@id":"https:\/\/informationdemocracy.org\/fr\/#\/schema\/logo\/image\/"},"sameAs":["https:\/\/www.linkedin.com\/company\/forum-information-democracy","https:\/\/www.youtube.com\/playlist?list=PL-yF0NqTYQU2B3I97oh3Dv2Dfevd8ThM_","https:\/\/www.instagram.com\/foruminformationdemocracy\/"]},{"@type":"Person","@id":"https:\/\/informationdemocracy.org\/fr\/#\/schema\/person\/48ea335c80804b99e13cfa6bf4c2f7dd","name":"informationdemocracywebsite","image":{"@type":"ImageObject","inLanguage":"fr-FR","@id":"https:\/\/secure.gravatar.com\/avatar\/33c6a406643df806a5494363b5db420a409e4a8dc49952dd63ae5da7fb946c0c?s=96&d=mm&r=g","url":"https:\/\/secure.gravatar.com\/avatar\/33c6a406643df806a5494363b5db420a409e4a8dc49952dd63ae5da7fb946c0c?s=96&d=mm&r=g","contentUrl":"https:\/\/secure.gravatar.com\/avatar\/33c6a406643df806a5494363b5db420a409e4a8dc49952dd63ae5da7fb946c0c?s=96&d=mm&r=g","caption":"informationdemocracywebsite"},"url":"https:\/\/informationdemocracy.org\/fr\/author\/informationdemocracywebsite\/"}]}},"_links":{"self":[{"href":"https:\/\/informationdemocracy.org\/fr\/wp-json\/wp\/v2\/posts\/15210","targetHints":{"allow":["GET"]}}],"collection":[{"href":"https:\/\/informationdemocracy.org\/fr\/wp-json\/wp\/v2\/posts"}],"about":[{"href":"https:\/\/informationdemocracy.org\/fr\/wp-json\/wp\/v2\/types\/post"}],"author":[{"embeddable":true,"href":"https:\/\/informationdemocracy.org\/fr\/wp-json\/wp\/v2\/users\/2"}],"replies":[{"embeddable":true,"href":"https:\/\/informationdemocracy.org\/fr\/wp-json\/wp\/v2\/comments?post=15210"}],"version-history":[{"count":2,"href":"https:\/\/informationdemocracy.org\/fr\/wp-json\/wp\/v2\/posts\/15210\/revisions"}],"predecessor-version":[{"id":15214,"href":"https:\/\/informationdemocracy.org\/fr\/wp-json\/wp\/v2\/posts\/15210\/revisions\/15214"}],"wp:featuredmedia":[{"embeddable":true,"href":"https:\/\/informationdemocracy.org\/fr\/wp-json\/wp\/v2\/media\/15212"}],"wp:attachment":[{"href":"https:\/\/informationdemocracy.org\/fr\/wp-json\/wp\/v2\/media?parent=15210"}],"wp:term":[{"taxonomy":"category","embeddable":true,"href":"https:\/\/informationdemocracy.org\/fr\/wp-json\/wp\/v2\/categories?post=15210"},{"taxonomy":"post_tag","embeddable":true,"href":"https:\/\/informationdemocracy.org\/fr\/wp-json\/wp\/v2\/tags?post=15210"},{"taxonomy":"contenu-mis-en-avant","embeddable":true,"href":"https:\/\/informationdemocracy.org\/fr\/wp-json\/wp\/v2\/contenu-mis-en-avant?post=15210"},{"taxonomy":"thematic","embeddable":true,"href":"https:\/\/informationdemocracy.org\/fr\/wp-json\/wp\/v2\/thematic?post=15210"},{"taxonomy":"workstream","embeddable":true,"href":"https:\/\/informationdemocracy.org\/fr\/wp-json\/wp\/v2\/workstream?post=15210"}],"curies":[{"name":"wp","href":"https:\/\/api.w.org\/{rel}","templated":true}]}}