{"id":14841,"date":"2023-04-27T16:11:29","date_gmt":"2023-04-27T14:11:29","guid":{"rendered":"https:\/\/informationdemocracy.org\/press_coverage\/forum-sur-linformation-et-la-democratie-une-delegation-a-abidjan-pour-presenter-le-rapport\/"},"modified":"2025-12-16T11:27:47","modified_gmt":"2025-12-16T10:27:47","slug":"forum-sur-linformation-et-la-democratie-une-delegation-a-abidjan-pour-presenter-le-rapport","status":"publish","type":"press_coverage","link":"https:\/\/informationdemocracy.org\/fr\/press_coverage\/forum-sur-linformation-et-la-democratie-une-delegation-a-abidjan-pour-presenter-le-rapport\/","title":{"rendered":"Forum sur l\u2019information et la d\u00e9mocratie : une d\u00e9l\u00e9gation \u00e0 Abidjan pour pr\u00e9senter le rapport"},"featured_media":14831,"template":"","meta":{"_acf_changed":false},"pays":[494],"class_list":["post-14841","press_coverage","type-press_coverage","status-publish","has-post-thumbnail","hentry","pays-cote-divoire"],"acf":[],"yoast_head":"<!-- This site is optimized with the Yoast SEO plugin v27.4 - https:\/\/yoast.com\/product\/yoast-seo-wordpress\/ -->\n<title>Forum sur l\u2019information et la d\u00e9mocratie : une d\u00e9l\u00e9gation \u00e0 Abidjan pour pr\u00e9senter le rapport - Forum Information &amp; Democracy<\/title>\n<meta name=\"robots\" content=\"index, follow, max-snippet:-1, max-image-preview:large, max-video-preview:-1\" \/>\n<link rel=\"canonical\" href=\"https:\/\/informationdemocracy.org\/fr\/press_coverage\/forum-sur-linformation-et-la-democratie-une-delegation-a-abidjan-pour-presenter-le-rapport\/\" \/>\n<meta property=\"og:locale\" content=\"fr_FR\" \/>\n<meta property=\"og:type\" content=\"article\" \/>\n<meta property=\"og:title\" content=\"Forum sur l\u2019information et la d\u00e9mocratie : une d\u00e9l\u00e9gation \u00e0 Abidjan pour pr\u00e9senter le rapport - Forum Information &amp; Democracy\" \/>\n<meta property=\"og:url\" content=\"https:\/\/informationdemocracy.org\/fr\/press_coverage\/forum-sur-linformation-et-la-democratie-une-delegation-a-abidjan-pour-presenter-le-rapport\/\" \/>\n<meta property=\"og:site_name\" content=\"Forum Information &amp; Democracy\" \/>\n<meta property=\"article:modified_time\" content=\"2025-12-16T10:27:47+00:00\" \/>\n<meta property=\"og:image\" content=\"https:\/\/informationdemocracy.org\/wp-content\/uploads\/2025\/12\/86238-whatsapp-image-2023-04-27-at-101306.webp\" \/>\n\t<meta property=\"og:image:width\" content=\"1280\" \/>\n\t<meta property=\"og:image:height\" content=\"853\" \/>\n\t<meta property=\"og:image:type\" content=\"image\/webp\" \/>\n<meta name=\"twitter:card\" content=\"summary_large_image\" \/>\n<meta name=\"twitter:label1\" content=\"Dur\u00e9e de lecture estim\u00e9e\" \/>\n\t<meta name=\"twitter:data1\" content=\"1 minute\" \/>\n<script type=\"application\/ld+json\" class=\"yoast-schema-graph\">{\"@context\":\"https:\\\/\\\/schema.org\",\"@graph\":[{\"@type\":\"WebPage\",\"@id\":\"https:\\\/\\\/informationdemocracy.org\\\/fr\\\/press_coverage\\\/forum-sur-linformation-et-la-democratie-une-delegation-a-abidjan-pour-presenter-le-rapport\\\/\",\"url\":\"https:\\\/\\\/informationdemocracy.org\\\/fr\\\/press_coverage\\\/forum-sur-linformation-et-la-democratie-une-delegation-a-abidjan-pour-presenter-le-rapport\\\/\",\"name\":\"Forum sur l\u2019information et la d\u00e9mocratie : une d\u00e9l\u00e9gation \u00e0 Abidjan pour pr\u00e9senter le rapport - Forum Information &amp; Democracy\",\"isPartOf\":{\"@id\":\"https:\\\/\\\/informationdemocracy.org\\\/fr\\\/#website\"},\"primaryImageOfPage\":{\"@id\":\"https:\\\/\\\/informationdemocracy.org\\\/fr\\\/press_coverage\\\/forum-sur-linformation-et-la-democratie-une-delegation-a-abidjan-pour-presenter-le-rapport\\\/#primaryimage\"},\"image\":{\"@id\":\"https:\\\/\\\/informationdemocracy.org\\\/fr\\\/press_coverage\\\/forum-sur-linformation-et-la-democratie-une-delegation-a-abidjan-pour-presenter-le-rapport\\\/#primaryimage\"},\"thumbnailUrl\":\"https:\\\/\\\/informationdemocracy.org\\\/wp-content\\\/uploads\\\/2025\\\/12\\\/86238-whatsapp-image-2023-04-27-at-101306.webp\",\"datePublished\":\"2023-04-27T14:11:29+00:00\",\"dateModified\":\"2025-12-16T10:27:47+00:00\",\"breadcrumb\":{\"@id\":\"https:\\\/\\\/informationdemocracy.org\\\/fr\\\/press_coverage\\\/forum-sur-linformation-et-la-democratie-une-delegation-a-abidjan-pour-presenter-le-rapport\\\/#breadcrumb\"},\"inLanguage\":\"fr-FR\",\"potentialAction\":[{\"@type\":\"ReadAction\",\"target\":[\"https:\\\/\\\/informationdemocracy.org\\\/fr\\\/press_coverage\\\/forum-sur-linformation-et-la-democratie-une-delegation-a-abidjan-pour-presenter-le-rapport\\\/\"]}]},{\"@type\":\"ImageObject\",\"inLanguage\":\"fr-FR\",\"@id\":\"https:\\\/\\\/informationdemocracy.org\\\/fr\\\/press_coverage\\\/forum-sur-linformation-et-la-democratie-une-delegation-a-abidjan-pour-presenter-le-rapport\\\/#primaryimage\",\"url\":\"https:\\\/\\\/informationdemocracy.org\\\/wp-content\\\/uploads\\\/2025\\\/12\\\/86238-whatsapp-image-2023-04-27-at-101306.webp\",\"contentUrl\":\"https:\\\/\\\/informationdemocracy.org\\\/wp-content\\\/uploads\\\/2025\\\/12\\\/86238-whatsapp-image-2023-04-27-at-101306.webp\",\"width\":1280,\"height\":853},{\"@type\":\"BreadcrumbList\",\"@id\":\"https:\\\/\\\/informationdemocracy.org\\\/fr\\\/press_coverage\\\/forum-sur-linformation-et-la-democratie-une-delegation-a-abidjan-pour-presenter-le-rapport\\\/#breadcrumb\",\"itemListElement\":[{\"@type\":\"ListItem\",\"position\":1,\"name\":\"Accueil\",\"item\":\"https:\\\/\\\/informationdemocracy.org\\\/fr\\\/\"},{\"@type\":\"ListItem\",\"position\":2,\"name\":\"Forum sur l\u2019information et la d\u00e9mocratie : une d\u00e9l\u00e9gation \u00e0 Abidjan pour pr\u00e9senter le rapport\"}]},{\"@type\":\"WebSite\",\"@id\":\"https:\\\/\\\/informationdemocracy.org\\\/fr\\\/#website\",\"url\":\"https:\\\/\\\/informationdemocracy.org\\\/fr\\\/\",\"name\":\"Forum on Information & Democracy\",\"description\":\"\",\"publisher\":{\"@id\":\"https:\\\/\\\/informationdemocracy.org\\\/fr\\\/#organization\"},\"potentialAction\":[{\"@type\":\"SearchAction\",\"target\":{\"@type\":\"EntryPoint\",\"urlTemplate\":\"https:\\\/\\\/informationdemocracy.org\\\/fr\\\/?s={search_term_string}\"},\"query-input\":{\"@type\":\"PropertyValueSpecification\",\"valueRequired\":true,\"valueName\":\"search_term_string\"}}],\"inLanguage\":\"fr-FR\"},{\"@type\":\"Organization\",\"@id\":\"https:\\\/\\\/informationdemocracy.org\\\/fr\\\/#organization\",\"name\":\"Forum on Information & Democracy\",\"url\":\"https:\\\/\\\/informationdemocracy.org\\\/fr\\\/\",\"logo\":{\"@type\":\"ImageObject\",\"inLanguage\":\"fr-FR\",\"@id\":\"https:\\\/\\\/informationdemocracy.org\\\/fr\\\/#\\\/schema\\\/logo\\\/image\\\/\",\"url\":\"https:\\\/\\\/informationdemocracy.org\\\/wp-content\\\/uploads\\\/2025\\\/09\\\/Logo.svg\",\"contentUrl\":\"https:\\\/\\\/informationdemocracy.org\\\/wp-content\\\/uploads\\\/2025\\\/09\\\/Logo.svg\",\"width\":168,\"height\":51,\"caption\":\"Forum on Information & Democracy\"},\"image\":{\"@id\":\"https:\\\/\\\/informationdemocracy.org\\\/fr\\\/#\\\/schema\\\/logo\\\/image\\\/\"},\"sameAs\":[\"https:\\\/\\\/www.linkedin.com\\\/company\\\/forum-information-democracy\",\"https:\\\/\\\/www.youtube.com\\\/playlist?list=PL-yF0NqTYQU2B3I97oh3Dv2Dfevd8ThM_\",\"https:\\\/\\\/www.instagram.com\\\/foruminformationdemocracy\\\/\"]}]}<\/script>\n<!-- \/ Yoast SEO plugin. -->","yoast_head_json":{"title":"Forum sur l\u2019information et la d\u00e9mocratie : une d\u00e9l\u00e9gation \u00e0 Abidjan pour pr\u00e9senter le rapport - Forum Information &amp; Democracy","robots":{"index":"index","follow":"follow","max-snippet":"max-snippet:-1","max-image-preview":"max-image-preview:large","max-video-preview":"max-video-preview:-1"},"canonical":"https:\/\/informationdemocracy.org\/fr\/press_coverage\/forum-sur-linformation-et-la-democratie-une-delegation-a-abidjan-pour-presenter-le-rapport\/","og_locale":"fr_FR","og_type":"article","og_title":"Forum sur l\u2019information et la d\u00e9mocratie : une d\u00e9l\u00e9gation \u00e0 Abidjan pour pr\u00e9senter le rapport - Forum Information &amp; Democracy","og_url":"https:\/\/informationdemocracy.org\/fr\/press_coverage\/forum-sur-linformation-et-la-democratie-une-delegation-a-abidjan-pour-presenter-le-rapport\/","og_site_name":"Forum Information &amp; Democracy","article_modified_time":"2025-12-16T10:27:47+00:00","og_image":[{"width":1280,"height":853,"url":"https:\/\/informationdemocracy.org\/wp-content\/uploads\/2025\/12\/86238-whatsapp-image-2023-04-27-at-101306.webp","type":"image\/webp"}],"twitter_card":"summary_large_image","twitter_misc":{"Dur\u00e9e de lecture estim\u00e9e":"1 minute"},"schema":{"@context":"https:\/\/schema.org","@graph":[{"@type":"WebPage","@id":"https:\/\/informationdemocracy.org\/fr\/press_coverage\/forum-sur-linformation-et-la-democratie-une-delegation-a-abidjan-pour-presenter-le-rapport\/","url":"https:\/\/informationdemocracy.org\/fr\/press_coverage\/forum-sur-linformation-et-la-democratie-une-delegation-a-abidjan-pour-presenter-le-rapport\/","name":"Forum sur l\u2019information et la d\u00e9mocratie : une d\u00e9l\u00e9gation \u00e0 Abidjan pour pr\u00e9senter le rapport - Forum Information &amp; Democracy","isPartOf":{"@id":"https:\/\/informationdemocracy.org\/fr\/#website"},"primaryImageOfPage":{"@id":"https:\/\/informationdemocracy.org\/fr\/press_coverage\/forum-sur-linformation-et-la-democratie-une-delegation-a-abidjan-pour-presenter-le-rapport\/#primaryimage"},"image":{"@id":"https:\/\/informationdemocracy.org\/fr\/press_coverage\/forum-sur-linformation-et-la-democratie-une-delegation-a-abidjan-pour-presenter-le-rapport\/#primaryimage"},"thumbnailUrl":"https:\/\/informationdemocracy.org\/wp-content\/uploads\/2025\/12\/86238-whatsapp-image-2023-04-27-at-101306.webp","datePublished":"2023-04-27T14:11:29+00:00","dateModified":"2025-12-16T10:27:47+00:00","breadcrumb":{"@id":"https:\/\/informationdemocracy.org\/fr\/press_coverage\/forum-sur-linformation-et-la-democratie-une-delegation-a-abidjan-pour-presenter-le-rapport\/#breadcrumb"},"inLanguage":"fr-FR","potentialAction":[{"@type":"ReadAction","target":["https:\/\/informationdemocracy.org\/fr\/press_coverage\/forum-sur-linformation-et-la-democratie-une-delegation-a-abidjan-pour-presenter-le-rapport\/"]}]},{"@type":"ImageObject","inLanguage":"fr-FR","@id":"https:\/\/informationdemocracy.org\/fr\/press_coverage\/forum-sur-linformation-et-la-democratie-une-delegation-a-abidjan-pour-presenter-le-rapport\/#primaryimage","url":"https:\/\/informationdemocracy.org\/wp-content\/uploads\/2025\/12\/86238-whatsapp-image-2023-04-27-at-101306.webp","contentUrl":"https:\/\/informationdemocracy.org\/wp-content\/uploads\/2025\/12\/86238-whatsapp-image-2023-04-27-at-101306.webp","width":1280,"height":853},{"@type":"BreadcrumbList","@id":"https:\/\/informationdemocracy.org\/fr\/press_coverage\/forum-sur-linformation-et-la-democratie-une-delegation-a-abidjan-pour-presenter-le-rapport\/#breadcrumb","itemListElement":[{"@type":"ListItem","position":1,"name":"Accueil","item":"https:\/\/informationdemocracy.org\/fr\/"},{"@type":"ListItem","position":2,"name":"Forum sur l\u2019information et la d\u00e9mocratie : une d\u00e9l\u00e9gation \u00e0 Abidjan pour pr\u00e9senter le rapport"}]},{"@type":"WebSite","@id":"https:\/\/informationdemocracy.org\/fr\/#website","url":"https:\/\/informationdemocracy.org\/fr\/","name":"Forum on Information & Democracy","description":"","publisher":{"@id":"https:\/\/informationdemocracy.org\/fr\/#organization"},"potentialAction":[{"@type":"SearchAction","target":{"@type":"EntryPoint","urlTemplate":"https:\/\/informationdemocracy.org\/fr\/?s={search_term_string}"},"query-input":{"@type":"PropertyValueSpecification","valueRequired":true,"valueName":"search_term_string"}}],"inLanguage":"fr-FR"},{"@type":"Organization","@id":"https:\/\/informationdemocracy.org\/fr\/#organization","name":"Forum on Information & Democracy","url":"https:\/\/informationdemocracy.org\/fr\/","logo":{"@type":"ImageObject","inLanguage":"fr-FR","@id":"https:\/\/informationdemocracy.org\/fr\/#\/schema\/logo\/image\/","url":"https:\/\/informationdemocracy.org\/wp-content\/uploads\/2025\/09\/Logo.svg","contentUrl":"https:\/\/informationdemocracy.org\/wp-content\/uploads\/2025\/09\/Logo.svg","width":168,"height":51,"caption":"Forum on Information & Democracy"},"image":{"@id":"https:\/\/informationdemocracy.org\/fr\/#\/schema\/logo\/image\/"},"sameAs":["https:\/\/www.linkedin.com\/company\/forum-information-democracy","https:\/\/www.youtube.com\/playlist?list=PL-yF0NqTYQU2B3I97oh3Dv2Dfevd8ThM_","https:\/\/www.instagram.com\/foruminformationdemocracy\/"]}]}},"_links":{"self":[{"href":"https:\/\/informationdemocracy.org\/fr\/wp-json\/wp\/v2\/press_coverage\/14841","targetHints":{"allow":["GET"]}}],"collection":[{"href":"https:\/\/informationdemocracy.org\/fr\/wp-json\/wp\/v2\/press_coverage"}],"about":[{"href":"https:\/\/informationdemocracy.org\/fr\/wp-json\/wp\/v2\/types\/press_coverage"}],"version-history":[{"count":1,"href":"https:\/\/informationdemocracy.org\/fr\/wp-json\/wp\/v2\/press_coverage\/14841\/revisions"}],"predecessor-version":[{"id":15072,"href":"https:\/\/informationdemocracy.org\/fr\/wp-json\/wp\/v2\/press_coverage\/14841\/revisions\/15072"}],"wp:featuredmedia":[{"embeddable":true,"href":"https:\/\/informationdemocracy.org\/fr\/wp-json\/wp\/v2\/media\/14831"}],"wp:attachment":[{"href":"https:\/\/informationdemocracy.org\/fr\/wp-json\/wp\/v2\/media?parent=14841"}],"wp:term":[{"taxonomy":"pays","embeddable":true,"href":"https:\/\/informationdemocracy.org\/fr\/wp-json\/wp\/v2\/pays?post=14841"}],"curies":[{"name":"wp","href":"https:\/\/api.w.org\/{rel}","templated":true}]}}